{"id":7363,"date":"2026-01-28T09:02:48","date_gmt":"2026-01-28T09:02:48","guid":{"rendered":"https:\/\/wp.pop-verlag.com\/?p=7363"},"modified":"2026-02-12T07:57:20","modified_gmt":"2026-02-12T07:57:20","slug":"adelheit-szekeresch-regentraenen","status":"publish","type":"post","link":"https:\/\/wp.pop-verlag.com\/?p=7363","title":{"rendered":"Adelheit Szekeresch: Regentr\u00e4nen"},"content":{"rendered":"<p><img loading=\"lazy\" decoding=\"async\" class=\"alignleft size-medium wp-image-7364\" src=\"https:\/\/wp.pop-verlag.com\/wp-content\/uploads\/2026\/01\/978-3-86356-430-8_B-205x300.jpg\" alt=\"\" width=\"205\" height=\"300\" srcset=\"https:\/\/wp.pop-verlag.com\/wp-content\/uploads\/2026\/01\/978-3-86356-430-8_B-205x300.jpg 205w, https:\/\/wp.pop-verlag.com\/wp-content\/uploads\/2026\/01\/978-3-86356-430-8_B-700x1024.jpg 700w, https:\/\/wp.pop-verlag.com\/wp-content\/uploads\/2026\/01\/978-3-86356-430-8_B-768x1124.jpg 768w, https:\/\/wp.pop-verlag.com\/wp-content\/uploads\/2026\/01\/978-3-86356-430-8_B-1049x1536.jpg 1049w, https:\/\/wp.pop-verlag.com\/wp-content\/uploads\/2026\/01\/978-3-86356-430-8_B-1399x2048.jpg 1399w, https:\/\/wp.pop-verlag.com\/wp-content\/uploads\/2026\/01\/978-3-86356-430-8_B.jpg 1654w\" sizes=\"auto, (max-width: 205px) 100vw, 205px\" \/> <img loading=\"lazy\" decoding=\"async\" class=\"alignleft size-medium wp-image-7365\" src=\"https:\/\/wp.pop-verlag.com\/wp-content\/uploads\/2026\/01\/978-3-86356-430-8_BuB-191x300.jpg\" alt=\"\" width=\"191\" height=\"300\" srcset=\"https:\/\/wp.pop-verlag.com\/wp-content\/uploads\/2026\/01\/978-3-86356-430-8_BuB-191x300.jpg 191w, https:\/\/wp.pop-verlag.com\/wp-content\/uploads\/2026\/01\/978-3-86356-430-8_BuB-652x1024.jpg 652w, https:\/\/wp.pop-verlag.com\/wp-content\/uploads\/2026\/01\/978-3-86356-430-8_BuB-768x1206.jpg 768w, https:\/\/wp.pop-verlag.com\/wp-content\/uploads\/2026\/01\/978-3-86356-430-8_BuB-978x1536.jpg 978w, https:\/\/wp.pop-verlag.com\/wp-content\/uploads\/2026\/01\/978-3-86356-430-8_BuB-1304x2048.jpg 1304w, https:\/\/wp.pop-verlag.com\/wp-content\/uploads\/2026\/01\/978-3-86356-430-8_BuB-scaled.jpg 1630w\" sizes=\"auto, (max-width: 191px) 100vw, 191px\" \/><a href=\"https:\/\/wp.pop-verlag.com\/?page_id=7359\">Adelheit Szekeresch<\/a>: <a href=\"https:\/\/wp.pop-verlag.com\/?p=7363\"><em>Regentr\u00e4nen<\/em><\/a>. Roman<br \/>\nLudwigsburg: Pop \u00b7 2026; Reihe Epik, Bd. 158, 540 S.; ISBN 978-3-86356-430-8;\u00a0 \u20ac[D] 29,90<\/p>\n<p>Liebe, Verlust und die Suche nach einem Neuanfang! Paul, der nach schwierigen Jahren im Elternhaus und einer schmerzhaften Trennung sein Leben neu ordnen muss, und Alina, die in einer von aufgezwungener Bevormundung und Gewalt gepr\u00e4gten Familie gefangen ist, k\u00e4mpfen mit ihrer Vergangenheit und den Herausforderungen eines re- pressiven Systems, w\u00e4hrend sie von Mut, Hoffnung und der Kraft der Liebe getragen werden.<br \/>\nDie Zerbrechlichkeit menschlicher Beziehungen, die Macht der Erinnerungen und die Suche nach Freiheit und Selbst- bestimmung werden in einer rasant erz\u00e4hlten Geschichte ausgeleuchtet, die den Leser bis zum letzten Satz fesselt: ein echtes Krimi-Drehbuch.<\/p>\n<p>Lieferbare Titel von Adelheit Szekeresch:<\/p>\n<p><em><strong><a href=\"https:\/\/traian.pop-verlag.com\/978-3-86356-067-6.htm\">&#8211; <\/a><\/strong><a href=\"https:\/\/traian.pop-verlag.com\/978-3-86356-067-6.htm\">Papierflugzeug<\/a>.<\/em> Roman. 562 S. ISBN: 978-3-86356-067-6. \u20ac[D] 21,99<\/p>\n<p>&#8211; <a href=\"https:\/\/wp.pop-verlag.com\/?p=7363\"><em>Regentr\u00e4nen<\/em><\/a>. Roman. Ludwigsburg: Pop \u00b7 2026; , 540 S.; ISBN 978-3-86356-430-8;\u00a0 \u20ac[D] 29,90<\/p>\n<p>&nbsp;<\/p>\n<p>&nbsp;<\/p>\n","protected":false},"excerpt":{"rendered":"<p>Adelheit Szekeresch: Regentr\u00e4nen. Roman Ludwigsburg: Pop \u00b7 2026; Reihe Epik, Bd. 158, 540 S.; ISBN 978-3-86356-430-8;\u00a0 \u20ac[D] 29,90 Liebe, Verlust und die Suche nach einem Neuanfang! Paul, der nach schwierigen Jahren im Elternhaus und einer schmerzhaften Trennung sein Leben neu &hellip; <a class=\"more-link\" href=\"https:\/\/wp.pop-verlag.com\/?p=7363\">Weiterlesen <span class=\"meta-nav\">&rarr;<\/span><\/a><\/p>\n","protected":false},"author":2,"featured_media":0,"comment_status":"closed","ping_status":"closed","sticky":false,"template":"","format":"standard","meta":{"_jetpack_memberships_contains_paid_content":false,"footnotes":""},"categories":[1408,21,20,9],"tags":[1398,214,1407,1406,1400,1401,361,1402,1403,1404,782,648,736,1399,366,244,351,1405,557],"class_list":["post-7363","post","type-post","status-publish","format-standard","hentry","category-e-erscheinungsjahr-2026","category-deutsch-rumaenische-literatur","category-deutsche-literatur","category-pop-epik","tag-adelheit-szekeresch","tag-banat","tag-banaterschwaben","tag-diktatur","tag-fluch","tag-flucht","tag-gefaengnis","tag-grenze","tag-jugoslawien","tag-kommunismus","tag-liebe","tag-literatur","tag-lugoj","tag-regentraenen","tag-roman","tag-rumaenien","tag-rumaeniendeutsche-literatur","tag-sozialismus","tag-temeswar"],"jetpack_sharing_enabled":true,"jetpack_featured_media_url":"","_links":{"self":[{"href":"https:\/\/wp.pop-verlag.com\/index.php?rest_route=\/wp\/v2\/posts\/7363","targetHints":{"allow":["GET"]}}],"collection":[{"href":"https:\/\/wp.pop-verlag.com\/index.php?rest_route=\/wp\/v2\/posts"}],"about":[{"href":"https:\/\/wp.pop-verlag.com\/index.php?rest_route=\/wp\/v2\/types\/post"}],"author":[{"embeddable":true,"href":"https:\/\/wp.pop-verlag.com\/index.php?rest_route=\/wp\/v2\/users\/2"}],"replies":[{"embeddable":true,"href":"https:\/\/wp.pop-verlag.com\/index.php?rest_route=%2Fwp%2Fv2%2Fcomments&post=7363"}],"version-history":[{"count":3,"href":"https:\/\/wp.pop-verlag.com\/index.php?rest_route=\/wp\/v2\/posts\/7363\/revisions"}],"predecessor-version":[{"id":7371,"href":"https:\/\/wp.pop-verlag.com\/index.php?rest_route=\/wp\/v2\/posts\/7363\/revisions\/7371"}],"wp:attachment":[{"href":"https:\/\/wp.pop-verlag.com\/index.php?rest_route=%2Fwp%2Fv2%2Fmedia&parent=7363"}],"wp:term":[{"taxonomy":"category","embeddable":true,"href":"https:\/\/wp.pop-verlag.com\/index.php?rest_route=%2Fwp%2Fv2%2Fcategories&post=7363"},{"taxonomy":"post_tag","embeddable":true,"href":"https:\/\/wp.pop-verlag.com\/index.php?rest_route=%2Fwp%2Fv2%2Ftags&post=7363"}],"curies":[{"name":"wp","href":"https:\/\/api.w.org\/{rel}","templated":true}]}}