{"id":7278,"date":"2025-10-12T04:32:09","date_gmt":"2025-10-12T04:32:09","guid":{"rendered":"https:\/\/wp.pop-verlag.com\/?p=7278"},"modified":"2025-10-13T10:48:30","modified_gmt":"2025-10-13T10:48:30","slug":"legst-du-dich-in-schrift-ilse-hehn-zeit-der-ebbe","status":"publish","type":"post","link":"https:\/\/wp.pop-verlag.com\/?p=7278","title":{"rendered":"Legst du dich in Schrift. Ilse Hehn. Zeit der Ebbe"},"content":{"rendered":"<p><img loading=\"lazy\" decoding=\"async\" class=\"alignleft size-medium wp-image-7281\" src=\"https:\/\/wp.pop-verlag.com\/wp-content\/uploads\/2025\/10\/978-3-86356-425-4_A_BuB-191x300.jpg\" alt=\"\" width=\"191\" height=\"300\" srcset=\"https:\/\/wp.pop-verlag.com\/wp-content\/uploads\/2025\/10\/978-3-86356-425-4_A_BuB-191x300.jpg 191w, https:\/\/wp.pop-verlag.com\/wp-content\/uploads\/2025\/10\/978-3-86356-425-4_A_BuB-652x1024.jpg 652w, https:\/\/wp.pop-verlag.com\/wp-content\/uploads\/2025\/10\/978-3-86356-425-4_A_BuB-768x1206.jpg 768w, https:\/\/wp.pop-verlag.com\/wp-content\/uploads\/2025\/10\/978-3-86356-425-4_A_BuB-978x1536.jpg 978w, https:\/\/wp.pop-verlag.com\/wp-content\/uploads\/2025\/10\/978-3-86356-425-4_A_BuB-1304x2048.jpg 1304w, https:\/\/wp.pop-verlag.com\/wp-content\/uploads\/2025\/10\/978-3-86356-425-4_A_BuB-scaled.jpg 1630w\" sizes=\"auto, (max-width: 191px) 100vw, 191px\" \/><img loading=\"lazy\" decoding=\"async\" class=\"alignleft size-medium wp-image-7282\" src=\"https:\/\/wp.pop-verlag.com\/wp-content\/uploads\/2025\/10\/978-3-86356-425-4_B-205x300.jpg\" alt=\"\" width=\"205\" height=\"300\" srcset=\"https:\/\/wp.pop-verlag.com\/wp-content\/uploads\/2025\/10\/978-3-86356-425-4_B-205x300.jpg 205w, https:\/\/wp.pop-verlag.com\/wp-content\/uploads\/2025\/10\/978-3-86356-425-4_B-700x1024.jpg 700w, https:\/\/wp.pop-verlag.com\/wp-content\/uploads\/2025\/10\/978-3-86356-425-4_B-768x1124.jpg 768w, https:\/\/wp.pop-verlag.com\/wp-content\/uploads\/2025\/10\/978-3-86356-425-4_B-1049x1536.jpg 1049w, https:\/\/wp.pop-verlag.com\/wp-content\/uploads\/2025\/10\/978-3-86356-425-4_B-1399x2048.jpg 1399w, https:\/\/wp.pop-verlag.com\/wp-content\/uploads\/2025\/10\/978-3-86356-425-4_B.jpg 1654w\" sizes=\"auto, (max-width: 205px) 100vw, 205px\" \/><strong><a href=\"http:\/\/wp.pop-verlag.com\/?page_id=579\">Ilse Hehn<\/a><\/strong><em> Legst du dich in Schrift. Ilse Hehn. Zeit der Ebbe. Eine Text und Bild-Auswahl von 1965 \u2013 2025.<\/em><\/p>\n<p>Reihe Lesezeichen Band 5, 624 Seiten, ISBN 978-3-86356-425-4, \u20ac[D]39,50<\/p>\n<p><em>Legst du dich in Schrift. Ilse Hehn. Zeit der Ebbe. Eine Text und Bild-Auswahl von 1965 \u2013 2025.<\/em><\/p>\n<p>Die Dichterin und bildende K\u00fcnstlerin Ilse Hehn \u2013 eine bei den Banater Schwaben seltene, wenn nicht einmalige Doppel- begabung \u2013 \u00fcberrascht immer wieder mit ihren originellen, ganz eigenwilligen B\u00fc- chern, die in keine g\u00e4ngige Schublade passen. Im Wettstreit erscheinen zuweilen Bilder und Texte in ihren reich bebilderten Publikationen. Malerei und Grafik, Collage und Fotografie wechseln einander ab, Gedichte und kurze Prosa f\u00fcgen sich ein. <em>Walter Engel<\/em><\/p>\n<p>In diesen mit verschiedenen k\u00fcnstlerisch gestalteten Bild-Texten vibriert das Wech- selverh\u00e4ltnis von Schrift und Sprache, von taktilen, auditiven und visuellen Schichten solange, bis die \u00dcberschreibungen in den Bildr\u00e4umen eine neue Lautschrift signali- sieren. Sie gr\u00e4bt sich in diese Bilder ein und verleiht ihnen eine in den deutsch- sprachigen Poesielandschaften ungew\u00f6hn- liche Aussagekraft. <em>Wolfgang Schlott<\/em><\/p>\n<p>Hat Hehn hier eine neue, h\u00f6here Stufe der Entwicklung zu ihren Thema \u201e\u00dcber- malungen\u201c erreicht? Denn hier bewegt sich das malerische Moment auf derselben Ebene wie die fotografische Vorlage. Hier geht es um Fl\u00e4che und r\u00e4umliche Wirkung des Bildes. Die Zeit ist ins Schweigen des Raumes zur\u00fcckgekehrt. <em>Peter Zwey<\/em><\/p>\n<p><em>\u00a0<\/em><strong>Lieferbare Titel von <a href=\"http:\/\/wp.pop-verlag.com\/?page_id=579\">Ilse Hehn<\/a>:<\/strong><\/p>\n<p>\u2022 <strong><a href=\"http:\/\/wp.pop-verlag.com\/?page_id=579\">Ilse Hehn<\/a><\/strong>: <a href=\"http:\/\/wp.pop-verlag.com\/?p=519\"><strong><em>Tage Ost \u2013 Wes<\/em>t<\/strong><\/a>. Gedichte und \u00dcberschreibungen,\u00a0ISBN 978-3-86356-104-8,\u00a0106 S., 17,80 \u20ac<\/p>\n<p>\u2022 <strong><a href=\"http:\/\/wp.pop-verlag.com\/?page_id=579\">Ilse Hehn<\/a><\/strong>: Roms Flair in flagranti, 42 S., ISBN 978-3-86356-284-7, \u20ac[D]19,90<\/p>\n<p>\u2022 <strong><a href=\"http:\/\/wp.pop-verlag.com\/?page_id=579\">Ilse Hehn<\/a><\/strong>: Diese Tage ohne Datum,\u00a0320S., ISBN 978-3-86356-353-0, \u20ac[D]23,00<\/p>\n<p>\u2022 Heidrun Hamersky, <strong><a href=\"http:\/\/wp.pop-verlag.com\/?page_id=579\">Ilse Hehn<\/a><\/strong>, Wolfgang Schlott (Hrsg.): Die Sehnsucht, die ist mir so leicht. Schreiben im Exil,\u00a0ISBN 978-3-86356-131-4, 282 S., 19,90 \u20ac<\/p>\n<p>\u2022 Johanna Anderka: Die Wirchlichkeit der Bilder. Gedichte. Mit eine Monotypie und ein Aquarell von <strong><a href=\"http:\/\/wp.pop-verlag.com\/?page_id=579\">Ilse Hehn,\u00a0<\/a><\/strong>\u00a068 S., ISBN: 978-3-86356-147-5, 14,50\u20ac<\/p>\n<p>\u2022 Anneliese Merkel: K\u00e4me ein Wort. Gedichte,\u00a0Mit vier Arbeiten von <strong><a href=\"http:\/\/wp.pop-verlag.com\/?page_id=579\">Ilse Hehn\u00a0<\/a><\/strong>ISBN: 978-3-86356-161-1, 72 S., 14,50\u20ac<\/p>\n<p>\u2022 Edith Ottschofski: im wohlklang unverhohlen. Gedichte. Mit bildnerischen Arbeiten von <strong><a href=\"http:\/\/wp.pop-verlag.com\/?page_id=579\">Ilse Hehn\u00a0<\/a><\/strong>ISBN: 978-3-86356-198-7, 144 S., \u20ac(D)16,50<\/p>\n<p>\u2022 Edith Ottschofski: saumselige ann\u00e4herung. Gedichte. Mit bildnerischen Arbeiten von <strong><a href=\"http:\/\/wp.pop-verlag.com\/?page_id=579\">Ilse Hehn,\u00a0<\/a><\/strong>ISBN: 978-3-86356-352-3, 144 S., \u20ac(D)16,50<\/p>\n<p>\u2022 Albert Bohn und Anton Sterbling (Hrsg.): Deportationen. Literarische Blick\u00adwinkel, | Albert Bohn | Rolf Bossert| Helmuth Frauendorfer | <strong><a href=\"http:\/\/wp.pop-verlag.com\/?page_id=579\">Ilse Hehn<\/a><\/strong>| Johann Lippet | Traian Pop Traian | Horst Samson | Hellmut Seiler | Anton Sterbling | Richard Wagner | Balthasar Waitz | 277 S., ISBN 978-3-86356-333-2, \u20ac[D]21,00<\/p>\n","protected":false},"excerpt":{"rendered":"<p>Ilse Hehn Legst du dich in Schrift. Ilse Hehn. Zeit der Ebbe. Eine Text und Bild-Auswahl von 1965 \u2013 2025. Reihe Lesezeichen Band 5, 624 Seiten, ISBN 978-3-86356-425-4, \u20ac[D]39,50 Legst du dich in Schrift. Ilse Hehn. Zeit der Ebbe. Eine &hellip; <a class=\"more-link\" href=\"https:\/\/wp.pop-verlag.com\/?p=7278\">Weiterlesen <span class=\"meta-nav\">&rarr;<\/span><\/a><\/p>\n","protected":false},"author":2,"featured_media":0,"comment_status":"closed","ping_status":"closed","sticky":false,"template":"","format":"standard","meta":{"_jetpack_memberships_contains_paid_content":false,"footnotes":""},"categories":[1190,21,211],"tags":[609,603,607,598,350,595,613,348,621,591,637,584,597,588,239,611,587,636,639,585,589,630,574,571,579,615,583,564,360,602,573,361,614,346,619,594,93,625,623,620,629,640,592,572,622,635,580,578,606,617,616,624,347,627,575,271,590,601,626,632,586,576,244,351,577,604,618,599,245,638,593,631,608,605,581,582,358,610,557,345,303,612,641,596,634,359,600,633,628],"class_list":["post-7278","post","type-post","status-publish","format-standard","hentry","category-e-erscheinungsjahr-2025","category-deutsch-rumaenische-literatur","category-p-pop-lesezeichen","tag-agrigent","tag-aegypten-kairo","tag-aegyptischer-fruehling","tag-amsterdam","tag-banater-schwaben","tag-beaune","tag-bei-messina-skylla-und-charybdis","tag-berner-zeitung","tag-bodensee","tag-bordeaux","tag-buettenpapier","tag-cap-frehel","tag-capri","tag-carnac","tag-ceausescu","tag-cefalu","tag-chapelle-du-penity-locronan","tag-collage-maisblatt","tag-collage-stroh","tag-cote-de-granit-rose","tag-cote-sauvage","tag-das-kolosseum","tag-die-loire","tag-diese-tage-ohne-datum","tag-dol-de-bretagne","tag-donaulurelei","tag-ebbe","tag-erfahrungen","tag-exil","tag-florenz-unter-dantes-verzinktem-lorbee","tag-frankreich","tag-gefaengnis","tag-heimat","tag-herta-mueller","tag-homer","tag-hospiz-hotel-dieu","tag-ilse-hehn","tag-insel-mainau","tag-insel-reichenau","tag-kafenion","tag-kapitol","tag-kunstbuch","tag-la-dune-du-pyla-arcachon","tag-lappland-varvinter","tag-meersburg-unterstadt","tag-monotypie","tag-mont-dol","tag-mont-saint-michel","tag-nekropole-von-beni-hassan-abu-simbel","tag-nordkap-insel-mageroey","tag-norwegen-noerdlich-des-polarkreises","tag-oberzell","tag-osteuropa","tag-palatin","tag-paris","tag-pop-verlag","tag-quiberon","tag-rannoch-moor-highlands-hull-zeebruegge","tag-rom","tag-roms-flair","tag-roscoff-drachenmaul-halbinsel-crozon","tag-rouen","tag-rumaenien","tag-rumaeniendeutsche-literatur","tag-saint-quen-rouen","tag-sakkara-grabstaette-des-kagemni","tag-samos","tag-schottland","tag-securitate","tag-selbstgeschoepft","tag-siegel","tag-sixtinische-kapelle","tag-sizilien-trinakria","tag-sonnengott-re","tag-st-malo","tag-strand-von-cancale","tag-suedosteuropa","tag-teatro-dei-pupi","tag-temeswar","tag-timisoara","tag-traian-pop","tag-trinakria","tag-uebermalung","tag-ulm","tag-venedig","tag-vergangenheit","tag-verwirrung-insel-skye","tag-via-appia-nuova","tag-wassertheater"],"jetpack_sharing_enabled":true,"jetpack_featured_media_url":"","_links":{"self":[{"href":"https:\/\/wp.pop-verlag.com\/index.php?rest_route=\/wp\/v2\/posts\/7278","targetHints":{"allow":["GET"]}}],"collection":[{"href":"https:\/\/wp.pop-verlag.com\/index.php?rest_route=\/wp\/v2\/posts"}],"about":[{"href":"https:\/\/wp.pop-verlag.com\/index.php?rest_route=\/wp\/v2\/types\/post"}],"author":[{"embeddable":true,"href":"https:\/\/wp.pop-verlag.com\/index.php?rest_route=\/wp\/v2\/users\/2"}],"replies":[{"embeddable":true,"href":"https:\/\/wp.pop-verlag.com\/index.php?rest_route=%2Fwp%2Fv2%2Fcomments&post=7278"}],"version-history":[{"count":2,"href":"https:\/\/wp.pop-verlag.com\/index.php?rest_route=\/wp\/v2\/posts\/7278\/revisions"}],"predecessor-version":[{"id":7283,"href":"https:\/\/wp.pop-verlag.com\/index.php?rest_route=\/wp\/v2\/posts\/7278\/revisions\/7283"}],"wp:attachment":[{"href":"https:\/\/wp.pop-verlag.com\/index.php?rest_route=%2Fwp%2Fv2%2Fmedia&parent=7278"}],"wp:term":[{"taxonomy":"category","embeddable":true,"href":"https:\/\/wp.pop-verlag.com\/index.php?rest_route=%2Fwp%2Fv2%2Fcategories&post=7278"},{"taxonomy":"post_tag","embeddable":true,"href":"https:\/\/wp.pop-verlag.com\/index.php?rest_route=%2Fwp%2Fv2%2Ftags&post=7278"}],"curies":[{"name":"wp","href":"https:\/\/api.w.org\/{rel}","templated":true}]}}