{"id":7225,"date":"2025-09-12T16:09:02","date_gmt":"2025-09-12T16:09:02","guid":{"rendered":"https:\/\/wp.pop-verlag.com\/?p=7225"},"modified":"2026-02-24T13:43:53","modified_gmt":"2026-02-24T13:43:53","slug":"dinu-flamand-mensch-mit-geschultertem-ruder","status":"publish","type":"post","link":"https:\/\/wp.pop-verlag.com\/?p=7225","title":{"rendered":"Dinu Flamand: Mensch mit geschultertem Ruder."},"content":{"rendered":"<p><img loading=\"lazy\" decoding=\"async\" class=\"alignleft size-medium wp-image-7250\" src=\"https:\/\/wp.pop-verlag.com\/wp-content\/uploads\/2025\/09\/978-3-86356-426-1_B-205x300.jpg\" alt=\"\" width=\"205\" height=\"300\" srcset=\"https:\/\/wp.pop-verlag.com\/wp-content\/uploads\/2025\/09\/978-3-86356-426-1_B-205x300.jpg 205w, https:\/\/wp.pop-verlag.com\/wp-content\/uploads\/2025\/09\/978-3-86356-426-1_B-700x1024.jpg 700w, https:\/\/wp.pop-verlag.com\/wp-content\/uploads\/2025\/09\/978-3-86356-426-1_B-768x1124.jpg 768w, https:\/\/wp.pop-verlag.com\/wp-content\/uploads\/2025\/09\/978-3-86356-426-1_B-1049x1536.jpg 1049w, https:\/\/wp.pop-verlag.com\/wp-content\/uploads\/2025\/09\/978-3-86356-426-1_B-1399x2048.jpg 1399w, https:\/\/wp.pop-verlag.com\/wp-content\/uploads\/2025\/09\/978-3-86356-426-1_B.jpg 1654w\" sizes=\"auto, (max-width: 205px) 100vw, 205px\" \/><img loading=\"lazy\" decoding=\"async\" class=\"alignleft size-medium wp-image-7251\" src=\"https:\/\/wp.pop-verlag.com\/wp-content\/uploads\/2025\/09\/978-3-86356-426-1_BuB-191x300.jpg\" alt=\"\" width=\"191\" height=\"300\" srcset=\"https:\/\/wp.pop-verlag.com\/wp-content\/uploads\/2025\/09\/978-3-86356-426-1_BuB-191x300.jpg 191w, https:\/\/wp.pop-verlag.com\/wp-content\/uploads\/2025\/09\/978-3-86356-426-1_BuB-652x1024.jpg 652w, https:\/\/wp.pop-verlag.com\/wp-content\/uploads\/2025\/09\/978-3-86356-426-1_BuB-768x1206.jpg 768w, https:\/\/wp.pop-verlag.com\/wp-content\/uploads\/2025\/09\/978-3-86356-426-1_BuB-978x1536.jpg 978w, https:\/\/wp.pop-verlag.com\/wp-content\/uploads\/2025\/09\/978-3-86356-426-1_BuB-1304x2048.jpg 1304w, https:\/\/wp.pop-verlag.com\/wp-content\/uploads\/2025\/09\/978-3-86356-426-1_BuB-scaled.jpg 1630w\" sizes=\"auto, (max-width: 191px) 100vw, 191px\" \/><a href=\"https:\/\/wp.pop-verlag.com\/?page_id=4939\">Dinu Flamand<\/a>: <a href=\"https:\/\/wp.pop-verlag.com\/?p=7225\"><em>Mensch mit geschultertem Ruder.<\/em> <\/a>Gedichte.\u00a0Aus dem Rum\u00e4nischen von Edith Konradt. Mit Illustrationen von <a href=\"https:\/\/wp.pop-verlag.com\/?page_id=7262\">Mircia Dumitrescu<\/a>. Reihe Lyrik Bd. 191, ISBN: 978-3-86356-426-1, 198 S., \u20ac[D]21,50<\/p>\r\n<p>Mensch mit geschultertem Ruder wurde von der Literaturkritik gefeiert und mit dem Preis der Rum\u00e4nischen Akademie f\u00fcr Poesie ausgezeichnet. Der Autor geht vom Mythos des Odysseus aus, dem weissagt wurde, dass er nach seiner R\u00fcckkehr nach Ithaka erneut aufbrechen und mit einem Ruder auf der Schulter bis in das Land eines Volkes gelangen w\u00fcrde, welches das Meer nicht kennt und glaubt, dass der Wanderer eine Schaufel zum Worfeln des Getreides auf der Schulter tr\u00e4gt. Dies ist die zentrale Metapher des Buches und symbolisiert die stete Lebensreise des Menschen ins Unbekannte, die uns neue Erfahrungen beschert und unseren Horizont st\u00e4ndig erweitert. Der geistige Aufbruch f\u00fchrt den Leser nicht allein in die Kindheitsgefilde des Autors, der annimmt, dass Odysseus bis nach Transsilvanien gelangt sein k\u00f6nnte, er bietet vielmehr einen Streifzug durch die gesamte Kulturgeschichte von der griechischen und r\u00f6mischen Antike \u00fcber die europ\u00e4ische Renaissance und Neuzeit bis nach Israel, Kolumbien und Mexiko, ja sogar China: Anhand herausragender Pers\u00f6nlichkeiten aus Literatur, Musik, bildender Kunst und Philosophie verhandelt der Autor, oft mit leicht ironischem Augenzwinkern, die Conditio humana als Chiffre der Unstetigkeit und Unbehaustheit. Marco Lucchesi, Autor, Polyglott und Leiter der Nationalbibliothek in Brasilia, betont: \u201eDinu ist eine der kraftvollsten Stimmen dieses Jahrhunderts. Sein Werk von beachtlicher Spannweite erneuert sich mit jeder Etappe.\u201c<\/p>\r\n<p>Lieferbare Titel von<\/p>\r\n<p><a href=\"https:\/\/wp.pop-verlag.com\/?page_id=4939\">Dinu Flamand<\/a>:<\/p>\r\n<p><a href=\"https:\/\/wp.pop-verlag.com\/?p=5084\">Zwischenfrost \/ Frigul intermediar<\/a>. Gedichte. Deutsch \/ Rum\u00e4nisch. Aus dem Rum\u00e4nischen von Edith Konradt. Reihe Lyrik Bd. 144, 273 S., ISBN 978-3-86356-299-1, \u20ac[D]19,50\u00a0<\/p>\r\n<p><em><a href=\"https:\/\/wp.pop-verlag.com\/?p=7225\">Mensch mit geschultertem Ruder<\/a>.<\/em> Gedichte.\u00a0Aus dem Rum\u00e4nischen von Edith Konradt. Mit Illustrationen von <a href=\"https:\/\/wp.pop-verlag.com\/?page_id=7262\">Mircia Dumitrescu<\/a>. Reihe Lyrik Bd. 191, ISBN: 978-3-86356-426-1, 198 S., \u20ac[D]21,50<\/p>\r\n\r\n<p>&nbsp;<\/p>\r\n","protected":false},"excerpt":{"rendered":"<p>Dinu Flamand: Mensch mit geschultertem Ruder. Gedichte.\u00a0Aus dem Rum\u00e4nischen von Edith Konradt. Mit Illustrationen von Mircia Dumitrescu. Reihe Lyrik Bd. 191, ISBN: 978-3-86356-426-1, 198 S., \u20ac[D]21,50 Mensch mit geschultertem Ruder wurde von der Literaturkritik gefeiert und mit dem Preis der &hellip; <a class=\"more-link\" href=\"https:\/\/wp.pop-verlag.com\/?p=7225\">Weiterlesen <span class=\"meta-nav\">&rarr;<\/span><\/a><\/p>\n","protected":false},"author":2,"featured_media":0,"comment_status":"closed","ping_status":"closed","sticky":false,"template":"","format":"standard","meta":{"_jetpack_memberships_contains_paid_content":false,"footnotes":""},"categories":[1190,23,22,8],"tags":[1254,1257,1256,1268,1269,1272,1273,1266,1270,1271,1267,1263,1259,1260,1255,1261,1258,1262,1264,271,830,1265],"class_list":["post-7225","post","type-post","status-publish","format-standard","hentry","category-e-erscheinungsjahr-2025","category-ost-suedosteuropaeische-literatur","category-rumaenische-literatur","category-pop-lyrik","tag-dinu-flamand","tag-edith-konradt-uebersetzungen","tag-gedichte-aus-rumaenien","tag-gedichte-ueber-exil","tag-gedichte-ueber-geschichte","tag-gedichte-ueber-kunst","tag-gedichte-ueber-menschlichkeit","tag-gedichte-ueber-mythologie","tag-gedichte-ueber-natur","tag-gedichte-ueber-philosophie","tag-literaturkritik-rumaenien","tag-lucian-blaga-preis","tag-lyrik-aus-transsilvanien","tag-lyrikreihe-pop-verlag","tag-mensch-mit-geschultertem-ruder","tag-mihai-eminescu-nationalpreis","tag-mircia-dumitrescu-illustrationen","tag-nichita-stanescu-preis","tag-nuevo-siglo-de-oro","tag-pop-verlag","tag-rumaenische-literatur","tag-tudor-arghezi-preis"],"jetpack_sharing_enabled":true,"jetpack_featured_media_url":"","_links":{"self":[{"href":"https:\/\/wp.pop-verlag.com\/index.php?rest_route=\/wp\/v2\/posts\/7225","targetHints":{"allow":["GET"]}}],"collection":[{"href":"https:\/\/wp.pop-verlag.com\/index.php?rest_route=\/wp\/v2\/posts"}],"about":[{"href":"https:\/\/wp.pop-verlag.com\/index.php?rest_route=\/wp\/v2\/types\/post"}],"author":[{"embeddable":true,"href":"https:\/\/wp.pop-verlag.com\/index.php?rest_route=\/wp\/v2\/users\/2"}],"replies":[{"embeddable":true,"href":"https:\/\/wp.pop-verlag.com\/index.php?rest_route=%2Fwp%2Fv2%2Fcomments&post=7225"}],"version-history":[{"count":5,"href":"https:\/\/wp.pop-verlag.com\/index.php?rest_route=\/wp\/v2\/posts\/7225\/revisions"}],"predecessor-version":[{"id":7415,"href":"https:\/\/wp.pop-verlag.com\/index.php?rest_route=\/wp\/v2\/posts\/7225\/revisions\/7415"}],"wp:attachment":[{"href":"https:\/\/wp.pop-verlag.com\/index.php?rest_route=%2Fwp%2Fv2%2Fmedia&parent=7225"}],"wp:term":[{"taxonomy":"category","embeddable":true,"href":"https:\/\/wp.pop-verlag.com\/index.php?rest_route=%2Fwp%2Fv2%2Fcategories&post=7225"},{"taxonomy":"post_tag","embeddable":true,"href":"https:\/\/wp.pop-verlag.com\/index.php?rest_route=%2Fwp%2Fv2%2Ftags&post=7225"}],"curies":[{"name":"wp","href":"https:\/\/api.w.org\/{rel}","templated":true}]}}