{"id":7115,"date":"2025-03-16T13:46:24","date_gmt":"2025-03-16T13:46:24","guid":{"rendered":"https:\/\/wp.pop-verlag.com\/?p=7115"},"modified":"2025-03-16T16:11:00","modified_gmt":"2025-03-16T16:11:00","slug":"robert-serban-techniken-der-tarnung-tehnici-de-camuflaj","status":"publish","type":"post","link":"https:\/\/wp.pop-verlag.com\/?p=7115","title":{"rendered":"Robert \u015eerban: Techniken der Tarnung \/ Tehnici de camuflaj"},"content":{"rendered":"<p><img loading=\"lazy\" decoding=\"async\" class=\"alignleft size-medium wp-image-7117\" src=\"https:\/\/wp.pop-verlag.com\/wp-content\/uploads\/2025\/03\/978-3-86356-415-5_B-205x300.jpg\" alt=\"\" width=\"205\" height=\"300\" srcset=\"https:\/\/wp.pop-verlag.com\/wp-content\/uploads\/2025\/03\/978-3-86356-415-5_B-205x300.jpg 205w, https:\/\/wp.pop-verlag.com\/wp-content\/uploads\/2025\/03\/978-3-86356-415-5_B-700x1024.jpg 700w, https:\/\/wp.pop-verlag.com\/wp-content\/uploads\/2025\/03\/978-3-86356-415-5_B-768x1124.jpg 768w, https:\/\/wp.pop-verlag.com\/wp-content\/uploads\/2025\/03\/978-3-86356-415-5_B-1049x1536.jpg 1049w, https:\/\/wp.pop-verlag.com\/wp-content\/uploads\/2025\/03\/978-3-86356-415-5_B-1399x2048.jpg 1399w, https:\/\/wp.pop-verlag.com\/wp-content\/uploads\/2025\/03\/978-3-86356-415-5_B.jpg 1654w\" sizes=\"auto, (max-width: 205px) 100vw, 205px\" \/> <img loading=\"lazy\" decoding=\"async\" class=\"alignleft size-medium wp-image-7118\" src=\"https:\/\/wp.pop-verlag.com\/wp-content\/uploads\/2025\/03\/978-3-86356-415-5_A_BuB-191x300.jpg\" alt=\"\" width=\"191\" height=\"300\" srcset=\"https:\/\/wp.pop-verlag.com\/wp-content\/uploads\/2025\/03\/978-3-86356-415-5_A_BuB-191x300.jpg 191w, https:\/\/wp.pop-verlag.com\/wp-content\/uploads\/2025\/03\/978-3-86356-415-5_A_BuB-652x1024.jpg 652w, https:\/\/wp.pop-verlag.com\/wp-content\/uploads\/2025\/03\/978-3-86356-415-5_A_BuB-768x1206.jpg 768w, https:\/\/wp.pop-verlag.com\/wp-content\/uploads\/2025\/03\/978-3-86356-415-5_A_BuB-978x1536.jpg 978w, https:\/\/wp.pop-verlag.com\/wp-content\/uploads\/2025\/03\/978-3-86356-415-5_A_BuB-1304x2048.jpg 1304w, https:\/\/wp.pop-verlag.com\/wp-content\/uploads\/2025\/03\/978-3-86356-415-5_A_BuB-scaled.jpg 1630w\" sizes=\"auto, (max-width: 191px) 100vw, 191px\" \/><\/p>\n<p><strong><a href=\"http:\/\/wp.pop-verlag.com\/?page_id=2647\">Robert \u015eerban<\/a>: <\/strong><a href=\"https:\/\/wp.pop-verlag.com\/?p=7115\">Techniken der Tarnung \/ Tehnici de camuflaj.<\/a> Gedichte. Deutsch\/Rum\u00e4nisch. Aus dem Rum\u00e4nischen \u00fcbersetzt von von Edith Konradt. Reihe Lyrik, Bd. 190, ISBN\u00a0 978-3-89356-415-5, 169 S., \u20ac[D]21,50<\/p>\n<p>Wenn wir vereinbaren k\u00f6nnten, dass gute Literatur eine Seele hat, dann w\u00e4re die Lyrik des rum\u00e4nischen Schriftstellers Robert \u0218erban ein sch\u00f6nes und herausragendes Beispiel daf\u00fcr. Der deutschsprachige Leser kann nun, dank dieser sprachlich pr\u00e4zisen und bilderreichen Gedichte, einen der wichtigsten Vertreter der rum\u00e4nischen Gegenwartsliteratur entdecken.<br \/>\n<em>C\u0103t\u0103lin Dorian Florescu<\/em><\/p>\n<p>Ein Gedichtband, der in seiner Unaufgeregtheit in die Zeit passt, der einen wohltuenden Wider- part zu den permanent heraufbeschworenen, \u00e4u\u00dferen Aufgeregtheiten im Leben drau\u00dfen bietet, denn das Aufregende dieser Dichtung erschlie\u00dft sich nur dem, der sich einl\u00e4sst auf<br \/>\ndie Gedichte, der sich ihnen stellt, sich mit ihnen auseinandersetzt. Die schlichte, sensible Sprache erleichtert Zug\u00e4nge, die Themen der Gedichte lassen Wiedererkennen und selbst Erlebtes heraufscheinen, die gekonnte Kom- bination von Ansprache und Anr\u00fchren der eigenen Erfahrungen des Lesers machen dieses Werk zu einem wertigen, weit \u00fcber den Tag hinausweisenden literarischen Beitrag hoher poetischer Qualit\u00e4t f\u00fcr uns alle.<br \/>\n<em>Uli Rothfuss<\/em><\/p>\n<p>Lieferbare Titel von <strong><a href=\"http:\/\/wp.pop-verlag.com\/?page_id=2647\">Robert \u015eerban<\/a><\/strong>:<\/p>\n<ul>\n<li>\u201c<strong><a href=\"http:\/\/wp.pop-verlag.com\/?p=402\">Heimkino, bei mir<\/a><\/strong>\u201d. Gedichte, aus dem Rum\u00e4nischen \u00fcbersetzt von Hellmut Seiler<br \/>\nMit einem Nachwort von <a href=\"http:\/\/wp.pop-verlag.com\/?page_id=2088\">Traian Pop Traian.<\/a>82 Seiten,\u00a0ISBN 978-3-937139-70-8. \u20ac[D]14,50<\/li>\n<li><strong><a href=\"http:\/\/wp.pop-verlag.com\/?p=2656\">\u201e<\/a>Heimkino, bei mir.\u201c<\/strong> Vorzugsausgabe. (Die Exemplare, von 1 bis 60 nummeriert, wurden auf Munken Print Cream 115g\/qm 1,8-faches Volumen Papier gedruckt \u2013 Umschlag: 250g\/qm SoporSet, Schutzumschlag: 160g\/qm SoporSet \u2013 und von Autor einzeln signiert.) Gedichte, aus dem Rum\u00e4nischen \u00fcbersetzt von Hellmut Seiler. Mit einem Nachwort von <a href=\"http:\/\/wp.pop-verlag.com\/?page_id=2088\">Traian Pop Traian.<\/a>82 Seiten,\u00a0ISBN 978-3-937139-71-5. \u20ac[D]30,00<\/li>\n<li><a href=\"http:\/\/wp.pop-verlag.com\/?p=2678\"><strong>\u201eFeintod\u201c<\/strong><\/a>. Gedichte, aus dem Rum\u00e4nischen \u00fcbersetzt von Gerhardt Csejka<br \/>\n94 Seiten,\u00a0ISBN 978-3-86356-167-3. \u20ac[D]16,50<\/li>\n<li><a href=\"https:\/\/wp.pop-verlag.com\/?p=3073\"><strong>Nah an der G\u00fcrtellinie. <\/strong><\/a>Gedichte. Aus dem Rum\u00e4nischen \u00fcbersetzt von Gerhardt Csejka<br \/>\nMit einem Nachwort von Uli Rothfuss. Pop Lyrik, ISBN 978-3-86356-211-3. 86 Seiten, \u20ac[D]16,50<\/li>\n<li><a href=\"https:\/\/wp.pop-verlag.com\/?p=3628\"><strong>Ein pl\u00f6tzlich erl\u00f6ster Gl\u00fccksritter<\/strong>.<\/a> Gedichte. Aus dem Rum\u00e4nischen \u00fcbersetzt von Gerhardt Csejka und Hellmut Seiler. Mit einem Vorwort von C\u0103t\u0103lin Dorian Florescu<br \/>\nOrpheus Reihe Band 10, ISBN 978-3-86356-212-0. 400 Seiten, \u20ac[D]29,00<\/li>\n<li><strong><a href=\"http:\/\/wp.pop-verlag.com\/?page_id=2647\">Robert \u015eerban<\/a>: <\/strong>T<a href=\"https:\/\/wp.pop-verlag.com\/?p=7115\">echniken der Tarnung \/ Tehnici de camuflaj.<\/a> Gedichte. Deutsch\/Rum\u00e4nisch. Aus dem Rum\u00e4nischen \u00fcbersetzt von von Edith Konradt. Reihe Lyrik, Bd. 190, ISBN 978-3-89356-415-5 , 169 S., \u20ac[D]21,50<\/li>\n<\/ul>\n","protected":false},"excerpt":{"rendered":"<p>Robert \u015eerban: Techniken der Tarnung \/ Tehnici de camuflaj. Gedichte. Deutsch\/Rum\u00e4nisch. Aus dem Rum\u00e4nischen \u00fcbersetzt von von Edith Konradt. Reihe Lyrik, Bd. 190, ISBN\u00a0 978-3-89356-415-5, 169 S., \u20ac[D]21,50 Wenn wir vereinbaren k\u00f6nnten, dass gute Literatur eine Seele hat, dann w\u00e4re &hellip; <a class=\"more-link\" href=\"https:\/\/wp.pop-verlag.com\/?p=7115\">Weiterlesen <span class=\"meta-nav\">&rarr;<\/span><\/a><\/p>\n","protected":false},"author":2,"featured_media":0,"comment_status":"closed","ping_status":"closed","sticky":false,"template":"","format":"standard","meta":{"_jetpack_memberships_contains_paid_content":false,"footnotes":""},"categories":[231,1190,23,22,228,8],"tags":[65,1205,1203,1202,271,168,1198,1199,1201,1204,1200],"class_list":["post-7115","post","type-post","status-publish","format-standard","hentry","category-e-erscheinungsjahr-2020","category-e-erscheinungsjahr-2025","category-ost-suedosteuropaeische-literatur","category-rumaenische-literatur","category-nova-litterae","category-pop-lyrik","tag-edith-konradt","tag-flit-festivalul-international-de-literatura-timisoara","tag-isbn-978-3-86356-415-5","tag-ludwigsburg","tag-pop-verlag","tag-robert-serban","tag-rumaenischer-schriftsteller-und-journalist","tag-timisoara-temeswar","tag-unterstuetzung-traduki-netzwerk","tag-veroeffentlichung-2025","tag-zweisprachige-ausgabe-deutsch-rumaenisch"],"jetpack_sharing_enabled":true,"jetpack_featured_media_url":"","_links":{"self":[{"href":"https:\/\/wp.pop-verlag.com\/index.php?rest_route=\/wp\/v2\/posts\/7115","targetHints":{"allow":["GET"]}}],"collection":[{"href":"https:\/\/wp.pop-verlag.com\/index.php?rest_route=\/wp\/v2\/posts"}],"about":[{"href":"https:\/\/wp.pop-verlag.com\/index.php?rest_route=\/wp\/v2\/types\/post"}],"author":[{"embeddable":true,"href":"https:\/\/wp.pop-verlag.com\/index.php?rest_route=\/wp\/v2\/users\/2"}],"replies":[{"embeddable":true,"href":"https:\/\/wp.pop-verlag.com\/index.php?rest_route=%2Fwp%2Fv2%2Fcomments&post=7115"}],"version-history":[{"count":5,"href":"https:\/\/wp.pop-verlag.com\/index.php?rest_route=\/wp\/v2\/posts\/7115\/revisions"}],"predecessor-version":[{"id":7137,"href":"https:\/\/wp.pop-verlag.com\/index.php?rest_route=\/wp\/v2\/posts\/7115\/revisions\/7137"}],"wp:attachment":[{"href":"https:\/\/wp.pop-verlag.com\/index.php?rest_route=%2Fwp%2Fv2%2Fmedia&parent=7115"}],"wp:term":[{"taxonomy":"category","embeddable":true,"href":"https:\/\/wp.pop-verlag.com\/index.php?rest_route=%2Fwp%2Fv2%2Fcategories&post=7115"},{"taxonomy":"post_tag","embeddable":true,"href":"https:\/\/wp.pop-verlag.com\/index.php?rest_route=%2Fwp%2Fv2%2Ftags&post=7115"}],"curies":[{"name":"wp","href":"https:\/\/api.w.org\/{rel}","templated":true}]}}