{"id":7101,"date":"2025-02-17T05:19:04","date_gmt":"2025-02-17T05:19:04","guid":{"rendered":"https:\/\/wp.pop-verlag.com\/?p=7101"},"modified":"2025-03-20T10:03:43","modified_gmt":"2025-03-20T10:03:43","slug":"ewart-reder-komisch-dass-wir-nicht-merken-dass-wir-komisch-sind","status":"publish","type":"post","link":"https:\/\/wp.pop-verlag.com\/?p=7101","title":{"rendered":"Ewart Reder: komisch, dass wir nicht merken, dass wir komisch sind"},"content":{"rendered":"<p><img loading=\"lazy\" decoding=\"async\" class=\"alignleft size-medium wp-image-7102\" src=\"https:\/\/wp.pop-verlag.com\/wp-content\/uploads\/2025\/02\/978-3-86356-414-8_A-205x300.jpg\" alt=\"\" width=\"205\" height=\"300\" srcset=\"https:\/\/wp.pop-verlag.com\/wp-content\/uploads\/2025\/02\/978-3-86356-414-8_A-205x300.jpg 205w, https:\/\/wp.pop-verlag.com\/wp-content\/uploads\/2025\/02\/978-3-86356-414-8_A-700x1024.jpg 700w, https:\/\/wp.pop-verlag.com\/wp-content\/uploads\/2025\/02\/978-3-86356-414-8_A-768x1124.jpg 768w, https:\/\/wp.pop-verlag.com\/wp-content\/uploads\/2025\/02\/978-3-86356-414-8_A-1049x1536.jpg 1049w, https:\/\/wp.pop-verlag.com\/wp-content\/uploads\/2025\/02\/978-3-86356-414-8_A-1399x2048.jpg 1399w, https:\/\/wp.pop-verlag.com\/wp-content\/uploads\/2025\/02\/978-3-86356-414-8_A.jpg 1654w\" sizes=\"auto, (max-width: 205px) 100vw, 205px\" \/> <img loading=\"lazy\" decoding=\"async\" class=\"alignleft size-medium wp-image-7103\" src=\"https:\/\/wp.pop-verlag.com\/wp-content\/uploads\/2025\/02\/978-3-86356-414-8_B-205x300.jpg\" alt=\"\" width=\"205\" height=\"300\" srcset=\"https:\/\/wp.pop-verlag.com\/wp-content\/uploads\/2025\/02\/978-3-86356-414-8_B-205x300.jpg 205w, https:\/\/wp.pop-verlag.com\/wp-content\/uploads\/2025\/02\/978-3-86356-414-8_B-700x1024.jpg 700w, https:\/\/wp.pop-verlag.com\/wp-content\/uploads\/2025\/02\/978-3-86356-414-8_B-768x1124.jpg 768w, https:\/\/wp.pop-verlag.com\/wp-content\/uploads\/2025\/02\/978-3-86356-414-8_B-1049x1536.jpg 1049w, https:\/\/wp.pop-verlag.com\/wp-content\/uploads\/2025\/02\/978-3-86356-414-8_B-1399x2048.jpg 1399w, https:\/\/wp.pop-verlag.com\/wp-content\/uploads\/2025\/02\/978-3-86356-414-8_B.jpg 1654w\" sizes=\"auto, (max-width: 205px) 100vw, 205px\" \/><a href=\"https:\/\/wp.pop-verlag.com\/?page_id=5733\">Ewart Reder<\/a>, <a href=\"https:\/\/wp.pop-verlag.com\/?p=7101\">komisch, dass wir nicht merken, dass wir komisch sind.Possen und Glossen. Mit f\u00fcnfzehn Zeichnungen und Aquarellen des Autors.<\/a> Reihe Fragmentarium, Bd. 32, ISBN <span class=\"readonlyText\">978-3-86356-414-8, 288 Seiten,\u20ac[D]<\/span> 23,00<\/p>\n<p>Ein Buch voll mit Comedy legt Ewart Reder auf den Ladentisch. Kolumnen f\u00fcr die Frankfurter Rundschau und andere Zeitungen stehen neben Satiren und Kurzgeschichten, die in Zeitschriften ver\u00f6ffentlicht und mitunter pr\u00e4miert wurden. Hier sprechen Handschuhe, Geschirr- sp\u00fcler, St\u00e4dte, ein ganzer Planet. Einige Kolumnen durchfliegt eine Drohne, die die Wahrheit kennt, auch die Gedanken. Andere Glossen formulieren Distanzen, unter anderem zu Kartoffeln, Poetry-Slams und Herrenabenden. Wild wird es in den Geschichten. Ein Jugendlicher, der nie aus seinem Zimmer kommt, betr\u00fcgt in Wahrheit seine Eltern mit einer Zweitfamilie. Jim Morrison stirbt mit achtundsiebzig in Rom,<br \/>\nnachdem er seinen \u201eTod\u201c in einer Pariser Badewanne 1971 als biographischen Tauchgang geoutet hat.<br \/>\nSchnall dich an, hier kommt ein Buch wie ein Freizeitpark. Nur billiger.<\/p>\n<p>Von kaum einem lie\u00dfe ich mich lieber zutexten als von Ewart Reder. Dieses Buch ist sehr komisch! Wenn das nicht komisch ist, was dann?<br \/>\n<em>Heiko Werning (Titanic)<\/em><\/p>\n<p>wart Reder schreibt spritzig, er schwafelt nicht. Seine Schilderungen atmen, sie verf\u00fcgen \u00fcber eigenes Leben, pulsieren von Zeile zu Zeile, was f\u00fcr Kurzweil sorgt. Solche B\u00fccher brauchen wir in diesen Tagen!<br \/>\n<em>N\u00fcrnberger Nachrichten<\/em><\/p>\n<p>Ewart Reders Kurzprosa ist fesselnd, saugt einen beim Lesen auf. Reder beherrscht diese Kunst vorz\u00fcglich.<br \/>\n<em>Main-Echo, Aschaffenburg<\/em><\/p>\n<p>Ewart Reder sucht die Facetten des Lebens. Ein Erz\u00e4hler der gro\u00dfen Dinge.<br \/>\n<em>Frankfurter Rundschau<\/em><\/p>\n<p>Prall voller Realit\u00e4t aus vielen verschiedenen Milieus und Lebenslagen \u2013 dieser Autor ist es wert, dringend empfohlen zu werden.<br \/>\n<em>Ossietzky<\/em><\/p>\n<p><a href=\"https:\/\/wp.pop-verlag.com\/?page_id=5733\">Ewart Reder<\/a><br \/>\nB\u00fccher im Pop Verlag:<\/p>\n<p>\u2022 <a href=\"https:\/\/wp.pop-verlag.com\/?p=5725\">Die hinteren Kapitel der Ber\u00fchrung<\/a>. Gedichte.<br \/>\nISBN 978-3-86356-326-4, 201 S., \u20ac[D]18,50<\/p>\n<p>\u2022 <a href=\"https:\/\/wp.pop-verlag.com\/?p=7101\">komisch, dass wir nicht merken, dass wir<\/a><br \/>\nkomisch sind. Possen und Glossen. Mit f\u00fcnfzehn Zeichnungen und Aquarellen<br \/>\ndes Autors.<br \/>\nISBN 978-3-86356-414-8, 288 S., \u20ac[D]23,00<\/p>\n","protected":false},"excerpt":{"rendered":"<p>Ewart Reder, komisch, dass wir nicht merken, dass wir komisch sind.Possen und Glossen. Mit f\u00fcnfzehn Zeichnungen und Aquarellen des Autors. Reihe Fragmentarium, Bd. 32, ISBN 978-3-86356-414-8, 288 Seiten,\u20ac[D] 23,00 Ein Buch voll mit Comedy legt Ewart Reder auf den Ladentisch. &hellip; <a class=\"more-link\" href=\"https:\/\/wp.pop-verlag.com\/?p=7101\">Weiterlesen <span class=\"meta-nav\">&rarr;<\/span><\/a><\/p>\n","protected":false},"author":2,"featured_media":0,"comment_status":"closed","ping_status":"closed","sticky":false,"template":"","format":"standard","meta":{"_jetpack_memberships_contains_paid_content":false,"footnotes":""},"categories":[209,204,1190,20,29],"tags":[643,1018,556,648,1196,1197,1195,1194,271,303],"class_list":["post-7101","post","type-post","status-publish","format-standard","hentry","category-e-erscheinungsjahr-2017","category-e-erscheinungsjahr-2016","category-e-erscheinungsjahr-2025","category-deutsche-literatur","category-fragmentarium-sammlung","tag-berlin","tag-ewart-reder","tag-frankfurt","tag-literatur","tag-literaturkonsum","tag-literaturkritik","tag-literaturpaedagogen","tag-maintal","tag-pop-verlag","tag-traian-pop"],"jetpack_sharing_enabled":true,"jetpack_featured_media_url":"","_links":{"self":[{"href":"https:\/\/wp.pop-verlag.com\/index.php?rest_route=\/wp\/v2\/posts\/7101","targetHints":{"allow":["GET"]}}],"collection":[{"href":"https:\/\/wp.pop-verlag.com\/index.php?rest_route=\/wp\/v2\/posts"}],"about":[{"href":"https:\/\/wp.pop-verlag.com\/index.php?rest_route=\/wp\/v2\/types\/post"}],"author":[{"embeddable":true,"href":"https:\/\/wp.pop-verlag.com\/index.php?rest_route=\/wp\/v2\/users\/2"}],"replies":[{"embeddable":true,"href":"https:\/\/wp.pop-verlag.com\/index.php?rest_route=%2Fwp%2Fv2%2Fcomments&post=7101"}],"version-history":[{"count":4,"href":"https:\/\/wp.pop-verlag.com\/index.php?rest_route=\/wp\/v2\/posts\/7101\/revisions"}],"predecessor-version":[{"id":7113,"href":"https:\/\/wp.pop-verlag.com\/index.php?rest_route=\/wp\/v2\/posts\/7101\/revisions\/7113"}],"wp:attachment":[{"href":"https:\/\/wp.pop-verlag.com\/index.php?rest_route=%2Fwp%2Fv2%2Fmedia&parent=7101"}],"wp:term":[{"taxonomy":"category","embeddable":true,"href":"https:\/\/wp.pop-verlag.com\/index.php?rest_route=%2Fwp%2Fv2%2Fcategories&post=7101"},{"taxonomy":"post_tag","embeddable":true,"href":"https:\/\/wp.pop-verlag.com\/index.php?rest_route=%2Fwp%2Fv2%2Ftags&post=7101"}],"curies":[{"name":"wp","href":"https:\/\/api.w.org\/{rel}","templated":true}]}}