{"id":7093,"date":"2025-02-06T14:52:12","date_gmt":"2025-02-06T14:52:12","guid":{"rendered":"https:\/\/wp.pop-verlag.com\/?p=7093"},"modified":"2025-03-16T14:12:54","modified_gmt":"2025-03-16T14:12:54","slug":"horst-samson-das-imaginaere-und-unsere-anwesenheit-darin-2-auflage","status":"publish","type":"post","link":"https:\/\/wp.pop-verlag.com\/?p=7093","title":{"rendered":"Horst Samson: Das Imagin\u00e4re und unsere Anwesenheit darin, 2. Auflage"},"content":{"rendered":"<p><img loading=\"lazy\" decoding=\"async\" class=\"alignleft size-medium wp-image-7094\" src=\"https:\/\/wp.pop-verlag.com\/wp-content\/uploads\/2025\/02\/978-3-86356-097-3_A-205x300.jpg\" alt=\"\" width=\"205\" height=\"300\" srcset=\"https:\/\/wp.pop-verlag.com\/wp-content\/uploads\/2025\/02\/978-3-86356-097-3_A-205x300.jpg 205w, https:\/\/wp.pop-verlag.com\/wp-content\/uploads\/2025\/02\/978-3-86356-097-3_A-700x1024.jpg 700w, https:\/\/wp.pop-verlag.com\/wp-content\/uploads\/2025\/02\/978-3-86356-097-3_A-768x1124.jpg 768w, https:\/\/wp.pop-verlag.com\/wp-content\/uploads\/2025\/02\/978-3-86356-097-3_A-1049x1536.jpg 1049w, https:\/\/wp.pop-verlag.com\/wp-content\/uploads\/2025\/02\/978-3-86356-097-3_A-1399x2048.jpg 1399w, https:\/\/wp.pop-verlag.com\/wp-content\/uploads\/2025\/02\/978-3-86356-097-3_A.jpg 1654w\" sizes=\"auto, (max-width: 205px) 100vw, 205px\" \/> <img loading=\"lazy\" decoding=\"async\" class=\"alignleft size-medium wp-image-7095\" src=\"https:\/\/wp.pop-verlag.com\/wp-content\/uploads\/2025\/02\/978-3-86356-097-3_B-205x300.jpg\" alt=\"\" width=\"205\" height=\"300\" srcset=\"https:\/\/wp.pop-verlag.com\/wp-content\/uploads\/2025\/02\/978-3-86356-097-3_B-205x300.jpg 205w, https:\/\/wp.pop-verlag.com\/wp-content\/uploads\/2025\/02\/978-3-86356-097-3_B-700x1024.jpg 700w, https:\/\/wp.pop-verlag.com\/wp-content\/uploads\/2025\/02\/978-3-86356-097-3_B-768x1124.jpg 768w, https:\/\/wp.pop-verlag.com\/wp-content\/uploads\/2025\/02\/978-3-86356-097-3_B-1049x1536.jpg 1049w, https:\/\/wp.pop-verlag.com\/wp-content\/uploads\/2025\/02\/978-3-86356-097-3_B-1399x2048.jpg 1399w, https:\/\/wp.pop-verlag.com\/wp-content\/uploads\/2025\/02\/978-3-86356-097-3_B.jpg 1654w\" sizes=\"auto, (max-width: 205px) 100vw, 205px\" \/>Horst Samson &#8222;Das Imagin\u00e4re und unsere Anwesenheit darin&#8220;, Pop Verlag 2014, (2. Auflage 2025) Reihe Lyrik Bd. 70, ISBN 978-3-86356-097-3, \u20ac[D]19,90<\/p>\n<p>Die erste Auflage des im Pop Verlag 2024 erschienenen Lyrikbandes von Horst Samson \u201eDas Imagin\u00e4re und unsere Anwesenheit darin\u201c ist vergriffen, aber die zweite Auflage des Bandes ist weiterhin beim Verlag und ab sofort im Buchhandel erh\u00e4ltlich.<\/p>\n<p>Der Band umfasst auf 180 Seiten 134 Gedichte aus zwei Jahrzehnten. Sprachm\u00e4chtig und in h\u00f6chster technischer Brillianz und Pr\u00e4zision schreibt Horst Samson Weltlyrik \u2013 authentische, unverwechselbare und ausdrucksstarke Gedichte, die in der deutschen und internationalen Lyriklandschaft Findlinge von eigenst\u00e4ndigem literarischem und \u00e4sthetischem Wert darstellen.<\/p>\n<p>Horst Samson, 1954, ein w\u00e4hrend der Deportation seiner Eltern im kommunistischen Rum\u00e4nien geborener Dichter, der wie die Nobelpreistr\u00e4gerin f\u00fcr Literatur von 2009, Herta M\u00fcller, aus dem Umfeld der \u201eAktionsgruppe Banat\u201c kommt, war von 2006 bis 2014 Generalsekret\u00e4r des &#8222;Internationalen Exil-P.E.N. &#8211; Sektion deutschsprachige L\u00e4nder&#8220;. Er weitet &#8222;den Begriff der Auswanderung aus, spricht anklagend von Exil, von ,Niemandlingen&#8216;, die nicht allein das Land ihrer Tr\u00e4ume, sondern auch die Bitternis der Fremdheit erleben. \u00dcberall tr\u00e4gt der Entwurzelte das Gep\u00e4ck der Erinnerungen mit sich. Sie speisen die Imagination bei der emotionalen Naturbegegnung \u2013 kein anderer rum\u00e4niendeutscher Autor hat solch tiefgr\u00fcndige Meeres-Lyrik geschrieben wie er! \u2013, generieren das ,Imagin\u00e4re\u2018, in dem sich der Dichter bei seinen Erkundungen an vielen Orten fast bis ,ans Ende der Welt\u2018 bewegt \u2026 Unrast ist des Dichters st\u00e4ndiger Begleiter, auch in den Gedichten \u00fcber Liebe und Tod, \u00fcber Sch\u00f6nheit und Verfall, Verg\u00e4nglichkeit und Trauer. Nicht zuletzt im Spannungsverh\u00e4ltnis zur Sprache: das Wort als Wunder und Freund, aber auch als Gefahr und Schmerz. Horst Samson ist eben ein Dichter unserer Zeit. \u2026 Man lasse sich nicht t\u00e4uschen von den zahllosen Anspielungen auf gro\u00dfe Literatur, darunter auf die Bibel oder auf klassische Gedichtformen wie Ode, Elegie und Sonett, gar auf das Vaterunser. Es sind keine \u00e4u\u00dferlichen Bildungselemente, eher zeitgem\u00e4\u00dfe bzw. originelle Verfremdungen, inspirierende Anverwandlung. Horst Samsons freie Rhythmen b\u00fcrsten die Metrik und Syntax gleichsam gegen den Strich\u201c, urteilt der Literaturkritiker und Literaturhistoriker Dr. Walter Engel. \u201eSoweit einige Eckdaten, die ein Schlaglicht auf den politischen Hintergrund des Autors werfen, mit denen man vielleicht einige inhaltliche Positionen, die in den Gedichten aufscheinen, begreifen und begr\u00fcnden kann, und auch die Sprachskepsis, die sie durchweht. Nicht begr\u00fcnden kann man damit allerdings die handwerkliche Brillanz, mit der die Texte gearbeitet sind. Die Arbeit mit Vers und Satz ist zuweilen filigran und hart zugleich, als wollte die Kunst gegen die Bedeutung ank\u00e4mpfen, die das Wort im Gebrauch angenommen hat. Es ist Sprachrettung, die hier betrieben wird\u201c, erkl\u00e4rt der Literaturkritiker und Lyriker Jan Kuhlbrodt.<\/p>\n<p>Horst Samson im POP-Verlag:<\/p>\n<p>\u2022 <a href=\"https:\/\/wp.pop-verlag.com\/?p=164\">Und wenn du willst, vergiss<\/a>. Gedichte.<br \/>ISBN 978-3-937139-92-0, \u20ac[D]14,90<\/p>\n<p>\u2022 <a href=\"https:\/\/wp.pop-verlag.com\/?p=146\">Kein Schweigen bleibt ungeh\u00f6rt<\/a><br \/>ISBN 978-3-86356-055-3, \u20ac[D]14,99<\/p>\n<p>\u2022 <a href=\"https:\/\/wp.pop-verlag.com\/?p=7093\">Das Imagin\u00e4re und unsere Anwesenheit darin<\/a><br \/>ISBN 978-3-86356-097-3, \u20ac[D]19,90<\/p>\n<p>\u2022 <a href=\"https:\/\/wp.pop-verlag.com\/?p=941\">Heimat \u2013 gerettete Zunge<\/a>. Visionen und Fiktionen deutsch-<br \/>sprachiger Autoren aus Rum\u00e4nien, Horst Samson (Hrsg.)<br \/>ISBN 978-3-86356-051-5, \u20ac [D] 25,00<\/p>\n<p>\u2022 Horst Samson &amp; Anton Sterbling (Hrsg.): <a href=\"https:\/\/wp.pop-verlag.com\/?p=2670\">Die Sprache, die<\/a><br \/>auf das Nichts folgt, die kennen wir nicht. S\u00e4tze und Texte f\u00fcr Richard Wagner. ISBN 978-3-86356-174-1, \u20ac[D] 23,00<\/p>\n<p>\u2022 <a href=\"https:\/\/wp.pop-verlag.com\/?p=4143\">Heimat als Versuchung \u2013 Das nackte Leben<\/a>. Literarisches<br \/>Lesebuch \u2013 Gedichte, Prosa, Essays, Literaturkritiken,<br \/>Interviews. ISBN 978-3-86356-263-2, \u20ac[D]25,90<\/p>\n<p>\u2022 <a href=\"https:\/\/wp.pop-verlag.com\/?p=4596\">Das Meer im Rausch<\/a>. Gedichte und Bilder.<br \/>ISBN 978-3-86356-285-4, \u20ac[D]19,90<\/p>\n<p>\u2022 <a href=\"https:\/\/wp.pop-verlag.com\/?p=5884\">In der Sprache brennt noch Licht<\/a>. Gedichte.<br \/>ISBN 978-3-86356-337-0, \u20ac[D]19,90<\/p>\n<p>\u2022 <a href=\"https:\/\/wp.pop-verlag.com\/?p=6388\">die bewegung der antillen unter der sch\u00e4deldecke.<\/a><br \/>junge rum\u00e4niendeutsche lyrik zwischen 1975 und 1980. Eine (historische) Anthologie herausgegeben von Walter Fromm. Gedichte von Richard Wagner | Werner S\u00f6llner | Rolf Bossert | Franz Hodjak | William Totok | Hellmut Seiler | Klaus Hensel | Horst Samson | Helmut Britz | Johann Lippet<br \/>ISBN 978-3-86356-350-9, \u20ac[D] 23,00<\/p>\n<p>\u2022 <a href=\"https:\/\/wp.pop-verlag.com\/?p=6137\">Der Tod ist noch am Leben<\/a>. Gedichte. Mit 23 Zeichnungen<br \/>von Gert Fabritius. ISBN 978-3-86356-355-4, \u20ac[D]23,00<\/p>\n\n\n<p><\/p>\n","protected":false},"excerpt":{"rendered":"<p>Horst Samson &#8222;Das Imagin\u00e4re und unsere Anwesenheit darin&#8220;, Pop Verlag 2014, (2. Auflage 2025) Reihe Lyrik Bd. 70, ISBN 978-3-86356-097-3, \u20ac[D]19,90 Die erste Auflage des im Pop Verlag 2024 erschienenen Lyrikbandes von Horst Samson \u201eDas Imagin\u00e4re und unsere Anwesenheit darin\u201c &hellip; <a class=\"more-link\" href=\"https:\/\/wp.pop-verlag.com\/?p=7093\">Weiterlesen <span class=\"meta-nav\">&rarr;<\/span><\/a><\/p>\n","protected":false},"author":2,"featured_media":0,"comment_status":"closed","ping_status":"closed","sticky":false,"template":"","format":"standard","meta":{"_jetpack_memberships_contains_paid_content":false,"footnotes":""},"categories":[207,209,212,204,217,1190,219,21,20,205,206,210,211,8],"tags":[349,435,214,560,239,554,405,556,555,346,553,552,347,271,213,244,245,247,561,562,345,563],"class_list":["post-7093","post","type-post","status-publish","format-standard","hentry","category-e-erscheinungsjahr-2004","category-e-erscheinungsjahr-2017","category-e-erscheinungsjahr-2018","category-e-erscheinungsjahr-2016","category-e-erscheinungsjahr-2019","category-e-erscheinungsjahr-2025","category-albanische-literatur","category-deutsch-rumaenische-literatur","category-deutsche-literatur","category-sorbische-literatur","category-leseprobe","category-p-kids","category-p-pop-lesezeichen","category-pop-lyrik","tag-aktionsgruppe-banat","tag-auswanderung","tag-banat","tag-baragan","tag-ceausescu","tag-dacia","tag-deportationen","tag-frankfurt","tag-hanau","tag-herta-mueller","tag-kriterion","tag-neuer-weg","tag-osteuropa","tag-pop-verlag","tag-richard-wagner","tag-rumaenien","tag-securitate","tag-siebenbuergen","tag-ss","tag-teremia","tag-timisoara","tag-traian-pop-rumaenien"],"jetpack_sharing_enabled":true,"jetpack_featured_media_url":"","_links":{"self":[{"href":"https:\/\/wp.pop-verlag.com\/index.php?rest_route=\/wp\/v2\/posts\/7093","targetHints":{"allow":["GET"]}}],"collection":[{"href":"https:\/\/wp.pop-verlag.com\/index.php?rest_route=\/wp\/v2\/posts"}],"about":[{"href":"https:\/\/wp.pop-verlag.com\/index.php?rest_route=\/wp\/v2\/types\/post"}],"author":[{"embeddable":true,"href":"https:\/\/wp.pop-verlag.com\/index.php?rest_route=\/wp\/v2\/users\/2"}],"replies":[{"embeddable":true,"href":"https:\/\/wp.pop-verlag.com\/index.php?rest_route=%2Fwp%2Fv2%2Fcomments&post=7093"}],"version-history":[{"count":3,"href":"https:\/\/wp.pop-verlag.com\/index.php?rest_route=\/wp\/v2\/posts\/7093\/revisions"}],"predecessor-version":[{"id":7099,"href":"https:\/\/wp.pop-verlag.com\/index.php?rest_route=\/wp\/v2\/posts\/7093\/revisions\/7099"}],"wp:attachment":[{"href":"https:\/\/wp.pop-verlag.com\/index.php?rest_route=%2Fwp%2Fv2%2Fmedia&parent=7093"}],"wp:term":[{"taxonomy":"category","embeddable":true,"href":"https:\/\/wp.pop-verlag.com\/index.php?rest_route=%2Fwp%2Fv2%2Fcategories&post=7093"},{"taxonomy":"post_tag","embeddable":true,"href":"https:\/\/wp.pop-verlag.com\/index.php?rest_route=%2Fwp%2Fv2%2Ftags&post=7093"}],"curies":[{"name":"wp","href":"https:\/\/api.w.org\/{rel}","templated":true}]}}