{"id":7073,"date":"2025-01-28T06:41:18","date_gmt":"2025-01-28T06:41:18","guid":{"rendered":"https:\/\/wp.pop-verlag.com\/?p=7073"},"modified":"2025-01-28T07:18:09","modified_gmt":"2025-01-28T07:18:09","slug":"barbara-zeizinger-leben-in-etagen","status":"publish","type":"post","link":"https:\/\/wp.pop-verlag.com\/?p=7073","title":{"rendered":"Barbara Zeizinger:\u00a0 Leben in Etagen"},"content":{"rendered":"<p><img loading=\"lazy\" decoding=\"async\" class=\"alignleft size-medium wp-image-7074\" src=\"https:\/\/wp.pop-verlag.com\/wp-content\/uploads\/2025\/01\/978-3-86356-408-7_A-205x300.jpg\" alt=\"\" width=\"205\" height=\"300\" srcset=\"https:\/\/wp.pop-verlag.com\/wp-content\/uploads\/2025\/01\/978-3-86356-408-7_A-205x300.jpg 205w, https:\/\/wp.pop-verlag.com\/wp-content\/uploads\/2025\/01\/978-3-86356-408-7_A-700x1024.jpg 700w, https:\/\/wp.pop-verlag.com\/wp-content\/uploads\/2025\/01\/978-3-86356-408-7_A-768x1124.jpg 768w, https:\/\/wp.pop-verlag.com\/wp-content\/uploads\/2025\/01\/978-3-86356-408-7_A-1049x1536.jpg 1049w, https:\/\/wp.pop-verlag.com\/wp-content\/uploads\/2025\/01\/978-3-86356-408-7_A-1399x2048.jpg 1399w, https:\/\/wp.pop-verlag.com\/wp-content\/uploads\/2025\/01\/978-3-86356-408-7_A.jpg 1654w\" sizes=\"auto, (max-width: 205px) 100vw, 205px\" \/> <img loading=\"lazy\" decoding=\"async\" class=\"alignleft size-medium wp-image-7075\" src=\"https:\/\/wp.pop-verlag.com\/wp-content\/uploads\/2025\/01\/978-3-86356-408-7_B-205x300.jpg\" alt=\"\" width=\"205\" height=\"300\" srcset=\"https:\/\/wp.pop-verlag.com\/wp-content\/uploads\/2025\/01\/978-3-86356-408-7_B-205x300.jpg 205w, https:\/\/wp.pop-verlag.com\/wp-content\/uploads\/2025\/01\/978-3-86356-408-7_B-700x1024.jpg 700w, https:\/\/wp.pop-verlag.com\/wp-content\/uploads\/2025\/01\/978-3-86356-408-7_B-768x1124.jpg 768w, https:\/\/wp.pop-verlag.com\/wp-content\/uploads\/2025\/01\/978-3-86356-408-7_B-1049x1536.jpg 1049w, https:\/\/wp.pop-verlag.com\/wp-content\/uploads\/2025\/01\/978-3-86356-408-7_B-1399x2048.jpg 1399w, https:\/\/wp.pop-verlag.com\/wp-content\/uploads\/2025\/01\/978-3-86356-408-7_B.jpg 1654w\" sizes=\"auto, (max-width: 205px) 100vw, 205px\" \/><a href=\"https:\/\/wp.pop-verlag.com\/?page_id=979\">Barbara Zeizinger<\/a>:\u00a0 <em><a href=\"https:\/\/wp.pop-verlag.com\/?p=7073\">Leben in Etagen<\/a>. <\/em>Roman. Reihe Epik, Bd. 153 ISBN 978-3-86356-408-7<strong>, <\/strong>324 Seiten, \u20ac[D]23,00<\/p>\n<p>Barbara Zeizinger erz\u00e4hlt die Geschichte eines Hauses und sei- ner Bewohner in den Jahren 1931 bis 2020. Es geht um vier Fa- milien zwischen Natio- nalsozialismus, Krieg, Nachkriegszeit, Wie- deraufbau und demo- kratischer Entwicklung der Bundesrepublik. Jede Zeit pr\u00e4gt die Menschen, ihr Schicksal, ihr Verhalten, ihre W\u00fcnsche und Sehns\u00fcchte.<br \/>\nDa sind zu Beginn Simon und Therese, die zunehmend unter Antisemitismus und dem aufkommenden Nationalsozialismus leiden. Im zweiten Kapitel steht Luise im Mittelpunkt. Sie muss nicht nur mit den Herausforderungen der Nachkriegszeit in der zerst\u00f6rten Stadt, sondern auch mit der Verbitterung ihres Ehemanns Hermann \u00fcber den verlorenen Krieg fertig werden. Au\u00dferdem gibt es noch den Amerikaner Mike, der eine gr\u00f6\u00dfere Rolle spielt als ihm bewusst ist. In den 1970er Jahren bauen Erwin und Susanne das Haus um. Als Susanne dabei in einem Schrank versteckte Unterlagen ihrer Mutter findet, beginnt sie, das Leben ihrer Eltern zu erforschen. Im letzten Kapitel m\u00fcssen sich Frieda und Paul mit einer Ehekrise und Problemen ihres Sohnes Alex auseinandersetzen. Als sie nach einigem Z\u00f6gern das Haus beziehen, scheint alles gut zu werden. Bis sie ein Brief erreicht.<\/p>\n<p><span class=\"readonlyText multiple\">Lieferbare Titel von <a href=\"http:\/\/wp.pop-verlag.com\/?page_id=979\"><strong>Barbara Zeizinger<\/strong><\/a>:<\/span><\/p>\n<ul>\n<li>\u201e<a href=\"http:\/\/wp.pop-verlag.com\/?p=155\">Weitwinkel nah<\/a>\u201c. Gedichte. Pop Lyrik. 75 Seiten, ISBN 978-3-86356-057-7, \u20ac[D]12,99<\/li>\n<li>\u00a0\u201e<a href=\"http:\/\/wp.pop-verlag.com\/?p=161\">Am wei\u00dfen Kanal<\/a>\u201c. Roman. Pop Epik. 218 Seiten, \u20ac[D]15,50, ISBN 978-3-86356-094-2<\/li>\n<li><a href=\"http:\/\/wp.pop-verlag.com\/?p=1902\"> \u201eWenn ich geblieben w\u00e4re\u201c<\/a>. Gedichte. Pop Lyrik. 84 Seiten, ISBN: 978-3-86356-179-6, \u20ac[D]14,00<\/li>\n<li><a href=\"https:\/\/wp.pop-verlag.com\/?p=3537\"><strong>Er nannte mich Kl\u00e1rinka<\/strong><\/a>. Roman.Pop Epik. 302 Seiten, ISBN: 978-3-86356-242-7, \u20ac[D]19,90<\/li>\n<li><a href=\"https:\/\/wp.pop-verlag.com\/?p=5739\"><strong>Bevor das Herz schl\u00e4gt<\/strong>.<\/a> Roman.Reihe Epik Bd.120, 280 S., ISBN 978-3-86356-329-5, \u20ac[D] 19,50<\/li>\n<li><a href=\"https:\/\/wp.pop-verlag.com\/?p=6543\"><strong>Schon morgen wird alles gewesen sein.\u00a0<\/strong><\/a>Gedichte. Mit Fotos der Autorin. Reihe Lyrik Bd. 184, 99 S., ISBN 978-3-86356-370-0, \u20ac[D] 19,50<\/li>\n<li><em><a href=\"https:\/\/wp.pop-verlag.com\/?p=7073\">Leben in Etagen<\/a>. <\/em>Roman. Reihe Epik, Bd. 153 ISBN 978-3-86356-408-7<strong>, <\/strong>324 Seiten, \u20ac[D]23,00<\/li>\n<\/ul>\n","protected":false},"excerpt":{"rendered":"<p>Barbara Zeizinger:\u00a0 Leben in Etagen. Roman. Reihe Epik, Bd. 153 ISBN 978-3-86356-408-7, 324 Seiten, \u20ac[D]23,00 Barbara Zeizinger erz\u00e4hlt die Geschichte eines Hauses und sei- ner Bewohner in den Jahren 1931 bis 2020. Es geht um vier Fa- milien zwischen Natio- &hellip; <a class=\"more-link\" href=\"https:\/\/wp.pop-verlag.com\/?p=7073\">Weiterlesen <span class=\"meta-nav\">&rarr;<\/span><\/a><\/p>\n","protected":false},"author":2,"featured_media":0,"comment_status":"closed","ping_status":"closed","sticky":false,"template":"","format":"standard","meta":{"_jetpack_memberships_contains_paid_content":false,"footnotes":""},"categories":[1190,20,9],"tags":[1189,1177,1186,1180,1173,1174,614,1183,1185,1188,782,1178,1175,1187,1181,1182,1176,359,1184,1179],"class_list":["post-7073","post","type-post","status-publish","format-standard","hentry","category-e-erscheinungsjahr-2025","category-deutsche-literatur","category-pop-epik","tag-beziehungen","tag-emigration","tag-erinnerung","tag-familiengeschichte","tag-generationen","tag-haus-in-darmstadt","tag-heimat","tag-historische-ereignisse","tag-identitaet","tag-kunst","tag-liebe","tag-nachkriegszeit","tag-nationalsozialismus","tag-neubeginn","tag-palaeontologie","tag-persoenliche-herausforderungen","tag-verfolgung","tag-vergangenheit","tag-verlust","tag-wiederaufbau"],"jetpack_sharing_enabled":true,"jetpack_featured_media_url":"","_links":{"self":[{"href":"https:\/\/wp.pop-verlag.com\/index.php?rest_route=\/wp\/v2\/posts\/7073","targetHints":{"allow":["GET"]}}],"collection":[{"href":"https:\/\/wp.pop-verlag.com\/index.php?rest_route=\/wp\/v2\/posts"}],"about":[{"href":"https:\/\/wp.pop-verlag.com\/index.php?rest_route=\/wp\/v2\/types\/post"}],"author":[{"embeddable":true,"href":"https:\/\/wp.pop-verlag.com\/index.php?rest_route=\/wp\/v2\/users\/2"}],"replies":[{"embeddable":true,"href":"https:\/\/wp.pop-verlag.com\/index.php?rest_route=%2Fwp%2Fv2%2Fcomments&post=7073"}],"version-history":[{"count":3,"href":"https:\/\/wp.pop-verlag.com\/index.php?rest_route=\/wp\/v2\/posts\/7073\/revisions"}],"predecessor-version":[{"id":7082,"href":"https:\/\/wp.pop-verlag.com\/index.php?rest_route=\/wp\/v2\/posts\/7073\/revisions\/7082"}],"wp:attachment":[{"href":"https:\/\/wp.pop-verlag.com\/index.php?rest_route=%2Fwp%2Fv2%2Fmedia&parent=7073"}],"wp:term":[{"taxonomy":"category","embeddable":true,"href":"https:\/\/wp.pop-verlag.com\/index.php?rest_route=%2Fwp%2Fv2%2Fcategories&post=7073"},{"taxonomy":"post_tag","embeddable":true,"href":"https:\/\/wp.pop-verlag.com\/index.php?rest_route=%2Fwp%2Fv2%2Ftags&post=7073"}],"curies":[{"name":"wp","href":"https:\/\/api.w.org\/{rel}","templated":true}]}}