{"id":7019,"date":"2024-11-12T14:12:46","date_gmt":"2024-11-12T14:12:46","guid":{"rendered":"https:\/\/wp.pop-verlag.com\/?p=7019"},"modified":"2024-11-13T06:18:31","modified_gmt":"2024-11-13T06:18:31","slug":"ana-blandiana-der-wille-des-menschen-ist-antastbar-von-der-allgegenwart-der-manipulation","status":"publish","type":"post","link":"https:\/\/wp.pop-verlag.com\/?p=7019","title":{"rendered":"Ana Blandiana:\u00a0 Der Wille des Menschen ist antastbar. Von der Allgegenwart der Manipulation."},"content":{"rendered":"<p><strong><img loading=\"lazy\" decoding=\"async\" class=\"alignleft size-medium wp-image-7029\" src=\"https:\/\/wp.pop-verlag.com\/wp-content\/uploads\/2024\/11\/978-3-86356-411-7_A_BuB-191x300.jpg\" alt=\"\" width=\"191\" height=\"300\" srcset=\"https:\/\/wp.pop-verlag.com\/wp-content\/uploads\/2024\/11\/978-3-86356-411-7_A_BuB-191x300.jpg 191w, https:\/\/wp.pop-verlag.com\/wp-content\/uploads\/2024\/11\/978-3-86356-411-7_A_BuB-652x1024.jpg 652w, https:\/\/wp.pop-verlag.com\/wp-content\/uploads\/2024\/11\/978-3-86356-411-7_A_BuB-768x1206.jpg 768w, https:\/\/wp.pop-verlag.com\/wp-content\/uploads\/2024\/11\/978-3-86356-411-7_A_BuB-978x1536.jpg 978w, https:\/\/wp.pop-verlag.com\/wp-content\/uploads\/2024\/11\/978-3-86356-411-7_A_BuB-1304x2048.jpg 1304w, https:\/\/wp.pop-verlag.com\/wp-content\/uploads\/2024\/11\/978-3-86356-411-7_A_BuB-scaled.jpg 1630w\" sizes=\"auto, (max-width: 191px) 100vw, 191px\" \/> <img loading=\"lazy\" decoding=\"async\" class=\"alignleft size-medium wp-image-7030\" src=\"https:\/\/wp.pop-verlag.com\/wp-content\/uploads\/2024\/11\/978-3-86356-411-7_B-205x300.jpg\" alt=\"\" width=\"205\" height=\"300\" srcset=\"https:\/\/wp.pop-verlag.com\/wp-content\/uploads\/2024\/11\/978-3-86356-411-7_B-205x300.jpg 205w, https:\/\/wp.pop-verlag.com\/wp-content\/uploads\/2024\/11\/978-3-86356-411-7_B-700x1024.jpg 700w, https:\/\/wp.pop-verlag.com\/wp-content\/uploads\/2024\/11\/978-3-86356-411-7_B-768x1124.jpg 768w, https:\/\/wp.pop-verlag.com\/wp-content\/uploads\/2024\/11\/978-3-86356-411-7_B-1049x1536.jpg 1049w, https:\/\/wp.pop-verlag.com\/wp-content\/uploads\/2024\/11\/978-3-86356-411-7_B-1399x2048.jpg 1399w, https:\/\/wp.pop-verlag.com\/wp-content\/uploads\/2024\/11\/978-3-86356-411-7_B.jpg 1654w\" sizes=\"auto, (max-width: 205px) 100vw, 205px\" \/><a href=\"https:\/\/wp.pop-verlag.com\/?page_id=2888\">Ana Blandiana<\/a>:\u00a0<\/strong> <em><a href=\"https:\/\/wp.pop-verlag.com\/?p=7019\">Der Wille des Menschen ist antastbar. Von der Allgegenwart der Manipulation<\/a>.<\/em> Aus dem Rum\u00e4nischen \u00dcbersetzt und mit einem Geleitwort von <a href=\"https:\/\/wp.pop-verlag.com\/?page_id=3571\">Georg Aescht<\/a>.<br \/>\nReihe Fragmentarium, Bd. 31, ISBN <span class=\"readonlyText\">978-3-86356-411-7, 632 Seiten,\u20ac[D]<\/span> 33,00<\/p>\n<p><a href=\"http:\/\/www.pop-verlag-shop.com\/epages\/64741473.sf\/de_DE\/?ObjectID=365731949\" target=\"_blank\" rel=\"noopener\"><img loading=\"lazy\" decoding=\"async\" class=\"wp-image-5574 size-full\" src=\"https:\/\/wp.pop-verlag.com\/wp-content\/uploads\/2020\/12\/in-den-Warenkorb.jpg\" alt=\"\" width=\"163\" height=\"32\" \/><\/a><\/p>\n<p data-wp-editing=\"1\">Rum\u00e4nien liegt in Europa, ist seit 2007 Mitglied der Europ\u00e4ischen Union, ist ein bedeutender Grenzposten der Nato vor der Ukraine \u2013 und ist vielen, nicht zuletzt Rum\u00e4nen selbst, ein R\u00e4tsel geblieben. In diesem Buch wird das R\u00e4tsel in all seiner Widerspr\u00fcchlichkeit ausbuchstabiert.<br \/>\n<em>Georg Aescht<\/em><\/p>\n<p>Unter Menschen wusste ich nie, ob man mich verfluchen oder k\u00fcssen w\u00fcrde.<br \/>\n<em>Zeitzeugin Ana Blandiana<\/em><\/p>\n<p>Die Popularit\u00e4t des Schriftstellers ergibt sich aus der Begegnung seiner eigenen Einsamkeit mit der des Lesers. Andernfalls beschr\u00e4nkt sich alles auf eine einfache Form der Manipulation.<br \/>\n<em>Ana Blandiana<\/em><\/p>\n<p>In einer diktatorisch organisierten Gesellschaft gab und gibt es popul\u00e4re Schriftsteller, die von den Lesern geliebt werden, weil sie ihnen das Gef\u00fchl der Freiheit in einer vollkommen unfreien Welt geben. Nat\u00fcrlich hat dies nichts zu tun mit dem Heimerfolg eines Bestsellerautors, der von Marketingregeln gesteuert wird. Der Schriftsteller in der Diktatur wird vielmehr geliebt, weil er das ausspricht, was seine Leser selbst zu \u00e4u\u00dfern sich f\u00fcrchten, auch wenn sie dies gern tun w\u00fcrden. Wenn jedoch die Diktatur verschwindet, verschwindet auch der Grund f\u00fcr die Kritik und gef\u00e4hrdet implizit den Erfolg dieses einstigen Superstars. Denn Freiheit bedeutet nicht nur das Verschwinden des Diktators, sondern auch die Freiheit, das Lesen einzustellen. Merkw\u00fcrdigerweise sind das Wort und der Autor, der es zum \u00dcberleben gebraucht hat, am st\u00e4rksten betroffen. Andererseits bedeutet beliebt zu sein nicht unbedingt, erfolgreich zu sein.<br \/>\n<em>Ana Blandiana<\/em><\/p>\n","protected":false},"excerpt":{"rendered":"<p>Ana Blandiana:\u00a0 Der Wille des Menschen ist antastbar. Von der Allgegenwart der Manipulation. Aus dem Rum\u00e4nischen \u00dcbersetzt und mit einem Geleitwort von Georg Aescht. Reihe Fragmentarium, Bd. 31, ISBN 978-3-86356-411-7, 632 Seiten,\u20ac[D] 33,00 Rum\u00e4nien liegt in Europa, ist seit 2007 &hellip; <a class=\"more-link\" href=\"https:\/\/wp.pop-verlag.com\/?p=7019\">Weiterlesen <span class=\"meta-nav\">&rarr;<\/span><\/a><\/p>\n","protected":false},"author":2,"featured_media":0,"comment_status":"closed","ping_status":"closed","sticky":false,"template":"","format":"standard","meta":{"_jetpack_memberships_contains_paid_content":false,"footnotes":""},"categories":[1033,22,29],"tags":[362,1164,651,654,659,658,1170,1169,653,257,655,652,1171,1172,656,1165,1166,1168,1167],"class_list":["post-7019","post","type-post","status-publish","format-standard","hentry","category-e-erscheinungsjahr-2024","category-rumaenische-literatur","category-fragmentarium-sammlung","tag-autor","tag-buergerrechtler","tag-dissident","tag-ehrenbuerger-von-timisoara","tag-frau","tag-geboren-1942","tag-golden-wreath-award-struga","tag-griffin-poetry-prize","tag-literatur-rumaenisch","tag-lyrik","tag-mitglied-der-ehrenlegion-ritter","tag-opfer-der-diktatur-der-sozialistischen-republik-rumaenien","tag-premio-internazionale-fondazione-terzo-pilastro","tag-premio-princesa-de-asturias-de-las-letras","tag-pseudonym","tag-rumaenin","tag-traeger-der-legion-dhonneur","tag-traeger-der-royalen-auszeichnung-nihil-sine-deo","tag-women-of-courage-award"],"jetpack_sharing_enabled":true,"jetpack_featured_media_url":"","_links":{"self":[{"href":"https:\/\/wp.pop-verlag.com\/index.php?rest_route=\/wp\/v2\/posts\/7019","targetHints":{"allow":["GET"]}}],"collection":[{"href":"https:\/\/wp.pop-verlag.com\/index.php?rest_route=\/wp\/v2\/posts"}],"about":[{"href":"https:\/\/wp.pop-verlag.com\/index.php?rest_route=\/wp\/v2\/types\/post"}],"author":[{"embeddable":true,"href":"https:\/\/wp.pop-verlag.com\/index.php?rest_route=\/wp\/v2\/users\/2"}],"replies":[{"embeddable":true,"href":"https:\/\/wp.pop-verlag.com\/index.php?rest_route=%2Fwp%2Fv2%2Fcomments&post=7019"}],"version-history":[{"count":11,"href":"https:\/\/wp.pop-verlag.com\/index.php?rest_route=\/wp\/v2\/posts\/7019\/revisions"}],"predecessor-version":[{"id":7066,"href":"https:\/\/wp.pop-verlag.com\/index.php?rest_route=\/wp\/v2\/posts\/7019\/revisions\/7066"}],"wp:attachment":[{"href":"https:\/\/wp.pop-verlag.com\/index.php?rest_route=%2Fwp%2Fv2%2Fmedia&parent=7019"}],"wp:term":[{"taxonomy":"category","embeddable":true,"href":"https:\/\/wp.pop-verlag.com\/index.php?rest_route=%2Fwp%2Fv2%2Fcategories&post=7019"},{"taxonomy":"post_tag","embeddable":true,"href":"https:\/\/wp.pop-verlag.com\/index.php?rest_route=%2Fwp%2Fv2%2Ftags&post=7019"}],"curies":[{"name":"wp","href":"https:\/\/api.w.org\/{rel}","templated":true}]}}