{"id":6923,"date":"2024-07-26T13:13:52","date_gmt":"2024-07-26T13:13:52","guid":{"rendered":"https:\/\/wp.pop-verlag.com\/?p=6923"},"modified":"2024-07-26T13:48:15","modified_gmt":"2024-07-26T13:48:15","slug":"dagmar-dusilhrsg-im-schnee-der-erinnerungen-hermannstadt-dokumentiert-%c2%b7-erinnert-%c2%b7-recherchiert","status":"publish","type":"post","link":"https:\/\/wp.pop-verlag.com\/?p=6923","title":{"rendered":"Dagmar Dusil(Hrsg.), Im Schnee der Erinnerungen. Hermannstadt: dokumentiert \u00b7 erinnert \u00b7 recherchiert"},"content":{"rendered":"<p><img loading=\"lazy\" decoding=\"async\" class=\"alignleft size-medium wp-image-6924\" src=\"https:\/\/wp.pop-verlag.com\/wp-content\/uploads\/2024\/07\/978-3-86356-407-0_A-205x300.jpg\" alt=\"\" width=\"205\" height=\"300\" srcset=\"https:\/\/wp.pop-verlag.com\/wp-content\/uploads\/2024\/07\/978-3-86356-407-0_A-205x300.jpg 205w, https:\/\/wp.pop-verlag.com\/wp-content\/uploads\/2024\/07\/978-3-86356-407-0_A-700x1024.jpg 700w, https:\/\/wp.pop-verlag.com\/wp-content\/uploads\/2024\/07\/978-3-86356-407-0_A-768x1124.jpg 768w, https:\/\/wp.pop-verlag.com\/wp-content\/uploads\/2024\/07\/978-3-86356-407-0_A-1049x1536.jpg 1049w, https:\/\/wp.pop-verlag.com\/wp-content\/uploads\/2024\/07\/978-3-86356-407-0_A-1399x2048.jpg 1399w, https:\/\/wp.pop-verlag.com\/wp-content\/uploads\/2024\/07\/978-3-86356-407-0_A.jpg 1654w\" sizes=\"auto, (max-width: 205px) 100vw, 205px\" \/> <img loading=\"lazy\" decoding=\"async\" class=\"alignleft size-medium wp-image-6925\" src=\"https:\/\/wp.pop-verlag.com\/wp-content\/uploads\/2024\/07\/978-3-86356-407-0_B-205x300.jpg\" alt=\"\" width=\"205\" height=\"300\" srcset=\"https:\/\/wp.pop-verlag.com\/wp-content\/uploads\/2024\/07\/978-3-86356-407-0_B-205x300.jpg 205w, https:\/\/wp.pop-verlag.com\/wp-content\/uploads\/2024\/07\/978-3-86356-407-0_B-700x1024.jpg 700w, https:\/\/wp.pop-verlag.com\/wp-content\/uploads\/2024\/07\/978-3-86356-407-0_B-768x1124.jpg 768w, https:\/\/wp.pop-verlag.com\/wp-content\/uploads\/2024\/07\/978-3-86356-407-0_B-1049x1536.jpg 1049w, https:\/\/wp.pop-verlag.com\/wp-content\/uploads\/2024\/07\/978-3-86356-407-0_B-1399x2048.jpg 1399w, https:\/\/wp.pop-verlag.com\/wp-content\/uploads\/2024\/07\/978-3-86356-407-0_B.jpg 1654w\" sizes=\"auto, (max-width: 205px) 100vw, 205px\" \/><strong><a href=\"https:\/\/wp.pop-verlag.com\/?page_id=2997\">Dagmar Dusil<\/a> <\/strong>(Hrsg.), <a href=\"https:\/\/wp.pop-verlag.com\/?p=6923\">Im Schnee der Erinnerungen.\u00a0<\/a>Hermannstadt: dokumentiert \u00b7 erinnert \u00b7 recherchiert. Reihe Fragmentarium, Bd. 29 \u00b7 ISBN 978-3-86356-407-0, 444 Seiten, \u20ac[D]29,90<\/p>\n<p>| Astrid Bartel | Dagmar Dusil | Theodora Eck | Martin Eichler | Anneli Ute Gabanyi | Louis Guermond | J\u00fcrgen G\u00fcnster | Sigrid Haldenwang | Hannes H\u00f6chsmann | Herbert Horedt | Marianne H\u00fcgel | Emil Hurezeanu | Ioan-Cosmin Ignat | Konrad Klein |\u00a0 Wolfgang (Wolfi) Klein | Gerhard Konnerth | Paul Niedermaier | J\u00fcrgen Schlezack | Anneliese Schuster | Ernst Gerhard Seidner | Hans G\u00fcnther Seiwerth | Gert Theil | Beatrice Ungar | Joachim Wittstock | Helmut Wolff | Volker Wollmann | Monika Ziegler | Kurt Thomas Ziegler |<\/p>\n<p>Das Erinnern hat seine eigenen Regeln, geht selektiv vor. Daher auch der Titel des vorliegenden Bandes: Im Schnee der Erinnerungen. Was verbinden wir mit Schnee? Reinheit, W\u00fcnsche, Erinnerungen, Kindheit. Doch Schnee h\u00e4lt nicht ewig, er schmilzt und taut, ist nicht mehr da, ver\u00e4ndert seinen Aggregatzustand. Verh\u00e4lt es sich nicht auch mit ver- sch\u00fctteten Erinnerungen so? Wie werden sie freigesetzt? Wann st\u00fcrmen sie auf uns ein, wann nicht?<br \/>\nEs ist ein lebendiger Sammelband entstanden, der eine gewisse Eigen- dynamik entwickelt hat und den Blick hinter die Kulissen in die Ver- gangenheit der Protagonistin \u201eHermannstadt\u201c lenkt. Die Stadt \u2013 das ist unser weibliches Hermannstadt \u2013 ist das Bild einer Grande Dame, die bezaubert und nostalgisch stimmt. Das Stadtbild \u2013 ist verg\u00e4nglichkeits- resistent neutral und h\u00e4lt den Besucher oder ehemaligen Bewohner auf Distanz. Der Stadtkern \u2013 die m\u00e4nnliche Seite Hermannstadts ist uneinnehmbar, wehrhaft jeden Zentimeter verteidigend.<\/p>\n<p>Die Industriegr\u00fcndungen erfolgten bei den Sachsen nicht \u2013 wie im \u00fcbrigen Siebenb\u00fcrgen \u2013 auf Initiative der Wiener und Budapester Hochfinanz, sondern sie resultierten oft aus kleineren und mittleren gewerblichen Betrieben. Diesen Sachverhalt verdeutlicht eine Statistik aus dem Jahr 1933, laut der von 124 s\u00e4chsischen Unternehmen Siebenb\u00fcrgens nur eines mehr als 1.000 Arbeiter besch\u00e4ftigte, 17 lagen zwischen 100 und 1.000 und die \u00fcbrigen unter 100 Besch\u00e4ftigten. (<em>Volker Wollmann \u2013 Dokumentiert)<\/em><\/p>\n<p>Ich hatte ganz andere Probleme. Nach meiner Milit\u00e4rzeit wusste ich nicht so genau wohin mit meinem Leben. Die ganze Nachbarschaft wollte mir helfen. Dieter G\u00f6llner versuchte, mich beim Radio unterzubringen. Nae Ionescu, der Jazzgott Hermannstadts und unser Nachbar, wollte aus mir einen S\u00e4nger machen und Herr Lala aus der Voltairestra\u00dfe einen Buchhalter. So wurde ich Buchhalter auf der Hohen Rinne im Hotel Casa Turi\u015ftilor. (<em>Wolfi Klein &#8211; Erinnert)<\/em><\/p>\n<p>Die einst im Sommer mit bet\u00f6rend duftenden Lindenb\u00e4umen bestandene Arzstra\u00dfe, die von der Leschkircherstra\u00dfe\/str. \u0218tefan cel Mare bis zur Michaelisstra\u00dfe\/str. C\u0103l\u0163un reicht, ist mit 516 Metern nicht die l\u00e4ngste, aber die wohl sch\u00f6nste im Viertel. Einige der gediegenen, in einem lokalen Heimatschutzstil erbauten Einfamilienh\u00e4user besitzen auch Mansarden. (<em>Konrad Klein \u2013 Recherchiert)<\/em><\/p>\n<div class=\"entry-content cf\">\n<p>Lieferbare Titel von <strong><a href=\"https:\/\/wp.pop-verlag.com\/?page_id=2997\">Dagmar Dusil:<\/a><\/strong><\/p>\n<ul>\n<li><strong><a href=\"http:\/\/wp.pop-verlag.com\/?page_id=2988\">R. G. Waldeck<\/a>: Ath\u00e9n\u00e9e Palace. <a href=\"http:\/\/wp.pop-verlag.com\/?p=2984\">Hitlers \u201eNeue Ordnung\u201c kommt nach Rum\u00e4nien<\/a><br \/>\n<\/strong>Mit einem Nachwort des amerikanischen Diplomaten, Historikers und versierten Rum\u00e4nien Kenners Ernest H. Latham, Jr.Aus dem Amerikanischen von <strong><a href=\"http:\/\/wp.pop-verlag.com\/?page_id=2997\">Dagmar Dusil<\/a><\/strong> und Dr. <a href=\"http:\/\/wp.pop-verlag.com\/?page_id=3001\"><strong>Gerlinde Roth<\/strong><\/a>. Pop Epik. ISBN: 978-3-86356-218-2, 472 Seiten, \u20ac[D]24,50<\/li>\n<li><a href=\"https:\/\/wp.pop-verlag.com\/?p=4026\"><strong>Auf leisen Sohlen. Ann\u00e4herungen an Katzendorf<\/strong><\/a>. Die POP-Verlag-Fragmentariumreihe, Bd. 10. ISBN: 978-3-86356-262-5, 286 Seiten, \u20ac[D]18,50<\/li>\n<li><a href=\"https:\/\/wp.pop-verlag.com\/?p=4285\"><strong>Looking Back Through the Kitchen Window<\/strong><\/a>. Die POP-Verlag-Fragmentariumreihe, Bd. 14. ISBN: 978-3-86356-279-3, 260 Seiten, \u20ac[D]16,50<\/li>\n<li><a href=\"https:\/\/wp.pop-verlag.com\/?p=4522\"><strong>So is(s)t Hermannstadt<\/strong>.<\/a> Die POP-Verlag-Fragmentariumreihe, Bd. 15. ISBN: 978-3-86356-282-3,186 Seiten, \u20ac[D]13,80<\/li>\n<li><strong><a href=\"https:\/\/wp.pop-verlag.com\/?page_id=2997\"> Dagmar Dusil<\/a><\/strong> \/<a href=\"https:\/\/wp.pop-verlag.com\/?page_id=5864\"><strong> Ioana Ieronim<\/strong><\/a>:\u00a0<strong><a href=\"https:\/\/wp.pop-verlag.com\/?p=5873\">Beleuchtete Busse in denen keiner sa\u00df \/ \u015ei trec autobuze goale<\/a>.<\/strong> Gedichte. Illustration: <a href=\"https:\/\/wp.pop-verlag.com\/?page_id=5869\"><strong>Gerhild W\u00e4chter<\/strong><\/a>. Nachwort von <a href=\"https:\/\/wp.pop-verlag.com\/?page_id=3027\"><strong>Emil Hurezeanu<\/strong><\/a>. Reihe Lyrik Bd. 164, 124 Seiten,\u00a0 ISBN 978-3-86356-339-4; \u20ac[D]19,90<\/li>\n<li><strong>Entbl\u00e4tterte Zeit.\u00a0Kurzgeschichten<\/strong>. Reihe Epik . Bd. 131, 196 Seiten,\u00a0 ISBN 978-3-86356-359-2; \u20ac[D]16,50<\/li>\n<li><strong>Mit Erinnerungen gepflastert.\u00a0Eine Anthologie von <a href=\"https:\/\/wp.pop-verlag.com\/?p=6281\">Dagmar Dusil<\/a>.<\/strong> Kartoniert, mit Schutzumschlag (bedruckt). Reihe Fragmentarium, Bd. 28. ISBN: 978-3-86356-367-7, 410 Seiten, \u20ac[D]25,00<\/li>\n<li><a href=\"https:\/\/wp.pop-verlag.com\/?p=6809\">Das Geheimnis der stummen Kl\u00e4nge<\/a>. Roman. Reihe Epik . Bd. 149, 220 Seiten,\u00a0 ISBN 978-3-86356-394-3; \u20ac[D]21,00<\/li>\n<li><strong><a href=\"https:\/\/wp.pop-verlag.com\/?page_id=2997\">Dagmar Dusil<\/a> <\/strong>(Hrsg.), <a href=\"https:\/\/wp.pop-verlag.com\/?p=6923\">Im Schnee der Erinnerungen.<\/a><br \/>\n<a href=\"_wp_link_placeholder\">Hermannstadt: dokumentiert \u00b7 erinnert \u00b7 recherchiert<\/a><br \/>\nReihe Fragmentarium, Bd. 29 \u00b7 ISBN 9784410 Seiten, \u20ac[D]29,90<\/li>\n<\/ul>\n<\/div>\n","protected":false},"excerpt":{"rendered":"<p>Dagmar Dusil (Hrsg.), Im Schnee der Erinnerungen.\u00a0Hermannstadt: dokumentiert \u00b7 erinnert \u00b7 recherchiert. Reihe Fragmentarium, Bd. 29 \u00b7 ISBN 978-3-86356-407-0, 444 Seiten, \u20ac[D]29,90 | Astrid Bartel | Dagmar Dusil | Theodora Eck | Martin Eichler | Anneli Ute Gabanyi | Louis &hellip; <a class=\"more-link\" href=\"https:\/\/wp.pop-verlag.com\/?p=6923\">Weiterlesen <span class=\"meta-nav\">&rarr;<\/span><\/a><\/p>\n","protected":false},"author":2,"featured_media":0,"comment_status":"closed","ping_status":"closed","sticky":false,"template":"","format":"standard","meta":{"_jetpack_memberships_contains_paid_content":false,"footnotes":""},"categories":[1033,21,29],"tags":[1060,1062,1065,1076,1070,1078,428,1073,421,1067,1074,1072,649,1066,540,430,1063,782,648,1080,1059,1077,1069,271,1081,1058,1075,667,366,351,539,1056,246,1071,247,1068,531,1064,1057,358,1079,303,634,1061,763,668],"class_list":["post-6923","post","type-post","status-publish","format-standard","hentry","category-e-erscheinungsjahr-2024","category-deutsch-rumaenische-literatur","category-fragmentarium-sammlung","tag-abtreibungsverbot","tag-adoption","tag-alexander-nikolajewitsch","tag-alt","tag-altreich-regat","tag-aluta","tag-bamberg","tag-bucuresti","tag-bukarest","tag-carl","tag-cata","tag-cluj-napoca-klausenburg","tag-dorfschreiberin","tag-filtsch","tag-hermanstadt","tag-katzendorf","tag-klavierkonzert","tag-liebe","tag-literatur","tag-macht-der-erinnerung","tag-mord","tag-olt","tag-oltener-olteni","tag-pop-verlag","tag-prosa-als-erzaehlkino","tag-republikflucht","tag-rimnicu-vilcea","tag-roma","tag-roman","tag-rumaeniendeutsche-literatur","tag-rumaeniendeutschen","tag-securitate-geheimdienst","tag-sibiu","tag-sibiu-hermannstadt","tag-siebenbuergen","tag-siebenbuergen-transsilvanien-ardeal","tag-siebenbuerger-sachsen","tag-skrjabin","tag-staatsterror","tag-suedosteuropa","tag-szenischer-praesens","tag-traian-pop","tag-venedig","tag-vergewaltigung","tag-walter-fromm","tag-zigeuner"],"jetpack_sharing_enabled":true,"jetpack_featured_media_url":"","_links":{"self":[{"href":"https:\/\/wp.pop-verlag.com\/index.php?rest_route=\/wp\/v2\/posts\/6923","targetHints":{"allow":["GET"]}}],"collection":[{"href":"https:\/\/wp.pop-verlag.com\/index.php?rest_route=\/wp\/v2\/posts"}],"about":[{"href":"https:\/\/wp.pop-verlag.com\/index.php?rest_route=\/wp\/v2\/types\/post"}],"author":[{"embeddable":true,"href":"https:\/\/wp.pop-verlag.com\/index.php?rest_route=\/wp\/v2\/users\/2"}],"replies":[{"embeddable":true,"href":"https:\/\/wp.pop-verlag.com\/index.php?rest_route=%2Fwp%2Fv2%2Fcomments&post=6923"}],"version-history":[{"count":7,"href":"https:\/\/wp.pop-verlag.com\/index.php?rest_route=\/wp\/v2\/posts\/6923\/revisions"}],"predecessor-version":[{"id":6933,"href":"https:\/\/wp.pop-verlag.com\/index.php?rest_route=\/wp\/v2\/posts\/6923\/revisions\/6933"}],"wp:attachment":[{"href":"https:\/\/wp.pop-verlag.com\/index.php?rest_route=%2Fwp%2Fv2%2Fmedia&parent=6923"}],"wp:term":[{"taxonomy":"category","embeddable":true,"href":"https:\/\/wp.pop-verlag.com\/index.php?rest_route=%2Fwp%2Fv2%2Fcategories&post=6923"},{"taxonomy":"post_tag","embeddable":true,"href":"https:\/\/wp.pop-verlag.com\/index.php?rest_route=%2Fwp%2Fv2%2Ftags&post=6923"}],"curies":[{"name":"wp","href":"https:\/\/api.w.org\/{rel}","templated":true}]}}