{"id":6912,"date":"2024-07-01T05:42:49","date_gmt":"2024-07-01T05:42:49","guid":{"rendered":"https:\/\/wp.pop-verlag.com\/?p=6912"},"modified":"2024-07-01T05:51:11","modified_gmt":"2024-07-01T05:51:11","slug":"werner-k-bliss-von-nackenpinseln-und-effilierscheren-kindheitserinnerungen","status":"publish","type":"post","link":"https:\/\/wp.pop-verlag.com\/?p=6912","title":{"rendered":"Werner K. Bli\u00df, Von Nackenpinseln und Effilierscheren. Kindheitserinnerungen"},"content":{"rendered":"<p><img loading=\"lazy\" decoding=\"async\" class=\"alignleft size-medium wp-image-6915\" src=\"https:\/\/wp.pop-verlag.com\/wp-content\/uploads\/2024\/07\/978-3-86356-387-5_A_BuB-191x300.jpg\" alt=\"\" width=\"191\" height=\"300\" srcset=\"https:\/\/wp.pop-verlag.com\/wp-content\/uploads\/2024\/07\/978-3-86356-387-5_A_BuB-191x300.jpg 191w, https:\/\/wp.pop-verlag.com\/wp-content\/uploads\/2024\/07\/978-3-86356-387-5_A_BuB-652x1024.jpg 652w, https:\/\/wp.pop-verlag.com\/wp-content\/uploads\/2024\/07\/978-3-86356-387-5_A_BuB-768x1206.jpg 768w, https:\/\/wp.pop-verlag.com\/wp-content\/uploads\/2024\/07\/978-3-86356-387-5_A_BuB-978x1536.jpg 978w, https:\/\/wp.pop-verlag.com\/wp-content\/uploads\/2024\/07\/978-3-86356-387-5_A_BuB-1304x2048.jpg 1304w, https:\/\/wp.pop-verlag.com\/wp-content\/uploads\/2024\/07\/978-3-86356-387-5_A_BuB-scaled.jpg 1630w\" sizes=\"auto, (max-width: 191px) 100vw, 191px\" \/> <img loading=\"lazy\" decoding=\"async\" class=\"alignleft size-medium wp-image-6916\" src=\"https:\/\/wp.pop-verlag.com\/wp-content\/uploads\/2024\/07\/978-3-86356-387-5_B-205x300.jpg\" alt=\"\" width=\"205\" height=\"300\" srcset=\"https:\/\/wp.pop-verlag.com\/wp-content\/uploads\/2024\/07\/978-3-86356-387-5_B-205x300.jpg 205w, https:\/\/wp.pop-verlag.com\/wp-content\/uploads\/2024\/07\/978-3-86356-387-5_B-700x1024.jpg 700w, https:\/\/wp.pop-verlag.com\/wp-content\/uploads\/2024\/07\/978-3-86356-387-5_B-768x1124.jpg 768w, https:\/\/wp.pop-verlag.com\/wp-content\/uploads\/2024\/07\/978-3-86356-387-5_B-1049x1536.jpg 1049w, https:\/\/wp.pop-verlag.com\/wp-content\/uploads\/2024\/07\/978-3-86356-387-5_B-1399x2048.jpg 1399w, https:\/\/wp.pop-verlag.com\/wp-content\/uploads\/2024\/07\/978-3-86356-387-5_B.jpg 1654w\" sizes=\"auto, (max-width: 205px) 100vw, 205px\" \/> <a href=\"https:\/\/wp.pop-verlag.com\/?page_id=3067\">Werner K. Bli\u00df<\/a>, <a href=\"https:\/\/wp.pop-verlag.com\/?p=6912\">Von Nackenpinseln und Effilierscheren. Kindheitserinnerungen<\/a>. Kartoniert, mit Schutzumschlag (bedruckt). 1. Auflage 2024, 221 Seiten, Reihe Epik . Bd. 145, ISBN 978-3-86356-387-5, \u20ac[D]21,00<\/p>\n<p>Der Besuch in einem altehrw\u00fcrdigen Lissaboner Friseursalon katapultiert den Erz\u00e4hler zur\u00fcck in seine Kindheit und Jugend,\u00a0 in das Friseurgesch\u00e4ft seiner Eltern, in die kleine gro\u00dfe Welt des schw\u00e4bischen \u201eSt\u00e4dtles\u201c. Der omnipotente Vater, die stets um Harmonie bem\u00fchte Mutter und die skurrile Kundschaft erwachen zum Leben. Zwischen all dem versucht\u00a0\u00a0 \u201e`s B\u00fcble\u201c seinen Weg zu finden und wird dadurch zum \u00dcberlebens-K\u00fcnstler.<\/p>\n<p>Lieferbare Titel von <strong>\u00a0<a href=\"https:\/\/wp.pop-verlag.com\/?page_id=3067\">Werner K. Bli\u00df<\/a><\/strong>:<\/p>\n<ul>\n<li><strong><a href=\"https:\/\/wp.pop-verlag.com\/?p=4538\">Gek\u00e4mmte Zeit<\/a><\/strong>. Gedichte. Die POP-Verlag-LYRIKREIHE Bd. 142. ISBN 978-3-86356-288-5, 150 Seiten, \u20ac[D]15,00<\/li>\n<li><a href=\"https:\/\/wp.pop-verlag.com\/?p=6912\">Von Nackenpinseln und Effilierscheren. Kindheitserinnerungen<\/a>. Kartoniert, mit Schutzumschlag (bedruckt). 1. Auflage 2024, 221 Seiten, Reihe Epik . Bd. 145, ISBN 978-3-86356-387-5, \u20ac[D]21,00<\/li>\n<\/ul>\n","protected":false},"excerpt":{"rendered":"<p>Werner K. Bli\u00df, Von Nackenpinseln und Effilierscheren. Kindheitserinnerungen. Kartoniert, mit Schutzumschlag (bedruckt). 1. Auflage 2024, 221 Seiten, Reihe Epik . Bd. 145, ISBN 978-3-86356-387-5, \u20ac[D]21,00 Der Besuch in einem altehrw\u00fcrdigen Lissaboner Friseursalon katapultiert den Erz\u00e4hler zur\u00fcck in seine Kindheit und &hellip; <a class=\"more-link\" href=\"https:\/\/wp.pop-verlag.com\/?p=6912\">Weiterlesen <span class=\"meta-nav\">&rarr;<\/span><\/a><\/p>\n","protected":false},"author":2,"featured_media":0,"comment_status":"closed","ping_status":"closed","sticky":false,"template":"","format":"standard","meta":{"_jetpack_memberships_contains_paid_content":false,"footnotes":""},"categories":[1033,20,9],"tags":[362,780,1145,1149,1147,739,1152,363,774,257,1146,374,1151,1121,1144,1150,1148],"class_list":["post-6912","post","type-post","status-publish","format-standard","hentry","category-e-erscheinungsjahr-2024","category-deutsche-literatur","category-pop-epik","tag-autor","tag-deutscher","tag-hausach-im-schwarzwald","tag-hochschwazwald","tag-kindheit-und-jugend","tag-kuenstler","tag-lissabon","tag-literatur-20-jahrhundert","tag-literatur-deutsch","tag-lyrik","tag-maler","tag-mann","tag-portugal","tag-prosa","tag-schiltach-im-schwarzwald","tag-schwarzwald","tag-ueberlebens-kuenstler"],"jetpack_sharing_enabled":true,"jetpack_featured_media_url":"","_links":{"self":[{"href":"https:\/\/wp.pop-verlag.com\/index.php?rest_route=\/wp\/v2\/posts\/6912","targetHints":{"allow":["GET"]}}],"collection":[{"href":"https:\/\/wp.pop-verlag.com\/index.php?rest_route=\/wp\/v2\/posts"}],"about":[{"href":"https:\/\/wp.pop-verlag.com\/index.php?rest_route=\/wp\/v2\/types\/post"}],"author":[{"embeddable":true,"href":"https:\/\/wp.pop-verlag.com\/index.php?rest_route=\/wp\/v2\/users\/2"}],"replies":[{"embeddable":true,"href":"https:\/\/wp.pop-verlag.com\/index.php?rest_route=%2Fwp%2Fv2%2Fcomments&post=6912"}],"version-history":[{"count":2,"href":"https:\/\/wp.pop-verlag.com\/index.php?rest_route=\/wp\/v2\/posts\/6912\/revisions"}],"predecessor-version":[{"id":6917,"href":"https:\/\/wp.pop-verlag.com\/index.php?rest_route=\/wp\/v2\/posts\/6912\/revisions\/6917"}],"wp:attachment":[{"href":"https:\/\/wp.pop-verlag.com\/index.php?rest_route=%2Fwp%2Fv2%2Fmedia&parent=6912"}],"wp:term":[{"taxonomy":"category","embeddable":true,"href":"https:\/\/wp.pop-verlag.com\/index.php?rest_route=%2Fwp%2Fv2%2Fcategories&post=6912"},{"taxonomy":"post_tag","embeddable":true,"href":"https:\/\/wp.pop-verlag.com\/index.php?rest_route=%2Fwp%2Fv2%2Ftags&post=6912"}],"curies":[{"name":"wp","href":"https:\/\/api.w.org\/{rel}","templated":true}]}}