{"id":69,"date":"2015-04-27T15:16:04","date_gmt":"2015-04-27T15:16:04","guid":{"rendered":"http:\/\/wp.pop-verlag.com\/?p=69"},"modified":"2018-01-26T06:48:23","modified_gmt":"2018-01-26T06:48:23","slug":"eric-giebel-quecksilber-in-manteltaschen","status":"publish","type":"post","link":"https:\/\/wp.pop-verlag.com\/?p=69","title":{"rendered":"Eric Giebel: &#8222;Quecksilber in Manteltaschen&#8220;"},"content":{"rendered":"<p><a href=\"http:\/\/wp.pop-verlag.com\/wp-content\/uploads\/2015\/04\/quecksilber_cover_published_300px.jpg\"><img loading=\"lazy\" decoding=\"async\" class=\"alignleft wp-image-19 size-medium\" src=\"http:\/\/wp.pop-verlag.com\/wp-content\/uploads\/2015\/04\/quecksilber_cover_published_300px-209x300.jpg\" alt=\"quecksilber_cover_published_300px\" width=\"209\" height=\"300\" \/><\/a><\/p>\n<p>Eric Giebel: &#8222;Quecksilber in Manteltaschen&#8220;<br \/>\nGedichte<\/p>\n<p>Prima Verba Lyrik<br \/>\nAusgezeichnet mit dem Lyrik Deb\u00fctpreis 2015<\/p>\n<p>106 Seiten, \u20ac[D]14,50<br \/>\nISBN 978-3-86356-098-0<\/p>\n<p>&nbsp;<\/p>\n<p>&nbsp;<\/p>\n<p>&nbsp;<\/p>\n<p><strong>Stimmen<\/strong>:<\/p>\n<p>Die Gedichte k\u00f6nnte man als Raumerkundungen bezeichnen, die in einer arch\u00e4ologischen Bewegung die verborgenen, historischen Schichten freilegen. Das T\u00e4uschende und Verbergende wird mit der Sprache entlarvt.<br \/>\n<strong>Dr. Petra Gropp<\/strong><\/p>\n<p>Die Gedichte beschreiben Menschen, die in Handeln und Denken in ihr gesellschaftliches Umfeld eingebettet sind. In pr\u00e4ziser und gleichsam poetischer Sprache gr\u00e4bt der Autor tief in der Geschichte, um versch\u00fcttete Stellen freizulegen und dem Kern der Wahrheit n\u00e4herzukommen.<br \/>\n<strong>Barbara Zeizinger<\/strong><\/p>\n<p><a href=\"http:\/\/wp.pop-verlag.com\/?p=547\">Rezension<\/a><\/p>\n<p>&nbsp;<\/p>\n<p><span class=\"readonlyText multiple\">Lieferbare Titel von <strong><a href=\"http:\/\/wp.pop-verlag.com\/?page_id=76\">Eric Giebel<\/a><\/strong>: <\/span><\/p>\n<ul>\n<li><strong>\u201e<a href=\"http:\/\/wp.pop-verlag.com\/?p=69\">Quecksilber in Manteltaschen<\/a>\u201e<\/strong>, Lyrik, Ludwigsburg 2015, Prima Verba Lyrik Deb\u00fctpreis 2015. 106 Seiten, ISBN 978-3-86356-098-0. \u20ac[D]14,50<\/li>\n<li><strong>\u201e<a href=\"http:\/\/wp.pop-verlag.com\/?p=1177\">Im roten Sand<\/a>.\u201c<\/strong>\u00a0 <span class=\"readonlyText\" title=\"Wortkunst lyrisch und prosaisch. Mit 22 Grafiken von PAPI und einem Vorwort von Dietrich Scholze.\">Erz\u00e4hlung.<\/span>Pop Epik, 96 Seiten, \u20ac[D]13,45<br \/>\nISBN <span class=\"readonlyText\">978-3-86356-127-7<\/span><\/li>\n<li><strong><a href=\"http:\/\/wp.pop-verlag.com\/?p=2731\">\u201eHototogisu<\/a>.<\/strong> Prosaminiaturen\u201c, Pop Epik. ISBN: 978-3-86356-180-2, 120 Seiten, \u20ac[D]14,50<\/li>\n<\/ul>\n<p>&nbsp;<\/p>\n","protected":false},"excerpt":{"rendered":"<p>Eric Giebel: &#8222;Quecksilber in Manteltaschen&#8220; Gedichte Prima Verba Lyrik Ausgezeichnet mit dem Lyrik Deb\u00fctpreis 2015 106 Seiten, \u20ac[D]14,50 ISBN 978-3-86356-098-0 &nbsp; &nbsp; &nbsp; Stimmen: Die Gedichte k\u00f6nnte man als Raumerkundungen bezeichnen, die in einer arch\u00e4ologischen Bewegung die verborgenen, historischen Schichten &hellip; <a class=\"more-link\" href=\"https:\/\/wp.pop-verlag.com\/?p=69\">Weiterlesen <span class=\"meta-nav\">&rarr;<\/span><\/a><\/p>\n","protected":false},"author":1,"featured_media":0,"comment_status":"closed","ping_status":"closed","sticky":false,"template":"","format":"standard","meta":{"_jetpack_memberships_contains_paid_content":false,"footnotes":""},"categories":[19,20,8,10],"tags":[25,26],"class_list":["post-69","post","type-post","status-publish","format-standard","hentry","category-erscheinungsjahr-2015","category-deutsche-literatur","category-pop-lyrik","category-prima-verba","tag-eric-giebel","tag-quecksilber-in-manteltaschen"],"jetpack_sharing_enabled":true,"jetpack_featured_media_url":"","_links":{"self":[{"href":"https:\/\/wp.pop-verlag.com\/index.php?rest_route=\/wp\/v2\/posts\/69","targetHints":{"allow":["GET"]}}],"collection":[{"href":"https:\/\/wp.pop-verlag.com\/index.php?rest_route=\/wp\/v2\/posts"}],"about":[{"href":"https:\/\/wp.pop-verlag.com\/index.php?rest_route=\/wp\/v2\/types\/post"}],"author":[{"embeddable":true,"href":"https:\/\/wp.pop-verlag.com\/index.php?rest_route=\/wp\/v2\/users\/1"}],"replies":[{"embeddable":true,"href":"https:\/\/wp.pop-verlag.com\/index.php?rest_route=%2Fwp%2Fv2%2Fcomments&post=69"}],"version-history":[{"count":11,"href":"https:\/\/wp.pop-verlag.com\/index.php?rest_route=\/wp\/v2\/posts\/69\/revisions"}],"predecessor-version":[{"id":2742,"href":"https:\/\/wp.pop-verlag.com\/index.php?rest_route=\/wp\/v2\/posts\/69\/revisions\/2742"}],"wp:attachment":[{"href":"https:\/\/wp.pop-verlag.com\/index.php?rest_route=%2Fwp%2Fv2%2Fmedia&parent=69"}],"wp:term":[{"taxonomy":"category","embeddable":true,"href":"https:\/\/wp.pop-verlag.com\/index.php?rest_route=%2Fwp%2Fv2%2Fcategories&post=69"},{"taxonomy":"post_tag","embeddable":true,"href":"https:\/\/wp.pop-verlag.com\/index.php?rest_route=%2Fwp%2Fv2%2Ftags&post=69"}],"curies":[{"name":"wp","href":"https:\/\/api.w.org\/{rel}","templated":true}]}}