{"id":6896,"date":"2024-05-09T05:46:51","date_gmt":"2024-05-09T05:46:51","guid":{"rendered":"https:\/\/wp.pop-verlag.com\/?p=6896"},"modified":"2024-05-09T06:24:53","modified_gmt":"2024-05-09T06:24:53","slug":"marcell-feldberg-sedimente-des-fluechtigen","status":"publish","type":"post","link":"https:\/\/wp.pop-verlag.com\/?p=6896","title":{"rendered":"Marcell Feldberg: Sedimente des Fl\u00fcchtigen"},"content":{"rendered":"<p><img loading=\"lazy\" decoding=\"async\" class=\"alignleft size-medium wp-image-6897\" src=\"https:\/\/wp.pop-verlag.com\/wp-content\/uploads\/2024\/05\/978-3-86356-393-6_B-205x300.jpg\" alt=\"\" width=\"205\" height=\"300\" srcset=\"https:\/\/wp.pop-verlag.com\/wp-content\/uploads\/2024\/05\/978-3-86356-393-6_B-205x300.jpg 205w, https:\/\/wp.pop-verlag.com\/wp-content\/uploads\/2024\/05\/978-3-86356-393-6_B-700x1024.jpg 700w, https:\/\/wp.pop-verlag.com\/wp-content\/uploads\/2024\/05\/978-3-86356-393-6_B-768x1124.jpg 768w, https:\/\/wp.pop-verlag.com\/wp-content\/uploads\/2024\/05\/978-3-86356-393-6_B-1049x1536.jpg 1049w, https:\/\/wp.pop-verlag.com\/wp-content\/uploads\/2024\/05\/978-3-86356-393-6_B-1399x2048.jpg 1399w, https:\/\/wp.pop-verlag.com\/wp-content\/uploads\/2024\/05\/978-3-86356-393-6_B.jpg 1654w\" sizes=\"auto, (max-width: 205px) 100vw, 205px\" \/> <img loading=\"lazy\" decoding=\"async\" class=\"alignleft size-medium wp-image-6898\" src=\"https:\/\/wp.pop-verlag.com\/wp-content\/uploads\/2024\/05\/978-3-86356-393-6_BuB-191x300.jpg\" alt=\"\" width=\"191\" height=\"300\" srcset=\"https:\/\/wp.pop-verlag.com\/wp-content\/uploads\/2024\/05\/978-3-86356-393-6_BuB-191x300.jpg 191w, https:\/\/wp.pop-verlag.com\/wp-content\/uploads\/2024\/05\/978-3-86356-393-6_BuB-652x1024.jpg 652w, https:\/\/wp.pop-verlag.com\/wp-content\/uploads\/2024\/05\/978-3-86356-393-6_BuB-768x1206.jpg 768w, https:\/\/wp.pop-verlag.com\/wp-content\/uploads\/2024\/05\/978-3-86356-393-6_BuB-978x1536.jpg 978w, https:\/\/wp.pop-verlag.com\/wp-content\/uploads\/2024\/05\/978-3-86356-393-6_BuB-1304x2048.jpg 1304w, https:\/\/wp.pop-verlag.com\/wp-content\/uploads\/2024\/05\/978-3-86356-393-6_BuB-scaled.jpg 1630w\" sizes=\"auto, (max-width: 191px) 100vw, 191px\" \/><\/p>\n<p><strong><a href=\"https:\/\/wp.pop-verlag.com\/?page_id=5834\">Marcell Feldberg<\/a>: <a href=\"https:\/\/wp.pop-verlag.com\/?p=6896\">Sedimente des Fl\u00fcchtigen. Poetische Randnotizen.<\/a><\/strong><\/p>\n<p>Reihe Lyrik Band 186, 161 Seiten, ISBN 978-3-86356-393-6; \u20ac[D]16,50.<\/p>\n<p><a href=\"https:\/\/wp.pop-verlag.com\/?page_id=5834\"><strong>Marcell Feldberg<\/strong><\/a>, * 1968, hat Kirchenmusik, Musikwissenschaft, Philosophie und Germa-nistik studiert. Er lebt in Willich am Niederrhein, wo er als Kirchenmusiker t\u00e4tig ist. Seit 2004 ist Feldberg wissenschaftlicher Mitarbeiter der Forschungsstelle f\u00fcr Sepulkralmusik an der Robert-Schumann-Hochschule in D\u00fcsseldorf. Gedichtver\u00f6ffentlichungen in Zeitschriften und Anthologien. Zuletzt erschienen Korrespondenz und Kalender. Archiv der Bilder CCXXIX \u2013 CCLXXV (Radius Verlag) und Ephemeriden. Aufzeichnungen mit Linoldrucken von Nicolas Poignon (Emanuel von Baeyer Gallery\/London). Bruchst\u00fccke einer Behausung ist Marcell Feld-bergs erstes Buch im Pop Verlag.<\/p>\n<p>Lieferbare Titel von <a href=\"https:\/\/wp.pop-verlag.com\/?page_id=5834\"><strong>Marcell Feldberg<\/strong><\/a>:<\/p>\n<p><strong><a href=\"https:\/\/wp.pop-verlag.com\/?p=5830\">Bruchst\u00fccke einer Behausung.\u00a0Poetische Kurznachrichten.\u00a0<\/a><\/strong>Reihe Lyrik Band 163, 146 Seiten, ISBN 978-3-86356-338-7; \u20ac[D]16,50.<\/p>\n<p><strong><a href=\"https:\/\/wp.pop-verlag.com\/?p=6896\">Sedimente des Fl\u00fcchtigen. Poetische Randnotizen.\u00a0<\/a>\u00a0 Reihe Lyrik Band 186, 161 Seiten, ISBN 978-3-86356-393-6; \u20ac[D]16,50.<\/strong><\/p>\n","protected":false},"excerpt":{"rendered":"<p>Marcell Feldberg: Sedimente des Fl\u00fcchtigen. Poetische Randnotizen. Reihe Lyrik Band 186, 161 Seiten, ISBN 978-3-86356-393-6; \u20ac[D]16,50. Marcell Feldberg, * 1968, hat Kirchenmusik, Musikwissenschaft, Philosophie und Germa-nistik studiert. Er lebt in Willich am Niederrhein, wo er als Kirchenmusiker t\u00e4tig ist. Seit &hellip; <a class=\"more-link\" href=\"https:\/\/wp.pop-verlag.com\/?p=6896\">Weiterlesen <span class=\"meta-nav\">&rarr;<\/span><\/a><\/p>\n","protected":false},"author":2,"featured_media":0,"comment_status":"closed","ping_status":"closed","sticky":false,"template":"","format":"standard","meta":{"_jetpack_memberships_contains_paid_content":false,"footnotes":""},"categories":[1033,20,8],"tags":[1142,1138,1141,1143,1140,1139],"class_list":["post-6896","post","type-post","status-publish","format-standard","hentry","category-e-erscheinungsjahr-2024","category-deutsche-literatur","category-pop-lyrik","tag-ephemeriden","tag-kirchenmusiker","tag-nicolas-poignon","tag-robert-schumann-hochschule","tag-sepulkralmusik","tag-willich-am-niederrhein"],"jetpack_sharing_enabled":true,"jetpack_featured_media_url":"","_links":{"self":[{"href":"https:\/\/wp.pop-verlag.com\/index.php?rest_route=\/wp\/v2\/posts\/6896","targetHints":{"allow":["GET"]}}],"collection":[{"href":"https:\/\/wp.pop-verlag.com\/index.php?rest_route=\/wp\/v2\/posts"}],"about":[{"href":"https:\/\/wp.pop-verlag.com\/index.php?rest_route=\/wp\/v2\/types\/post"}],"author":[{"embeddable":true,"href":"https:\/\/wp.pop-verlag.com\/index.php?rest_route=\/wp\/v2\/users\/2"}],"replies":[{"embeddable":true,"href":"https:\/\/wp.pop-verlag.com\/index.php?rest_route=%2Fwp%2Fv2%2Fcomments&post=6896"}],"version-history":[{"count":2,"href":"https:\/\/wp.pop-verlag.com\/index.php?rest_route=\/wp\/v2\/posts\/6896\/revisions"}],"predecessor-version":[{"id":6903,"href":"https:\/\/wp.pop-verlag.com\/index.php?rest_route=\/wp\/v2\/posts\/6896\/revisions\/6903"}],"wp:attachment":[{"href":"https:\/\/wp.pop-verlag.com\/index.php?rest_route=%2Fwp%2Fv2%2Fmedia&parent=6896"}],"wp:term":[{"taxonomy":"category","embeddable":true,"href":"https:\/\/wp.pop-verlag.com\/index.php?rest_route=%2Fwp%2Fv2%2Fcategories&post=6896"},{"taxonomy":"post_tag","embeddable":true,"href":"https:\/\/wp.pop-verlag.com\/index.php?rest_route=%2Fwp%2Fv2%2Ftags&post=6896"}],"curies":[{"name":"wp","href":"https:\/\/api.w.org\/{rel}","templated":true}]}}