{"id":6847,"date":"2024-03-15T05:09:17","date_gmt":"2024-03-15T05:09:17","guid":{"rendered":"https:\/\/wp.pop-verlag.com\/?p=6847"},"modified":"2024-03-15T05:48:46","modified_gmt":"2024-03-15T05:48:46","slug":"peter-gehrisch-hans-theodors-karneval-oder-lasst-die-posaunen-erklingen","status":"publish","type":"post","link":"https:\/\/wp.pop-verlag.com\/?p=6847","title":{"rendered":"Peter Gehrisch, Hans-Theodors Karneval oder La\u00dft die Posaunen erklingen!"},"content":{"rendered":"<p><img loading=\"lazy\" decoding=\"async\" class=\"alignleft size-medium wp-image-6848\" src=\"https:\/\/wp.pop-verlag.com\/wp-content\/uploads\/2024\/03\/978-3-86356-395-0_BuB-191x300.jpg\" alt=\"\" width=\"191\" height=\"300\" srcset=\"https:\/\/wp.pop-verlag.com\/wp-content\/uploads\/2024\/03\/978-3-86356-395-0_BuB-191x300.jpg 191w, https:\/\/wp.pop-verlag.com\/wp-content\/uploads\/2024\/03\/978-3-86356-395-0_BuB-652x1024.jpg 652w, https:\/\/wp.pop-verlag.com\/wp-content\/uploads\/2024\/03\/978-3-86356-395-0_BuB-768x1206.jpg 768w, https:\/\/wp.pop-verlag.com\/wp-content\/uploads\/2024\/03\/978-3-86356-395-0_BuB-978x1536.jpg 978w, https:\/\/wp.pop-verlag.com\/wp-content\/uploads\/2024\/03\/978-3-86356-395-0_BuB-1304x2048.jpg 1304w, https:\/\/wp.pop-verlag.com\/wp-content\/uploads\/2024\/03\/978-3-86356-395-0_BuB-scaled.jpg 1630w\" sizes=\"auto, (max-width: 191px) 100vw, 191px\" \/> <img loading=\"lazy\" decoding=\"async\" class=\"alignleft size-medium wp-image-6849\" src=\"https:\/\/wp.pop-verlag.com\/wp-content\/uploads\/2024\/03\/978-3-86356-395-0_B-205x300.jpg\" alt=\"\" width=\"205\" height=\"300\" srcset=\"https:\/\/wp.pop-verlag.com\/wp-content\/uploads\/2024\/03\/978-3-86356-395-0_B-205x300.jpg 205w, https:\/\/wp.pop-verlag.com\/wp-content\/uploads\/2024\/03\/978-3-86356-395-0_B-700x1024.jpg 700w, https:\/\/wp.pop-verlag.com\/wp-content\/uploads\/2024\/03\/978-3-86356-395-0_B-768x1124.jpg 768w, https:\/\/wp.pop-verlag.com\/wp-content\/uploads\/2024\/03\/978-3-86356-395-0_B-1049x1536.jpg 1049w, https:\/\/wp.pop-verlag.com\/wp-content\/uploads\/2024\/03\/978-3-86356-395-0_B-1399x2048.jpg 1399w, https:\/\/wp.pop-verlag.com\/wp-content\/uploads\/2024\/03\/978-3-86356-395-0_B.jpg 1654w\" sizes=\"auto, (max-width: 205px) 100vw, 205px\" \/><a href=\"https:\/\/wp.pop-verlag.com\/?page_id=2637\">Peter Gehrisch<\/a>, <a href=\"https:\/\/wp.pop-verlag.com\/?p=6847\"><em>Hans-Theodors Karneval oder La\u00dft die Posaunen erklingen! <\/em><\/a>Roman. Mit k\u00fcnstlerischen Arbeiten von Piotr Patryk Lewkowicz. Reihe Epik . Bd. 150, 350 Seiten, ISBN 978-3-86356-395-0; \u20ac[D]24,90<em><br \/>\n<\/em><\/p>\n<p>Peter Gehrischs Schelmenroman<br \/>\nHans-Theodors Karneval (Teil II) beschreibt die Reise eines au\u00dfergew\u00f6hnlichen Protagonisnten durch phantastische Schein-, Wein- und Whiskywelten, die denselben \u2013 samt Kopf, schnurrig veranlagter Zunge wie all seiner Finger und jenem n\u00e4rrischen Stehaufm\u00e4nnchen, mit dem er weibliche Wesen bet\u00f6rte \u2013 auf sinn- und nutzlose Abwege f\u00fchrte. Ein Corso von Taten und Unfa\u00dfbarkeiten im Bannkreis absurder Befehle und tiefer Verirrung, die ihn zu neuen Einsichten und durch den Eisernen Vorhang f\u00fchrten.<\/p>\n<p>Lieferbare Titel von<strong> <a href=\"https:\/\/wp.pop-verlag.com\/?page_id=2637\">Peter Gehrisch<\/a>:<\/strong><\/p>\n<ul>\n<li><a href=\"http:\/\/wp.pop-verlag.com\/?page_id=2561\">Gy\u00f6rgy Mandics<\/a> \/ <a href=\"http:\/\/wp.pop-verlag.com\/?page_id=2563\">Zsuzsanna M. Veress, \u00a0<\/a><em>Aus den Aufzeichnungen von J\u00e1nos Bolyai<\/em><br \/>\nAus dem Ungarischen von Julia Schiff. \u00dcberarbeitet von Peter Gehrisch.Gedichte.Pop Lyrik. ISBN: 978-3-86356-148-2, 72 Seiten, \u20ac [D]16,50<\/li>\n<li><a href=\"http:\/\/wp.pop-verlag.com\/?page_id=2628\">Aleksander Nawrocki<\/a>, <em><a href=\"http:\/\/wp.pop-verlag.com\/?p=2632\">Mir tr\u00e4umte von meiner Kindheit. <\/a><\/em>Aus dem Polnischen \u00fcbertragen von Peter Gehrisch. Gedichte.Pop Lyrik. ISBN: 978-3-86356-155-0, 102 Seiten, \u20ac [D]16,50<\/li>\n<li><em><a href=\"https:\/\/wp.pop-verlag.com\/?p=4090\">Chronos, preise mir jetzt nicht das Chaos! <\/a><\/em>Gedichte. Lyrikreihe Bd. 126; ISBN 978-3-86356-261-8; 104 Seiten, \u20ac[D]14,50<\/li>\n<li><em><a href=\"https:\/\/wp.pop-verlag.com\/?p=4744\">Das M\u00e4rchen hebt an, guten Abend! In den Schutzr\u00e4umen der Phantasie. Zw\u00f6lf Tintinnabula.<\/a><\/em>\u00a0Reihe Epik Bd. 110; ISBN: 978-3-86356-296-0; 234 Seiten, \u20ac[D]20,50<\/li>\n<li>\u00a0<a href=\"https:\/\/wp.pop-verlag.com\/?p=6847\"><em>Hans-Theodors Karneval oder La\u00dft die Posaunen erklingen! <\/em><\/a>Roman. Reihe Epik . Bd. 150, 350 Seiten, ISBN 978-3-86356-395-0; \u20ac[D]24,90<\/li>\n<\/ul>\n","protected":false},"excerpt":{"rendered":"<p>Peter Gehrisch, Hans-Theodors Karneval oder La\u00dft die Posaunen erklingen! Roman. Mit k\u00fcnstlerischen Arbeiten von Piotr Patryk Lewkowicz. Reihe Epik . Bd. 150, 350 Seiten, ISBN 978-3-86356-395-0; \u20ac[D]24,90 Peter Gehrischs Schelmenroman Hans-Theodors Karneval (Teil II) beschreibt die Reise eines au\u00dfergew\u00f6hnlichen Protagonisnten &hellip; <a class=\"more-link\" href=\"https:\/\/wp.pop-verlag.com\/?p=6847\">Weiterlesen <span class=\"meta-nav\">&rarr;<\/span><\/a><\/p>\n","protected":false},"author":2,"featured_media":0,"comment_status":"closed","ping_status":"closed","sticky":false,"template":"","format":"standard","meta":{"_jetpack_memberships_contains_paid_content":false,"footnotes":""},"categories":[1033,20,9],"tags":[362,1036,780,1038,658,1035,1034,363,364,774,374,271,1037,303],"class_list":["post-6847","post","type-post","status-publish","format-standard","hentry","category-e-erscheinungsjahr-2024","category-deutsche-literatur","category-pop-epik","tag-autor","tag-bombardierung-von-dresden-1945","tag-deutscher","tag-ehrenbuerger-in-polen","tag-geboren-1942","tag-journalist-dresden","tag-kuenstler-dresden","tag-literatur-20-jahrhundert","tag-literatur-21-jahrhundert","tag-literatur-deutsch","tag-mann","tag-pop-verlag","tag-traeger-des-saechsischen-verdienstordens","tag-traian-pop"],"jetpack_sharing_enabled":true,"jetpack_featured_media_url":"","_links":{"self":[{"href":"https:\/\/wp.pop-verlag.com\/index.php?rest_route=\/wp\/v2\/posts\/6847","targetHints":{"allow":["GET"]}}],"collection":[{"href":"https:\/\/wp.pop-verlag.com\/index.php?rest_route=\/wp\/v2\/posts"}],"about":[{"href":"https:\/\/wp.pop-verlag.com\/index.php?rest_route=\/wp\/v2\/types\/post"}],"author":[{"embeddable":true,"href":"https:\/\/wp.pop-verlag.com\/index.php?rest_route=\/wp\/v2\/users\/2"}],"replies":[{"embeddable":true,"href":"https:\/\/wp.pop-verlag.com\/index.php?rest_route=%2Fwp%2Fv2%2Fcomments&post=6847"}],"version-history":[{"count":4,"href":"https:\/\/wp.pop-verlag.com\/index.php?rest_route=\/wp\/v2\/posts\/6847\/revisions"}],"predecessor-version":[{"id":6856,"href":"https:\/\/wp.pop-verlag.com\/index.php?rest_route=\/wp\/v2\/posts\/6847\/revisions\/6856"}],"wp:attachment":[{"href":"https:\/\/wp.pop-verlag.com\/index.php?rest_route=%2Fwp%2Fv2%2Fmedia&parent=6847"}],"wp:term":[{"taxonomy":"category","embeddable":true,"href":"https:\/\/wp.pop-verlag.com\/index.php?rest_route=%2Fwp%2Fv2%2Fcategories&post=6847"},{"taxonomy":"post_tag","embeddable":true,"href":"https:\/\/wp.pop-verlag.com\/index.php?rest_route=%2Fwp%2Fv2%2Ftags&post=6847"}],"curies":[{"name":"wp","href":"https:\/\/api.w.org\/{rel}","templated":true}]}}