{"id":6839,"date":"2024-03-14T08:48:38","date_gmt":"2024-03-14T08:48:38","guid":{"rendered":"https:\/\/wp.pop-verlag.com\/?p=6839"},"modified":"2024-03-14T09:20:36","modified_gmt":"2024-03-14T09:20:36","slug":"klara-hurkova-zum-ersten-mal-die-kraniche","status":"publish","type":"post","link":"https:\/\/wp.pop-verlag.com\/?p=6839","title":{"rendered":"Kl\u00e1ra H\u016frkov\u00e1, Zum ersten Mal die Kraniche"},"content":{"rendered":"<p><img loading=\"lazy\" decoding=\"async\" class=\"alignleft size-medium wp-image-6840\" src=\"https:\/\/wp.pop-verlag.com\/wp-content\/uploads\/2024\/03\/978-3-86356-396-7_A_BuB-191x300.jpg\" alt=\"\" width=\"191\" height=\"300\" srcset=\"https:\/\/wp.pop-verlag.com\/wp-content\/uploads\/2024\/03\/978-3-86356-396-7_A_BuB-191x300.jpg 191w, https:\/\/wp.pop-verlag.com\/wp-content\/uploads\/2024\/03\/978-3-86356-396-7_A_BuB-652x1024.jpg 652w, https:\/\/wp.pop-verlag.com\/wp-content\/uploads\/2024\/03\/978-3-86356-396-7_A_BuB-768x1206.jpg 768w, https:\/\/wp.pop-verlag.com\/wp-content\/uploads\/2024\/03\/978-3-86356-396-7_A_BuB-978x1536.jpg 978w, https:\/\/wp.pop-verlag.com\/wp-content\/uploads\/2024\/03\/978-3-86356-396-7_A_BuB-1304x2048.jpg 1304w, https:\/\/wp.pop-verlag.com\/wp-content\/uploads\/2024\/03\/978-3-86356-396-7_A_BuB-scaled.jpg 1630w\" sizes=\"auto, (max-width: 191px) 100vw, 191px\" \/> <img loading=\"lazy\" decoding=\"async\" class=\"alignleft size-medium wp-image-6841\" src=\"https:\/\/wp.pop-verlag.com\/wp-content\/uploads\/2024\/03\/978-3-86356-396-7_B-210x300.jpg\" alt=\"\" width=\"210\" height=\"300\" srcset=\"https:\/\/wp.pop-verlag.com\/wp-content\/uploads\/2024\/03\/978-3-86356-396-7_B-210x300.jpg 210w, https:\/\/wp.pop-verlag.com\/wp-content\/uploads\/2024\/03\/978-3-86356-396-7_B-717x1024.jpg 717w, https:\/\/wp.pop-verlag.com\/wp-content\/uploads\/2024\/03\/978-3-86356-396-7_B-768x1097.jpg 768w, https:\/\/wp.pop-verlag.com\/wp-content\/uploads\/2024\/03\/978-3-86356-396-7_B-1076x1536.jpg 1076w, https:\/\/wp.pop-verlag.com\/wp-content\/uploads\/2024\/03\/978-3-86356-396-7_B-1434x2048.jpg 1434w, https:\/\/wp.pop-verlag.com\/wp-content\/uploads\/2024\/03\/978-3-86356-396-7_B.jpg 1654w\" sizes=\"auto, (max-width: 210px) 100vw, 210px\" \/><a href=\"https:\/\/wp.pop-verlag.com\/?page_id=6510\">Kl\u00e1ra H\u016frkov\u00e1<\/a>, <a href=\"https:\/\/wp.pop-verlag.com\/?p=6839\"><em>Zum ersten Mal die Kraniche<\/em><\/a>. Trauergedichte f\u00fcr meinen Mann Klaus. Gedichte. Mit bildnerischen Arbeiten der Autorin. Reihe Lyrik Bd. 188.\u00a0 50 Seiten, ISBN 978-3-86356-396-7. \u20ac[D]15,50;<a href=\"http:\/\/www.pop-verlag-shop.com\/epages\/64741473.sf\/de_DE\/?ObjectPath=\/Shops\/64741473\/Products\/86356298\"> Ihr Warenkorb ist leer.\u00a0<\/a><\/p>\n<p>Der neue Gedichtband von Kl\u00e1ra H\u016frkov\u00e1 versammelt Texte und Bilder, die in den ersten Monaten nach dem pl\u00f6tzlichen Tod ihres Ehemannes entstanden sind. Es sind Gedichte \u00fcber den Schmerz, aber vor allem \u00fcber die Liebe. Das erste Jahr nach dem Verlust eines geliebten Menschen gilt als das schwierigste, weil alle Feste und Rituale zum ersten Mal ohne ihn stattfinden. F\u00fcr die Autorin ist der erste Flug der Kraniche, den sie ohne ihren Mann sieht, ein Symbol f\u00fcr ihre Einsamkeit, aber auch f\u00fcr die Erinnerungen, die f\u00fcr immer bleiben werden.<\/p>\n<p>\u2013 Das Gedicht \u201eFeuer\u201c aus dieser Gedichtsammlung gewann in der englischsprachigen \u00dcbersetzung den ersten Preis auf dem 42. World Congress of Poets 2023.<\/p>\n<p>Lieferbare Titel von <a href=\"https:\/\/wp.pop-verlag.com\/?page_id=6510\">Kl\u00e1ra H\u016frkov\u00e1<\/a>,<\/p>\n<p><a href=\"https:\/\/wp.pop-verlag.com\/?p=6503\">&#8211; Gehege mit Magnolien<\/a>. Gedichte. Mit bildnerischen Arbeiten der Autorin. Reihe Lyrik Bd. 183.\u00a0 96 Seiten, ISBN 978-3-86356-377-6. \u20ac[D]18,50<\/p>\n<p>&#8211; <a href=\"https:\/\/wp.pop-verlag.com\/?p=6839\"><em>Zum ersten Mal die Kraniche<\/em><\/a>. Trauergedichte f\u00fcr meinen Mann Klaus. Gedichte. Mit bildnerischen Arbeiten der Autorin. Reihe Lyrik Bd. 188.\u00a0 50 Seiten, ISBN 978-3-86356-396-7. \u20ac[D]15,50<\/p>\n","protected":false},"excerpt":{"rendered":"<p>Kl\u00e1ra H\u016frkov\u00e1, Zum ersten Mal die Kraniche. Trauergedichte f\u00fcr meinen Mann Klaus. Gedichte. Mit bildnerischen Arbeiten der Autorin. Reihe Lyrik Bd. 188.\u00a0 50 Seiten, ISBN 978-3-86356-396-7. \u20ac[D]15,50; Ihr Warenkorb ist leer.\u00a0 Der neue Gedichtband von Kl\u00e1ra H\u016frkov\u00e1 versammelt Texte und &hellip; <a class=\"more-link\" href=\"https:\/\/wp.pop-verlag.com\/?p=6839\">Weiterlesen <span class=\"meta-nav\">&rarr;<\/span><\/a><\/p>\n","protected":false},"author":2,"featured_media":0,"comment_status":"closed","ping_status":"closed","sticky":false,"template":"","format":"standard","meta":{"_jetpack_memberships_contains_paid_content":false,"footnotes":""},"categories":[1033,20,23,8],"tags":[798,799,659,800,364,774,801,797,303],"class_list":["post-6839","post","type-post","status-publish","format-standard","hentry","category-e-erscheinungsjahr-2024","category-deutsche-literatur","category-ost-suedosteuropaeische-literatur","category-pop-lyrik","tag-aachen","tag-autorin","tag-frau","tag-geboren-1962","tag-literatur-21-jahrhundert","tag-literatur-deutsch","tag-pop-veralag","tag-prag","tag-traian-pop"],"jetpack_sharing_enabled":true,"jetpack_featured_media_url":"","_links":{"self":[{"href":"https:\/\/wp.pop-verlag.com\/index.php?rest_route=\/wp\/v2\/posts\/6839","targetHints":{"allow":["GET"]}}],"collection":[{"href":"https:\/\/wp.pop-verlag.com\/index.php?rest_route=\/wp\/v2\/posts"}],"about":[{"href":"https:\/\/wp.pop-verlag.com\/index.php?rest_route=\/wp\/v2\/types\/post"}],"author":[{"embeddable":true,"href":"https:\/\/wp.pop-verlag.com\/index.php?rest_route=\/wp\/v2\/users\/2"}],"replies":[{"embeddable":true,"href":"https:\/\/wp.pop-verlag.com\/index.php?rest_route=%2Fwp%2Fv2%2Fcomments&post=6839"}],"version-history":[{"count":3,"href":"https:\/\/wp.pop-verlag.com\/index.php?rest_route=\/wp\/v2\/posts\/6839\/revisions"}],"predecessor-version":[{"id":6845,"href":"https:\/\/wp.pop-verlag.com\/index.php?rest_route=\/wp\/v2\/posts\/6839\/revisions\/6845"}],"wp:attachment":[{"href":"https:\/\/wp.pop-verlag.com\/index.php?rest_route=%2Fwp%2Fv2%2Fmedia&parent=6839"}],"wp:term":[{"taxonomy":"category","embeddable":true,"href":"https:\/\/wp.pop-verlag.com\/index.php?rest_route=%2Fwp%2Fv2%2Fcategories&post=6839"},{"taxonomy":"post_tag","embeddable":true,"href":"https:\/\/wp.pop-verlag.com\/index.php?rest_route=%2Fwp%2Fv2%2Ftags&post=6839"}],"curies":[{"name":"wp","href":"https:\/\/api.w.org\/{rel}","templated":true}]}}