{"id":6817,"date":"2024-03-07T08:52:13","date_gmt":"2024-03-07T08:52:13","guid":{"rendered":"https:\/\/wp.pop-verlag.com\/?p=6817"},"modified":"2024-03-16T05:25:41","modified_gmt":"2024-03-16T05:25:41","slug":"helmuth-frauendorfer-photopoesie-phuerth","status":"publish","type":"post","link":"https:\/\/wp.pop-verlag.com\/?p=6817","title":{"rendered":"Helmuth Frauendorfer, Photopoesie Phuerth"},"content":{"rendered":"<p><img loading=\"lazy\" decoding=\"async\" class=\"alignleft size-medium wp-image-6819\" src=\"https:\/\/wp.pop-verlag.com\/wp-content\/uploads\/2024\/03\/978-3-86356-391-2_BuB-191x300.jpg\" alt=\"\" width=\"191\" height=\"300\" srcset=\"https:\/\/wp.pop-verlag.com\/wp-content\/uploads\/2024\/03\/978-3-86356-391-2_BuB-191x300.jpg 191w, https:\/\/wp.pop-verlag.com\/wp-content\/uploads\/2024\/03\/978-3-86356-391-2_BuB-652x1024.jpg 652w, https:\/\/wp.pop-verlag.com\/wp-content\/uploads\/2024\/03\/978-3-86356-391-2_BuB-768x1206.jpg 768w, https:\/\/wp.pop-verlag.com\/wp-content\/uploads\/2024\/03\/978-3-86356-391-2_BuB-978x1536.jpg 978w, https:\/\/wp.pop-verlag.com\/wp-content\/uploads\/2024\/03\/978-3-86356-391-2_BuB-1304x2048.jpg 1304w, https:\/\/wp.pop-verlag.com\/wp-content\/uploads\/2024\/03\/978-3-86356-391-2_BuB-scaled.jpg 1630w\" sizes=\"auto, (max-width: 191px) 100vw, 191px\" \/> <img loading=\"lazy\" decoding=\"async\" class=\"alignleft size-medium wp-image-6818\" src=\"https:\/\/wp.pop-verlag.com\/wp-content\/uploads\/2024\/03\/978-3-86356-391-2_B-205x300.jpg\" alt=\"\" width=\"205\" height=\"300\" srcset=\"https:\/\/wp.pop-verlag.com\/wp-content\/uploads\/2024\/03\/978-3-86356-391-2_B-205x300.jpg 205w, https:\/\/wp.pop-verlag.com\/wp-content\/uploads\/2024\/03\/978-3-86356-391-2_B-700x1024.jpg 700w, https:\/\/wp.pop-verlag.com\/wp-content\/uploads\/2024\/03\/978-3-86356-391-2_B-768x1124.jpg 768w, https:\/\/wp.pop-verlag.com\/wp-content\/uploads\/2024\/03\/978-3-86356-391-2_B-1049x1536.jpg 1049w, https:\/\/wp.pop-verlag.com\/wp-content\/uploads\/2024\/03\/978-3-86356-391-2_B-1399x2048.jpg 1399w, https:\/\/wp.pop-verlag.com\/wp-content\/uploads\/2024\/03\/978-3-86356-391-2_B.jpg 1654w\" sizes=\"auto, (max-width: 205px) 100vw, 205px\" \/> <span class=\"readonlyText multiple\"><a href=\"https:\/\/wp.pop-verlag.com\/?page_id=6122\">Helmuth Frauendorfer<\/a><\/span>, <a href=\"https:\/\/wp.pop-verlag.com\/?p=6817\">Photopoesie Phuerth<\/a>. Reihe Lyrik Bd. 185, 84 S., ISBN 978-3-86356-391-2, \u20ac[D] 23,00<\/p>\n<p>Das Jahr 2020 wird schnell zum Jahr der Langsamkeit. Ein Jahr ungew\u00f6hnlicher Stille. Der Autor Helmuth Frauendorfer befindet sich, Berlin hinter sich lassend, in ihm fremden Gefilden. Es gibt sch\u00f6ne Stra\u00dfen in F\u00fcrth bei N\u00fcrnberg. Sie sind erstarrt. Bewegungslosigkeit. In der verordneten Einsamkeit durchstreift er die vielen gr\u00fcnen Fl\u00e4chen, die Auen, den Wiesengrund der beiden Fl\u00fcsse Pegnitz und Rednitz, die hinter dem Friedhof zusammenflie\u00dfen und zur Regnitz werden. Im Kopf entstehen S\u00e4tze des Stillstands. Und er fotografiert die skurrile Leere. Wasser, Str\u00e4ucher, B\u00e4ume schreien stumm auf. Abends setzt er sich hin und verbindet die Fotos mit den S\u00e4tzen in seinem Kopf, in den w\u00e4hrend der Spazierg\u00e4nge entstandenen Notizen. So entsteht die Photopoesie Phuerth.<\/p>\n<p><span class=\"readonlyText multiple\">Lieferbare Titel von <a href=\"https:\/\/wp.pop-verlag.com\/?page_id=6122\">Helmuth Frauendorfer<\/a>:<br \/>\n<\/span><\/p>\n<p>&#8211; <a href=\"https:\/\/wp.pop-verlag.com\/?p=6114\"><em>Abendweg<\/em><\/a>. Roman. Reihe Epik Bd. 126. 332 S., ISBN\u00a0 978-3-86356-336-3, \u20ac[D]21,50<\/p>\n<ul>\n<li><a href=\"https:\/\/wp.pop-verlag.com\/?p=6817\">Photopoesie Phuerth<\/a>. Reihe Lyrik Bd. 185, 84 S., ISBN 978-3-86356-391-2, \u20ac[D] 23,00<\/li>\n<\/ul>\n","protected":false},"excerpt":{"rendered":"<p>Helmuth Frauendorfer, Photopoesie Phuerth. Reihe Lyrik Bd. 185, 84 S., ISBN 978-3-86356-391-2, \u20ac[D] 23,00 Das Jahr 2020 wird schnell zum Jahr der Langsamkeit. Ein Jahr ungew\u00f6hnlicher Stille. Der Autor Helmuth Frauendorfer befindet sich, Berlin hinter sich lassend, in ihm fremden &hellip; <a class=\"more-link\" href=\"https:\/\/wp.pop-verlag.com\/?p=6817\">Weiterlesen <span class=\"meta-nav\">&rarr;<\/span><\/a><\/p>\n","protected":false},"author":2,"featured_media":0,"comment_status":"closed","ping_status":"closed","sticky":false,"template":"","format":"standard","meta":{"_jetpack_memberships_contains_paid_content":false,"footnotes":""},"categories":[1033,21,20,8],"tags":[349,435,214,350,239,554,405,1083,781,346,553,552,347,1082,271,244,351,245,559,358,557,345,303,1084],"class_list":["post-6817","post","type-post","status-publish","format-standard","hentry","category-e-erscheinungsjahr-2024","category-deutsch-rumaenische-literatur","category-deutsche-literatur","category-pop-lyrik","tag-aktionsgruppe-banat","tag-auswanderung","tag-banat","tag-banater-schwaben","tag-ceausescu","tag-dacia","tag-deportationen","tag-fernsehjournalist","tag-geboren-1959","tag-herta-mueller","tag-kriterion","tag-neuer-weg","tag-osteuropa","tag-petra-kelly","tag-pop-verlag","tag-rumaenien","tag-rumaeniendeutsche-literatur","tag-securitate","tag-stasi","tag-suedosteuropa","tag-temeswar","tag-timisoara","tag-traian-pop","tag-voiteg"],"jetpack_sharing_enabled":true,"jetpack_featured_media_url":"","_links":{"self":[{"href":"https:\/\/wp.pop-verlag.com\/index.php?rest_route=\/wp\/v2\/posts\/6817","targetHints":{"allow":["GET"]}}],"collection":[{"href":"https:\/\/wp.pop-verlag.com\/index.php?rest_route=\/wp\/v2\/posts"}],"about":[{"href":"https:\/\/wp.pop-verlag.com\/index.php?rest_route=\/wp\/v2\/types\/post"}],"author":[{"embeddable":true,"href":"https:\/\/wp.pop-verlag.com\/index.php?rest_route=\/wp\/v2\/users\/2"}],"replies":[{"embeddable":true,"href":"https:\/\/wp.pop-verlag.com\/index.php?rest_route=%2Fwp%2Fv2%2Fcomments&post=6817"}],"version-history":[{"count":2,"href":"https:\/\/wp.pop-verlag.com\/index.php?rest_route=\/wp\/v2\/posts\/6817\/revisions"}],"predecessor-version":[{"id":6821,"href":"https:\/\/wp.pop-verlag.com\/index.php?rest_route=\/wp\/v2\/posts\/6817\/revisions\/6821"}],"wp:attachment":[{"href":"https:\/\/wp.pop-verlag.com\/index.php?rest_route=%2Fwp%2Fv2%2Fmedia&parent=6817"}],"wp:term":[{"taxonomy":"category","embeddable":true,"href":"https:\/\/wp.pop-verlag.com\/index.php?rest_route=%2Fwp%2Fv2%2Fcategories&post=6817"},{"taxonomy":"post_tag","embeddable":true,"href":"https:\/\/wp.pop-verlag.com\/index.php?rest_route=%2Fwp%2Fv2%2Ftags&post=6817"}],"curies":[{"name":"wp","href":"https:\/\/api.w.org\/{rel}","templated":true}]}}