{"id":6809,"date":"2024-03-07T07:38:08","date_gmt":"2024-03-07T07:38:08","guid":{"rendered":"https:\/\/wp.pop-verlag.com\/?p=6809"},"modified":"2024-03-26T09:04:42","modified_gmt":"2024-03-26T09:04:42","slug":"dagmar-dusil-das-geheimnis-der-stummen-klaenge","status":"publish","type":"post","link":"https:\/\/wp.pop-verlag.com\/?p=6809","title":{"rendered":"Dagmar Dusil,\u00a0 Das Geheimnis der stummen Kl\u00e4nge"},"content":{"rendered":"<p><img loading=\"lazy\" decoding=\"async\" class=\"alignleft wp-image-6810 size-medium\" src=\"https:\/\/wp.pop-verlag.com\/wp-content\/uploads\/2024\/03\/978-3-86356-394-3_BuB-191x300.jpg\" alt=\"\" width=\"191\" height=\"300\" srcset=\"https:\/\/wp.pop-verlag.com\/wp-content\/uploads\/2024\/03\/978-3-86356-394-3_BuB-191x300.jpg 191w, https:\/\/wp.pop-verlag.com\/wp-content\/uploads\/2024\/03\/978-3-86356-394-3_BuB-652x1024.jpg 652w, https:\/\/wp.pop-verlag.com\/wp-content\/uploads\/2024\/03\/978-3-86356-394-3_BuB-768x1206.jpg 768w, https:\/\/wp.pop-verlag.com\/wp-content\/uploads\/2024\/03\/978-3-86356-394-3_BuB-978x1536.jpg 978w, https:\/\/wp.pop-verlag.com\/wp-content\/uploads\/2024\/03\/978-3-86356-394-3_BuB-1304x2048.jpg 1304w, https:\/\/wp.pop-verlag.com\/wp-content\/uploads\/2024\/03\/978-3-86356-394-3_BuB-scaled.jpg 1630w\" sizes=\"auto, (max-width: 191px) 100vw, 191px\" \/> <img loading=\"lazy\" decoding=\"async\" class=\"alignleft wp-image-6811 size-medium\" src=\"https:\/\/wp.pop-verlag.com\/wp-content\/uploads\/2024\/03\/978-3-86356-394-3_B-205x300.jpg\" alt=\"\" width=\"205\" height=\"300\" srcset=\"https:\/\/wp.pop-verlag.com\/wp-content\/uploads\/2024\/03\/978-3-86356-394-3_B-205x300.jpg 205w, https:\/\/wp.pop-verlag.com\/wp-content\/uploads\/2024\/03\/978-3-86356-394-3_B-700x1024.jpg 700w, https:\/\/wp.pop-verlag.com\/wp-content\/uploads\/2024\/03\/978-3-86356-394-3_B-768x1124.jpg 768w, https:\/\/wp.pop-verlag.com\/wp-content\/uploads\/2024\/03\/978-3-86356-394-3_B-1049x1536.jpg 1049w, https:\/\/wp.pop-verlag.com\/wp-content\/uploads\/2024\/03\/978-3-86356-394-3_B-1399x2048.jpg 1399w, https:\/\/wp.pop-verlag.com\/wp-content\/uploads\/2024\/03\/978-3-86356-394-3_B.jpg 1654w\" sizes=\"auto, (max-width: 205px) 100vw, 205px\" \/> <a href=\"https:\/\/wp.pop-verlag.com\/?page_id=2997\">Dagmar Dusil<\/a>,\u00a0 <a href=\"https:\/\/wp.pop-verlag.com\/?p=6809\">Das Geheimnis der stummen Kl\u00e4nge<\/a>. Roman. Reihe Epik . Bd. 149, 220 Seiten,\u00a0 ISBN 978-3-86356-394-3; \u20ac[D]21,00<\/p>\n<p>Dagmar Dusil f\u00e4ngt in ihrem neuen Roman <em>Das Geheimnis der stummen Kl\u00e4nge <\/em>\u00a0die abgrundtiefe Verworfenheit osteurop\u00e4ischer Zeitumst\u00e4nde in der zweiten H\u00e4lfte des 20. Jahrhunderts ein.<\/p>\n<p>Clara, die zur Adoption freigegebene ungewollte Tochter der Starpianistin Lavinia, entwickelt sich auch zu einer vielversprechenden Klavierspielerin.\u00a0 Von einer erbarmungslosen Inszenierung der gef\u00fcrchteten rum\u00e4nischen Geheimpolizei Securitate wird sie als F\u00fcnfzehnj\u00e4hrige bei einem Talentwettbewerb zutiefst verletzt und zun\u00e4chst vom sicher geglaubten Weg der musikalischen Selbstverwirklichung abgebracht. Sie wird \u00c4rztin, arbeitet aber trotz ihrer tiefen Entt\u00e4uschung im Stillen weiterhin an der Vervollkommnung ihres Klavierspiels.<\/p>\n<p>Im furiosen Finale\u00a0 treffen Tochter und Mutter, deren Lebenswege sich bis zu diesem Zeitpunkt nicht gekreuzt haben, nach vielen Jahren in einem an Dramatik nicht zu \u00fcberbietenden Showdown erstmals aufeinander.<\/p>\n<p>\u201eAus dem Malpapier ihrer Mutter, dass sie Blatt f\u00fcr Blatt wie ein Gauner entwendete, nachdem sie feststellen musste, dass es kein Papier zu kaufen gab, fertigte sie zun\u00e4chst die wei\u00dfen Tasten an, denen die mit Mutters \u00d6lfarbe \u00fcberstrichenen schwarzen folgten. Anfangs war es ein ungewohntes Gef\u00fchl, die Finger \u00fcber den harten Unter- grund gleiten zu lassen, w\u00e4hrend der Fl\u00fcgel verwaist im Zimmer stand. Wie eine Diebin n\u00e4her\u00adte sich Clara ihm, wenn sie alleine in der Wohnung war, ber\u00fchrte in einem piano pianissimo die Tasten, um sofort die Hand zur\u00fcckzuziehen. Es kam ihr wie ein gro\u00dfer Verrat vor, ein Verrat an ihr selbst, an ihren Anspr\u00fcchen, an ihren mit F\u00fc\u00dfen getretenen Leistungen. Sie qu\u00e4lte sich selbst und glaubte, nur so das Leben ertragen zu k\u00f6nnen. In der Stummheit des Papier\u00adklaviers spuckten die angeschlagenen Tasten T\u00f6ne aus, die nur sie h\u00f6rte, von denen nur sie wusste, und die Schwin- gungen erreichten den Ort in ihrem K\u00f6rper, den einige Menschen Seele nennen.\u201c<\/p>\n<p>\u201e\u2026 meine Schneetr\u00e4ume, so wei\u00df, so sehr herbeigesehnt, so verg\u00e4nglich\u201c \u2013 es sind die Lebenstr\u00e4ume Claras, die sie am Ende atemberaubender Entwicklungen gegen gro\u00dfe Widerst\u00e4nde zumindest teilweise verwirklicht hat. Die \u00c4rztin, die eigentlich eine virtuose Klavierspielerin werden wollte, trifft im Romanfinale zum ersten Mal auf ihre leibliche Mutter, eine ber\u00fchmte Pianistin \u2013 es kommt zu einem Showdown, der an Dramatik nicht zu \u00fcberbieten ist.<\/p>\n<p>Dagmar Dusil erz\u00e4hlt mal beklemmend und eindringlich, mal poetisch verst\u00f6rend und filmisch sequenziert, aber allemal subtil und detailreich in der Linienf\u00fchrung. Leserinnen und Leser k\u00f6nnen sich in dieser spannenden Schilderung einer Selbstbefreiung sowohl an unbeschwerten Dur- als auch an traurigen Moll-Erz\u00e4hl-Akkorden erfreuen.<\/p>\n<p>Lieferbare Titel von <strong><a href=\"https:\/\/wp.pop-verlag.com\/?page_id=2997\">Dagmar Dusil<\/a><\/strong><\/p>\n<ul>\n<li><strong><a href=\"http:\/\/wp.pop-verlag.com\/?page_id=2988\">R. G. Waldeck<\/a>: <a href=\"http:\/\/wp.pop-verlag.com\/?p=2984\">Ath\u00e9n\u00e9e Palace.<\/a> <a href=\"http:\/\/wp.pop-verlag.com\/?p=2984\">Hitlers \u201eNeue Ordnung\u201c kommt nach Rum\u00e4nien<\/a><br \/>\n<\/strong>Mit einem Nachwort des amerikanischen Diplomaten, Historikers und versierten Rum\u00e4nien Kenners Ernest H. Latham, Jr.Aus dem Amerikanischen von <strong><a href=\"http:\/\/wp.pop-verlag.com\/?page_id=2997\">Dagmar Dusil<\/a> <\/strong> und Dr. <a href=\"http:\/\/wp.pop-verlag.com\/?page_id=3001\"><strong>Gerlinde Roth<\/strong><\/a>. Pop Epik. ISBN: 978-3-86356-218-2, 472 Seiten, \u20ac[D]24,50<\/li>\n<li><a href=\"https:\/\/wp.pop-verlag.com\/?p=4026\"><strong>Auf leisen Sohlen. Ann\u00e4herungen an Katzendorf<\/strong><\/a>. Die POP-Verlag-Fragmentariumreihe, Bd. 10. ISBN: 978-3-86356-262-5, 286 Seiten, \u20ac[D]18,50<\/li>\n<li><a href=\"https:\/\/wp.pop-verlag.com\/?p=4285\">\u00a0<strong>Looking Back Through the Kitchen Window<\/strong><\/a>. Die POP-Verlag-Fragmentariumreihe, Bd. 14. ISBN: 978-3-86356-279-3, 260 Seiten, \u20ac[D]16,50<\/li>\n<li><a href=\"https:\/\/wp.pop-verlag.com\/?p=4522\"><strong>So is(s)t Hermannstadt<\/strong>.<\/a> Die POP-Verlag-Fragmentariumreihe, Bd. 15. ISBN: 978-3-86356-282-3,186 Seiten, \u20ac[D]13,80<\/li>\n<li><strong><a href=\"https:\/\/wp.pop-verlag.com\/?page_id=2997\"> Dagmar Dusil<\/a><\/strong> \/<a href=\"https:\/\/wp.pop-verlag.com\/?page_id=5864\"><strong> Ioana Ieronim<\/strong><\/a>:\u00a0<strong><a href=\"https:\/\/wp.pop-verlag.com\/?p=5873\">Beleuchtete Busse in denen keiner sa\u00df \/ \u015ei trec autobuze goale<\/a>.<\/strong> Gedichte. Illustration: <a href=\"https:\/\/wp.pop-verlag.com\/?page_id=5869\"><strong>Gerhild W\u00e4chter<\/strong><\/a>. Nachwort von <a href=\"https:\/\/wp.pop-verlag.com\/?page_id=3027\"><strong>Emil Hurezeanu<\/strong><\/a>. Reihe Lyrik Bd. 164, 124 Seiten,\u00a0 ISBN 978-3-86356-339-4; \u20ac[D]19,90<\/li>\n<li><a href=\"https:\/\/wp.pop-verlag.com\/?p=6217\"><strong>Entbl\u00e4tterte Zeit.\u00a0Kurzgeschichten<\/strong><\/a>. Reihe Epik . Bd. 131, 196 Seiten,\u00a0 ISBN 978-3-86356-359-2; \u20ac[D]16,50<\/li>\n<li><strong><a href=\"https:\/\/wp.pop-verlag.com\/?p=6281\">Mit Erinnerungen gepflastert.<\/a>\u00a0Eine Anthologie von <a href=\"https:\/\/wp.pop-verlag.com\/?p=6281\">Dagmar Dusil<\/a>.<\/strong> Kartoniert, mit Schutzumschlag (bedruckt). Reihe Fragmentarium, Bd. 28. ISBN: 978-3-86356-367-7, 410 Seiten, \u20ac[D]25,00<\/li>\n<li><a href=\"https:\/\/wp.pop-verlag.com\/?page_id=2997\">Dagmar Dusil<\/a>,\u00a0 <a href=\"https:\/\/wp.pop-verlag.com\/?p=6809\">Das Geheimnis der stummen Kl\u00e4nge<\/a>. Roman. Reihe Epik . Bd. 149, 220 Seiten,\u00a0 ISBN 978-3-86356-394-3; \u20ac[D]21,00<\/li>\n<\/ul>\n","protected":false},"excerpt":{"rendered":"<p>Dagmar Dusil,\u00a0 Das Geheimnis der stummen Kl\u00e4nge. Roman. Reihe Epik . Bd. 149, 220 Seiten,\u00a0 ISBN 978-3-86356-394-3; \u20ac[D]21,00 Dagmar Dusil f\u00e4ngt in ihrem neuen Roman Das Geheimnis der stummen Kl\u00e4nge \u00a0die abgrundtiefe Verworfenheit osteurop\u00e4ischer Zeitumst\u00e4nde in der zweiten H\u00e4lfte des &hellip; <a class=\"more-link\" href=\"https:\/\/wp.pop-verlag.com\/?p=6809\">Weiterlesen <span class=\"meta-nav\">&rarr;<\/span><\/a><\/p>\n","protected":false},"author":2,"featured_media":0,"comment_status":"closed","ping_status":"closed","sticky":false,"template":"","format":"standard","meta":{"_jetpack_memberships_contains_paid_content":false,"footnotes":""},"categories":[1033,21,20,23,9],"tags":[1060,1062,1065,1076,1070,1078,428,1073,421,1067,1074,1072,649,1066,540,430,1063,782,648,1080,1059,1077,1069,271,1081,1058,1075,667,366,351,539,1056,246,1071,247,1068,531,1064,1057,358,1079,303,634,1061,763,668],"class_list":["post-6809","post","type-post","status-publish","format-standard","hentry","category-e-erscheinungsjahr-2024","category-deutsch-rumaenische-literatur","category-deutsche-literatur","category-ost-suedosteuropaeische-literatur","category-pop-epik","tag-abtreibungsverbot","tag-adoption","tag-alexander-nikolajewitsch","tag-alt","tag-altreich-regat","tag-aluta","tag-bamberg","tag-bucuresti","tag-bukarest","tag-carl","tag-cata","tag-cluj-napoca-klausenburg","tag-dorfschreiberin","tag-filtsch","tag-hermanstadt","tag-katzendorf","tag-klavierkonzert","tag-liebe","tag-literatur","tag-macht-der-erinnerung","tag-mord","tag-olt","tag-oltener-olteni","tag-pop-verlag","tag-prosa-als-erzaehlkino","tag-republikflucht","tag-rimnicu-vilcea","tag-roma","tag-roman","tag-rumaeniendeutsche-literatur","tag-rumaeniendeutschen","tag-securitate-geheimdienst","tag-sibiu","tag-sibiu-hermannstadt","tag-siebenbuergen","tag-siebenbuergen-transsilvanien-ardeal","tag-siebenbuerger-sachsen","tag-skrjabin","tag-staatsterror","tag-suedosteuropa","tag-szenischer-praesens","tag-traian-pop","tag-venedig","tag-vergewaltigung","tag-walter-fromm","tag-zigeuner"],"jetpack_sharing_enabled":true,"jetpack_featured_media_url":"","_links":{"self":[{"href":"https:\/\/wp.pop-verlag.com\/index.php?rest_route=\/wp\/v2\/posts\/6809","targetHints":{"allow":["GET"]}}],"collection":[{"href":"https:\/\/wp.pop-verlag.com\/index.php?rest_route=\/wp\/v2\/posts"}],"about":[{"href":"https:\/\/wp.pop-verlag.com\/index.php?rest_route=\/wp\/v2\/types\/post"}],"author":[{"embeddable":true,"href":"https:\/\/wp.pop-verlag.com\/index.php?rest_route=\/wp\/v2\/users\/2"}],"replies":[{"embeddable":true,"href":"https:\/\/wp.pop-verlag.com\/index.php?rest_route=%2Fwp%2Fv2%2Fcomments&post=6809"}],"version-history":[{"count":5,"href":"https:\/\/wp.pop-verlag.com\/index.php?rest_route=\/wp\/v2\/posts\/6809\/revisions"}],"predecessor-version":[{"id":6890,"href":"https:\/\/wp.pop-verlag.com\/index.php?rest_route=\/wp\/v2\/posts\/6809\/revisions\/6890"}],"wp:attachment":[{"href":"https:\/\/wp.pop-verlag.com\/index.php?rest_route=%2Fwp%2Fv2%2Fmedia&parent=6809"}],"wp:term":[{"taxonomy":"category","embeddable":true,"href":"https:\/\/wp.pop-verlag.com\/index.php?rest_route=%2Fwp%2Fv2%2Fcategories&post=6809"},{"taxonomy":"post_tag","embeddable":true,"href":"https:\/\/wp.pop-verlag.com\/index.php?rest_route=%2Fwp%2Fv2%2Ftags&post=6809"}],"curies":[{"name":"wp","href":"https:\/\/api.w.org\/{rel}","templated":true}]}}