{"id":6795,"date":"2024-03-07T05:57:37","date_gmt":"2024-03-07T05:57:37","guid":{"rendered":"https:\/\/wp.pop-verlag.com\/?p=6795"},"modified":"2024-03-07T07:23:46","modified_gmt":"2024-03-07T07:23:46","slug":"anton-sterbling-rueckkehr-aus-dem-klimadelirium-und-die-merkwuerdige-begegnung-mit-nikolaus-lenau-in-wien","status":"publish","type":"post","link":"https:\/\/wp.pop-verlag.com\/?p=6795","title":{"rendered":"Anton Sterbling, R\u00fcckkehr aus dem Klimadelirium und die merkw\u00fcrdige Begegnung mit Nikolaus Lenau in Wien"},"content":{"rendered":"<p><img loading=\"lazy\" decoding=\"async\" class=\"alignleft wp-image-6802 size-medium\" src=\"https:\/\/wp.pop-verlag.com\/wp-content\/uploads\/2024\/03\/978-3-86356-389-9_BuB-191x300.jpg\" alt=\"\" width=\"191\" height=\"300\" srcset=\"https:\/\/wp.pop-verlag.com\/wp-content\/uploads\/2024\/03\/978-3-86356-389-9_BuB-191x300.jpg 191w, https:\/\/wp.pop-verlag.com\/wp-content\/uploads\/2024\/03\/978-3-86356-389-9_BuB-652x1024.jpg 652w, https:\/\/wp.pop-verlag.com\/wp-content\/uploads\/2024\/03\/978-3-86356-389-9_BuB-768x1206.jpg 768w, https:\/\/wp.pop-verlag.com\/wp-content\/uploads\/2024\/03\/978-3-86356-389-9_BuB-978x1536.jpg 978w, https:\/\/wp.pop-verlag.com\/wp-content\/uploads\/2024\/03\/978-3-86356-389-9_BuB-1304x2048.jpg 1304w, https:\/\/wp.pop-verlag.com\/wp-content\/uploads\/2024\/03\/978-3-86356-389-9_BuB-scaled.jpg 1630w\" sizes=\"auto, (max-width: 191px) 100vw, 191px\" \/> <img loading=\"lazy\" decoding=\"async\" class=\"alignleft wp-image-6803 size-medium\" src=\"https:\/\/wp.pop-verlag.com\/wp-content\/uploads\/2024\/03\/978-3-86356-389-9_B-205x300.jpg\" alt=\"\" width=\"205\" height=\"300\" srcset=\"https:\/\/wp.pop-verlag.com\/wp-content\/uploads\/2024\/03\/978-3-86356-389-9_B-205x300.jpg 205w, https:\/\/wp.pop-verlag.com\/wp-content\/uploads\/2024\/03\/978-3-86356-389-9_B-700x1024.jpg 700w, https:\/\/wp.pop-verlag.com\/wp-content\/uploads\/2024\/03\/978-3-86356-389-9_B-768x1124.jpg 768w, https:\/\/wp.pop-verlag.com\/wp-content\/uploads\/2024\/03\/978-3-86356-389-9_B-1049x1536.jpg 1049w, https:\/\/wp.pop-verlag.com\/wp-content\/uploads\/2024\/03\/978-3-86356-389-9_B-1399x2048.jpg 1399w, https:\/\/wp.pop-verlag.com\/wp-content\/uploads\/2024\/03\/978-3-86356-389-9_B.jpg 1654w\" sizes=\"auto, (max-width: 205px) 100vw, 205px\" \/> <a href=\"http:\/\/wp.pop-verlag.com\/?page_id=2593\"><strong>Anton Sterbling<\/strong><\/a>, <a href=\"https:\/\/wp.pop-verlag.com\/?p=6795\">R\u00fcckkehr aus dem Klimadelirium und die merkw\u00fcrdige Begegnung mit Nikolaus Lenau in Wien<\/a>. Kartoniert mit Schutzumschlag (bedruckt).\u00a0 Reihe Epik Bd. 147; ISBN: 978-3-86356-389-9; 183 Seiten, \u20ac[D]15,50<\/p>\n<p>Die Geschichte des Prof. Dr. Dr. h.c. Bartholom\u00e4us Jeanpaul aus dem Erz\u00e4hlungsband \u201eKlimadelirium und andere furchtbare Erz\u00e4hlungen\u201c lie\u00df mich nicht los. Sie dr\u00e4ngte geradezu auf eine Fortf\u00fchrung. Diese sollte zeitlich bis in die Gegenwart und dar\u00fcber hinaus reichen.<br \/>\nEin wiederholtes Gespr\u00e4ch mit Freunden \u00fcber Nikolaus Lenau, dessen Todestag sich \u00fcbrigens im n\u00e4chsten Jahr zum 175. Mal j\u00e4hrt, brachte mich auf die Idee, meine Erz\u00e4hlung \u00fcber die R\u00fcckkehr des Professors Bartholom\u00e4us Jeanpaul mit gleichsam antizipierten und phantastisch erdachten Geschehnissen und Ereignissen rund um Nikolaus Lenau in Wien, die nicht zuf\u00e4llig etwas mit dem faszinierenden Bannkreis der Literatur zu tun haben, zu verbinden.<\/p>\n<p>Lieferbare Titel von<a href=\"http:\/\/wp.pop-verlag.com\/?page_id=2593\"><strong>\u00a0Anton Sterbling<\/strong><\/a>:<\/p>\n<ul>\n<li><strong><a href=\"http:\/\/wp.pop-verlag.com\/?p=470\">\u201eGrenzg\u00e4nge, Heimat, Wanderungen<\/a><\/strong>\u201c . Narrative \u00fcber das zerbrochene. Sinnmuster der Vergangenheit. ISBN 978-3-86356-054-6, 170 Seiten, \u20ac[D]14,80<\/li>\n<li><strong>Horst Samson<\/strong> <strong>&amp; <a href=\"http:\/\/wp.pop-verlag.com\/?page_id=2593\">Anton Sterbling<\/a><\/strong> (Hrsg.):<a href=\"http:\/\/wp.pop-verlag.com\/?p=2670\"><strong> \u201eDie Sprache, die auf das Nichts folgt, die kennen wir nicht. S\u00e4tze und Texte f\u00fcr Richard Wagner.\u201c<\/strong> <\/a>Mit Grafiken und Malereien von Walter Andreas Kirchner. Fragmentarium Reihe. 320 Seiten,\u00a0ISBN: 978-3-86356-174-1,\u00a0 \u20ac[D] 23,00<\/li>\n<li><strong>\u00dcber deutsche Dichter, Schriftsteller und Intellektuelle aus Rum\u00e4nien. <\/strong>Autorenportraits, Essays und Rezensionen.<a href=\"https:\/\/wp.pop-verlag.com\/?p=2670\">Richard Wagner<\/a>, Herta M\u00fcller, Paul Schuster, <a href=\"https:\/\/wp.pop-verlag.com\/?page_id=742\">Johann Lippet<\/a>, <a href=\"https:\/\/wp.pop-verlag.com\/?page_id=964\">Hellmut Seiler<\/a>, <a href=\"https:\/\/wp.pop-verlag.com\/?page_id=734\">Horst Samson<\/a>, Ilse Hehn,\u00a0Werner Kremm.Pop Universitas, Bd. 14, ISBN 978-3-86356-251-9, 216 Seiten, \u20ac[D]16,50<\/li>\n<li><strong><a href=\"https:\/\/wp.pop-verlag.com\/?p=4566\">Entr\u00fcckung in den Kopfstand<\/a><\/strong>. Gedichte und Texte 1968 bis 2019. Lyrikreihe Bd. 141; ISBN 978-3-86356-283-0; 141 Seiten, \u20ac[D]15,00<\/li>\n<li><strong><a href=\"https:\/\/wp.pop-verlag.com\/?p=5187\">Klimadelirium und andere furchtbare Erz\u00e4hlungen<\/a><\/strong>. Reihe Epik Bd. 113; ISBN: 978-3-86356-303-5; 244 Seiten, \u20ac[D]16,90<\/li>\n<li><strong><a href=\"http:\/\/wp.pop-verlag.com\/?page_id=2593\">Anton Sterbling<\/a>:\u00a0<a href=\"https:\/\/wp.pop-verlag.com\/?p=5611\">Die versunkene Republik.\u00a0<\/a><\/strong>Erz\u00e4hlungen. Reihe: EPIK, Bd. 119. ISBN 978-3-86356-321-9, Pop Verlag, Ludwigsburg 2021, 280 Seiten. \u20ac[D]18,50.<\/li>\n<li><a href=\"https:\/\/wp.pop-verlag.com\/?p=6152\"><strong>Ende einer Pandemie und weitere Erz\u00e4hlungen<\/strong><\/a>. Kartoniert mit Schutzumschlag (bedruckt).\u00a0 Reihe Epik Bd. 131; ISBN: 978-3-86356-357-8; 183 Seiten, \u20ac[D]16,50<\/li>\n<li><strong><a href=\"https:\/\/wp.pop-verlag.com\/?p=6795\">R\u00fcckkehr aus dem Klimadelirium und die merkw\u00fcrdige Begegnung mit Nikolaus Lenau in Wien<\/a>.<\/strong> Kartoniert mit Schutzumschlag (bedruckt).\u00a0 Reihe Epik Bd. 147; ISBN: 978-3-86356-389-9; 183 Seiten, \u20ac[D]15,50<\/li>\n<\/ul>\n","protected":false},"excerpt":{"rendered":"<p>Anton Sterbling, R\u00fcckkehr aus dem Klimadelirium und die merkw\u00fcrdige Begegnung mit Nikolaus Lenau in Wien. Kartoniert mit Schutzumschlag (bedruckt).\u00a0 Reihe Epik Bd. 147; ISBN: 978-3-86356-389-9; 183 Seiten, \u20ac[D]15,50 Die Geschichte des Prof. Dr. Dr. h.c. Bartholom\u00e4us Jeanpaul aus dem Erz\u00e4hlungsband &hellip; <a class=\"more-link\" href=\"https:\/\/wp.pop-verlag.com\/?p=6795\">Weiterlesen <span class=\"meta-nav\">&rarr;<\/span><\/a><\/p>\n","protected":false},"author":2,"featured_media":0,"comment_status":"closed","ping_status":"closed","sticky":false,"template":"","format":"standard","meta":{"_jetpack_memberships_contains_paid_content":false,"footnotes":""},"categories":[1033,21,20,23,9],"tags":[349,409,567,352,350,354,348,239,353,564,360,568,361,570,565,346,569,355,347,566,271,244,351,245,358,345,303,359,357,356],"class_list":["post-6795","post","type-post","status-publish","format-standard","hentry","category-e-erscheinungsjahr-2024","category-deutsch-rumaenische-literatur","category-deutsche-literatur","category-ost-suedosteuropaeische-literatur","category-pop-epik","tag-aktionsgruppe-banat","tag-anton-sterbling","tag-aussiedlerfamilie","tag-banater-republik","tag-banater-schwaben","tag-baraganverschleppung","tag-berner-zeitung","tag-ceausescu","tag-deportation","tag-erfahrungen","tag-exil","tag-freiheit","tag-gefaengnis","tag-grenzfahrt","tag-heimsuchungen","tag-herta-mueller","tag-liebesgluecks","tag-militaerdienst","tag-osteuropa","tag-politischen-aktivisten","tag-pop-verlag","tag-rumaenien","tag-rumaeniendeutsche-literatur","tag-securitate","tag-suedosteuropa","tag-timisoara","tag-traian-pop","tag-vergangenheit","tag-zweiten-weltkrieg","tag-zwischenkriegszeit"],"jetpack_sharing_enabled":true,"jetpack_featured_media_url":"","_links":{"self":[{"href":"https:\/\/wp.pop-verlag.com\/index.php?rest_route=\/wp\/v2\/posts\/6795","targetHints":{"allow":["GET"]}}],"collection":[{"href":"https:\/\/wp.pop-verlag.com\/index.php?rest_route=\/wp\/v2\/posts"}],"about":[{"href":"https:\/\/wp.pop-verlag.com\/index.php?rest_route=\/wp\/v2\/types\/post"}],"author":[{"embeddable":true,"href":"https:\/\/wp.pop-verlag.com\/index.php?rest_route=\/wp\/v2\/users\/2"}],"replies":[{"embeddable":true,"href":"https:\/\/wp.pop-verlag.com\/index.php?rest_route=%2Fwp%2Fv2%2Fcomments&post=6795"}],"version-history":[{"count":8,"href":"https:\/\/wp.pop-verlag.com\/index.php?rest_route=\/wp\/v2\/posts\/6795\/revisions"}],"predecessor-version":[{"id":6808,"href":"https:\/\/wp.pop-verlag.com\/index.php?rest_route=\/wp\/v2\/posts\/6795\/revisions\/6808"}],"wp:attachment":[{"href":"https:\/\/wp.pop-verlag.com\/index.php?rest_route=%2Fwp%2Fv2%2Fmedia&parent=6795"}],"wp:term":[{"taxonomy":"category","embeddable":true,"href":"https:\/\/wp.pop-verlag.com\/index.php?rest_route=%2Fwp%2Fv2%2Fcategories&post=6795"},{"taxonomy":"post_tag","embeddable":true,"href":"https:\/\/wp.pop-verlag.com\/index.php?rest_route=%2Fwp%2Fv2%2Ftags&post=6795"}],"curies":[{"name":"wp","href":"https:\/\/api.w.org\/{rel}","templated":true}]}}