{"id":6736,"date":"2023-09-25T07:42:26","date_gmt":"2023-09-25T07:42:26","guid":{"rendered":"https:\/\/wp.pop-verlag.com\/?p=6736"},"modified":"2023-09-25T07:51:59","modified_gmt":"2023-09-25T07:51:59","slug":"theo-breuer-vorschlag-zur-bluete","status":"publish","type":"post","link":"https:\/\/wp.pop-verlag.com\/?p=6736","title":{"rendered":"Theo Breuer, Vorschlag zur Bl\u00fcte"},"content":{"rendered":"<p><img loading=\"lazy\" decoding=\"async\" class=\"alignleft size-medium wp-image-6737\" src=\"https:\/\/wp.pop-verlag.com\/wp-content\/uploads\/2023\/09\/978-3-86356-371-4_BuB-191x300.jpg\" alt=\"\" width=\"191\" height=\"300\" srcset=\"https:\/\/wp.pop-verlag.com\/wp-content\/uploads\/2023\/09\/978-3-86356-371-4_BuB-191x300.jpg 191w, https:\/\/wp.pop-verlag.com\/wp-content\/uploads\/2023\/09\/978-3-86356-371-4_BuB-652x1024.jpg 652w, https:\/\/wp.pop-verlag.com\/wp-content\/uploads\/2023\/09\/978-3-86356-371-4_BuB-768x1206.jpg 768w, https:\/\/wp.pop-verlag.com\/wp-content\/uploads\/2023\/09\/978-3-86356-371-4_BuB-978x1536.jpg 978w, https:\/\/wp.pop-verlag.com\/wp-content\/uploads\/2023\/09\/978-3-86356-371-4_BuB-1304x2048.jpg 1304w, https:\/\/wp.pop-verlag.com\/wp-content\/uploads\/2023\/09\/978-3-86356-371-4_BuB-scaled.jpg 1630w\" sizes=\"auto, (max-width: 191px) 100vw, 191px\" \/> <strong><a href=\"http:\/\/wp.pop-verlag.com\/?page_id=1087\">Theo Breuer<\/a><\/strong>, <em><a href=\"https:\/\/wp.pop-verlag.com\/?p=6736\">Vorschlag zur Bl\u00fcte<\/a>. <\/em>Gedichte, Reihe Lyrik Bd. 179, 206 Seiten, ISBN 978-3-86356-371-4, \u20ac[D]18,50<\/p>\n<p>Auf \u00bbBuchf\u00fchlung\u00ab mit Theo Breuer<\/p>\n<pre>Mit <em>Vorschlag zur Bl\u00fcte<\/em> legt Theo Breuer \u2013 nach <em>Das gewonnene Alphabet<\/em> (2012), <em>Zischender Zustand \u2219 Mayr\u00f6cker Time<\/em> (2017), <em>Scherben saufen<\/em> (2019), <em>Winterbienen im Urftland<\/em> (2019) und <em>nicht weniger nicht mehr<\/em> (2021) \u2013 2023 ein weiteres Gedichtbuch im Pop Verlag vor.\n\nEs scheint ganz so, als habe der Autor (eiei, so das denn m\u00f6glich sei) es nun noch mehr, o je, auf die Sprache, ja, aufs einzelne Wort abgesehn.\n\nJa, was denn sonst??? m\u00f6gen, freilich, manche fragen. \n\nRecht haben sie mit dem, was Hannah Arendt kurz und b\u00fcndig proklamiert : <em>Alles, wirklich alles dreht sich um Sprache<\/em>.\n\nAuch diese seitenweise feurig funkelnden, aus Aufgelesnem montierten, Klangbilder malenden, Klangr\u00e4ume er\u00f6ffnenden Gedichte wollen eins \u2013 unmi\u00df:verst\u00e4ndlich \u2013 klarstellen : Ohne den Schall der Sprache geht gar nichts.\n\n(Echt jetzt?)\n\nGetreu dem vorangestellten Motto, auf das er w\u00e4hrend der Lekt\u00fcre von Gila Lustigers Roman <em>So sind wir<\/em> stie\u00df, bewegt, jongliert, vertauscht Breuer (vexierbildlich gesprochen) die Buchstaben so lange, \u00bbbis die Welt von ihnen abf\u00e4llt und\u00ab \u2013 im gl\u00fccklichen Falle \u2013 \u00bbdas reine magische Wort entsteht\u00ab.\n\nVon A, dem laut Grimmschem W\u00f6rterbuch \u00bbedelsten, urspr\u00fcnglichsten aller Laute\u00ab, bis zum ziemlich zackigen Z werden \u2013 parodistisch programmatisch, gern eine schicke Lippe riskierend \u2013 Paragramm, Pastiche, Pointe u. a. m. auf lustvoll lustige Weise probiert, da\u00df es nur so eine Art hat. (Ja, manches steht auf der Kippe.)\n\nUnd nein, verehrter Leser : \u00bbPardon wird nicht gegeben\u00ab. (Denn wie meinte einst Ernst Jandl : \u00bbDie Rache der Sprache ist das Gedicht\u00ab, was Mrs Columbo l\u00e4chelnd bejaht.)\n\nOb lakonisches Einwortgedicht, <em>verp\u00f6render<\/em> Vierzeiler, tiefschweifendes Sonett oder worttoller Seitenkn\u00fcller, ob geheimnisvoll\/r\u00e4tselhaft spiegelndes Gem\u00e4ldegedicht, tonangebendes Musikgedicht, schrulliges Rollengedicht (oder scheinteiliges Spiel mit dem \u203aIch\u2039 : Bensch, Kraus, Quer und Tr\u00e4umling lassen gr\u00fc\u00dfen) \u2013 die vielh\u00e4utigen Verse rei\u00dfen uns, akrobatisch von Wortriff zu Wortklippe s<sup>pr<\/sup>ingend, mit in die schiefen Gr\u00fcnde und Schl\u00fcnde, die sich beim Lesen wortsaufend auftun.\n\n<em>Wie kein anderer Lyriker bedient sich Theo Breuer, <\/em>so Norbert Scheuer in der S\u00fcddeutschen Zeitung,<em> in seinem mittlerweile gro\u00dfen Werk der gesamten Weltliteratur, indem er diese kombiniert, assimiliert und die Motive zu einem neuartigen lyrischen Konzept verarbeitet. Seine Gedichte folgen einer r\u00e4tselhaften Traumspur und sind gleichzeitig doch ganz konkret, von einer nicht abzuweisenden inneren Logik durchdrungen<\/em>.\n\nDas Gedichtbuch <em>Vorschlag zur Bl\u00fcte<\/em> ist also alles andre als eine schmucke Eigentumswohnung, sondern, im Gegenteil, ein segelrechtwidriger labyrinthischer Kosmos toll von fintenreichen binnengereimten paradoxen Interventionen, in dem man sich (ohne Faden, aber mit dem knallenden Gebr\u00fcll des Minotauros im Ohr) vollends verlieren und eben drum blauwohl f\u00fchlen kann \u2013 eingeladen, die Verse um- und fortzuschreiben.\n\nUnd \u2013 wer wollte denn nicht dabei sein, wenn Eros mit Thanatos Tango tanzt?! (Dabeisein ist schlie\u00dflich \u2013 auch und besonders in der Lyrik \u2013 : alles.)<\/pre>\n<p><img loading=\"lazy\" decoding=\"async\" class=\"alignleft size-full wp-image-6738\" src=\"https:\/\/wp.pop-verlag.com\/wp-content\/uploads\/2023\/09\/Breuer-2023_BILD-1.jpg\" alt=\"\" width=\"274\" height=\"76\" srcset=\"https:\/\/wp.pop-verlag.com\/wp-content\/uploads\/2023\/09\/Breuer-2023_BILD-1.jpg 274w, https:\/\/wp.pop-verlag.com\/wp-content\/uploads\/2023\/09\/Breuer-2023_BILD-1-272x76.jpg 272w\" sizes=\"auto, (max-width: 274px) 100vw, 274px\" \/><\/p>\n<pre style=\"text-align: right;\">\u00a0Michael Denhoff \u00b7 <em>countertimecounter<\/em>\n\n<em>\u2026 \u2013 der eine laut, <\/em>\n\n<em>der andere leise.<\/em>\n\nJoachim Ringelnatz\n\n\n\n\n<em>Wer jetzt kein Haus hat, <\/em>\n\n<em>baut sich keines mehr.<\/em>\n\nRainer M. Rilke<\/pre>\n<pre><em>zeilenleise zeitenweise<\/em>\n\n\n\n\n<em>mein<\/em> \u2026 <em>messer<\/em>\n\nes \" blutet\n\nseitenweise\n\n( nun \u2013 besser \u2013 nicht \u2013\u2013\u2013\u2013 atmen )\n\nauf buchf\u00fchlung g\/e\/h\/e\/n\n\nmit alarmierendem bienenfresser\n\nverp\u00f6rendem mordton\n\ns\u00b7i\u00b7l\u00b7b\u00b7e\u00b7n\u00b7w\u00b7e\u00b7i\u00b7s\u00b7e \/ sehr <em>langsam<\/em>\n\nentgegen \u2013 \u2013 \u2013 w-a-c-h-s-e-\n\n<\/pre>\n<p>Lieferbare Titel von <strong><a href=\"http:\/\/wp.pop-verlag.com\/?page_id=1087\">Theo Breuer<\/a><\/strong>:<\/p>\n<ul>\n<li><a href=\"https:\/\/wp.pop-verlag.com\/?p=233\"><strong>Das gewonnene Alphabet<\/strong><\/a>. Gedichte. 122 Seiten. Reihe Lyrik Bd. 54. ISBN 978-3-86356-039-3. <strong>2012<\/strong>. \u20ac[D]12,00.<\/li>\n<li><strong><a href=\"http:\/\/wp.pop-verlag.com\/?p=2366\">Zischender Zustand. Mayr\u00f6cker Time<\/a><\/strong>. Reihe Lesezeichen Bd. 1. ISBN 978-3-86356-152-9. 200 Seiten. <strong>2017<\/strong>. \u20ac[D]16,90.<\/li>\n<li><strong><a href=\"https:\/\/wp.pop-verlag.com\/?p=4048\">Scherben saufen.\u00a0<\/a><\/strong> 171 Seiten. Reihe Lyrik Bd. 129. ISBN 978-3-86356-265-6. <strong>2019<\/strong>. \u20ac[D]15,90.<\/li>\n<li><strong><a href=\"https:\/\/wp.pop-verlag.com\/?p=4436\">Winterbienen im Urftland.<\/a><a href=\"https:\/\/wp.pop-verlag.com\/?p=4436\"> Empfundene \/ erfundene Welten in Norbert Scheuers Gedichten und Geschichten<\/a><\/strong>. 128 Seiten. Reihe Lesezeichen Bd. 5. ISBN 978-3-86356-277-9. <strong>2019<\/strong>. \u20ac[D]12,80.<\/li>\n<\/ul>\n<ul>\n<li><a href=\"https:\/\/wp.pop-verlag.com\/?p=5498\"><strong>nicht weniger nicht mehr. <\/strong>\u203aGedichte\u2039<\/a>. <strong><a href=\"https:\/\/wp.pop-verlag.com\/?p=5498\">\u00a0<\/a><\/strong>Reihe Lyrik Bd. 151, 133 Seiten, ISBN 978-3-86356-317-2. <strong>2021<\/strong> \u20ac[D]14,50.<\/li>\n<li><em><a href=\"https:\/\/wp.pop-verlag.com\/?p=6736\">Vorschlag zur Bl\u00fcte<\/a>. <\/em>Gedichte, Reihe Lyrik Bd. 179, 206 Seiten, ISBN 978-3-86356-371-4, \u20ac[D]18,50<\/li>\n<\/ul>\n<p><em>Herausgabe <\/em><\/p>\n<p>Matrix <em>\u00a0<\/em><\/p>\n<ul>\n<li><strong>Matrix 28<em>. <\/em>Atmendes Alphabet f\u00fcr <a href=\"https:\/\/www.edition-matrix.com\/matrix-22012-28-%e2%80%a2-atmendes-alphabet-fuer-friederike-mayroecker\/\">Friederike Mayr\u00f6cker<\/a><\/strong>. 294 Seiten. <strong>2012<\/strong>. ISSN 1861-8006. \u20ac[D]10,00.<\/li>\n<li><strong><a href=\"https:\/\/www.edition-matrix.com\/matrix-42012-30-%e2%80%a2-jeder-auf-seine-art-fuer-hans-bender\/\">Matrix 29. Jeder auf seine Art f\u00fcr Hans Bender<\/a><\/strong>. 200 Seiten. <strong>2012<\/strong>. ISSN 1861-8006. \u20ac[D]10,00.<\/li>\n<li><strong><a href=\"https:\/\/www.edition-matrix.com\/matrix-februar-2014-axel-kutsch\/\">Matrix 36. Axel Kutsch spannt Versnetze \u00fcbers Wortland<\/a><\/strong>. 242 Seiten. <strong>2014<\/strong>. ISSN 1861-8006. \u20ac[D]10,00.<\/li>\n<li><strong>Matrix 58<em>.<\/em> Zwanzig Tage \u2013 zwanzig Romane\u00a0: Ein Buchspiel<\/strong><strong>. <\/strong>228 Seiten. <strong>2019<\/strong>. ISSN 1861-8006. \u20ac[D]15,00.<\/li>\n<\/ul>\n<p>Einzeltitel<\/p>\n<ul>\n<li><strong><a href=\"https:\/\/wp.pop-verlag.com\/?p=4064\">Hinter die dunkle T\u00fcr<\/a><\/strong>. Vierzeiler 2013 \u2013 2015.\u00a0 Vorwort und <em>Gespr\u00e4ch mit Hans Bender<\/em> von Theo Breuer. 137 Seiten. Lyrik Bd. 125. ISBN 978-3-86356-257-1. <strong>2019<\/strong>. \u20ac[D]14,90.\u00a0<em><br \/>\n<\/em><\/li>\n<\/ul>\n<p><em>\u00dcbertragung<\/em><em>\u00a0<\/em><\/p>\n<ul>\n<li><strong><a href=\"https:\/\/wp.pop-verlag.com\/?p=4410\">Admiel Kosman:\u00a0 Aus dem Zwischen des Hohelied<\/a>s<\/strong>. Ausgew\u00e4hlte Gedichte.\u00a0Aus dem Hebr\u00e4ischen \u00fcbertragen von Edith Lutz in Zusammenarbeit mit Theo Breuer und Udi Levy. Mit Vor- und Nachwort herausgegeben von Edith Lutz. 116 Seiten. Lyrik Bd. 132. <strong>2019<\/strong>. ISBN 978-3-86356-271-7. \u20ac[D]12,80.<\/li>\n<\/ul>\n","protected":false},"excerpt":{"rendered":"<p>Theo Breuer, Vorschlag zur Bl\u00fcte. Gedichte, Reihe Lyrik Bd. 179, 206 Seiten, ISBN 978-3-86356-371-4, \u20ac[D]18,50 Auf \u00bbBuchf\u00fchlung\u00ab mit Theo Breuer Mit Vorschlag zur Bl\u00fcte legt Theo Breuer \u2013 nach Das gewonnene Alphabet (2012), Zischender Zustand \u2219 Mayr\u00f6cker Time (2017), Scherben &hellip; <a class=\"more-link\" href=\"https:\/\/wp.pop-verlag.com\/?p=6736\">Weiterlesen <span class=\"meta-nav\">&rarr;<\/span><\/a><\/p>\n","protected":false},"author":2,"featured_media":0,"comment_status":"closed","ping_status":"closed","sticky":false,"template":"","format":"standard","meta":{"_jetpack_memberships_contains_paid_content":false,"footnotes":""},"categories":[796,20,8],"tags":[266,309,330,319,294,265,279,282,321,255,324,308,273,318,157,320,293,297,315,269,317,250,259,329,256,267,311,298,291,251,268,287,331,307,264,34,27,276,275,327,301,283,270,314,254,253,316,257,277,306,300,310,290,299,252,288,304,285,249,284,280,296,295,271,292,322,286,272,281,260,313,305,323,263,326,289,303,302,278,262,274,312,328,258,261,325],"class_list":["post-6736","post","type-post","status-publish","format-standard","hentry","category-e-erscheinungsjahr-2023","category-deutsche-literatur","category-pop-lyrik","tag-admiel-kosman","tag-andreas-noga","tag-anglistik","tag-anthologie","tag-artemis-winkler","tag-aus-dem-hinterland","tag-axel-kutsch","tag-bensch","tag-black-box","tag-buch","tag-buervenich","tag-christoph-leisten","tag-corvinus-presse","tag-das-froehliche-wohnzimmer","tag-dato-barbakadse","tag-der-blaue-schmetterling","tag-deutsche-verlags-anstalt","tag-die-horen","tag-edition-art-science","tag-edition-bauwagen","tag-edition-faust","tag-edition-ye","tag-eifel","tag-england","tag-ernst-jandl","tag-essay","tag-faltblatt","tag-freibord","tag-freudenalphabet","tag-friederike-mayroecker","tag-gedicht","tag-gemaeldegedicht","tag-germanistik","tag-guillermo-deisler","tag-hans-bender","tag-harald-groehler","tag-horst-samson","tag-kastanie","tag-kiesel","tag-koeln","tag-konzepte","tag-kraus","tag-kuenstlerbuch","tag-kunstschachtel","tag-lektuere","tag-lesen","tag-lilienfeld-verlag","tag-lyrik","tag-lyrikkalender","tag-mail-art","tag-manuskripte","tag-maximilian-zander","tag-mittendrin","tag-muschelhaufen","tag-norbert-scheuer","tag-ohne-punkt-und-komma","tag-ostragehege","tag-paragramm","tag-paul-celan","tag-peer-quer","tag-poesie-agenda","tag-poet","tag-poetenladen","tag-pop-verlag","tag-reclam","tag-redfoxpress","tag-reim","tag-richard-berengarten","tag-rolf-dieter-brinkmann","tag-scherben-saufen","tag-schreibwerkstatt","tag-signum","tag-silver-horse-edition","tag-sistig","tag-steinfeld","tag-stillstand-in-der-arena","tag-traian-pop","tag-triedere","tag-versnetze","tag-winterbienen-im-urftland","tag-wolkenstein-verlag","tag-wortrakete","tag-wuppertal","tag-zeitgenoessische-lyrik","tag-zischender-zustand","tag-zuelpich"],"jetpack_sharing_enabled":true,"jetpack_featured_media_url":"","_links":{"self":[{"href":"https:\/\/wp.pop-verlag.com\/index.php?rest_route=\/wp\/v2\/posts\/6736","targetHints":{"allow":["GET"]}}],"collection":[{"href":"https:\/\/wp.pop-verlag.com\/index.php?rest_route=\/wp\/v2\/posts"}],"about":[{"href":"https:\/\/wp.pop-verlag.com\/index.php?rest_route=\/wp\/v2\/types\/post"}],"author":[{"embeddable":true,"href":"https:\/\/wp.pop-verlag.com\/index.php?rest_route=\/wp\/v2\/users\/2"}],"replies":[{"embeddable":true,"href":"https:\/\/wp.pop-verlag.com\/index.php?rest_route=%2Fwp%2Fv2%2Fcomments&post=6736"}],"version-history":[{"count":4,"href":"https:\/\/wp.pop-verlag.com\/index.php?rest_route=\/wp\/v2\/posts\/6736\/revisions"}],"predecessor-version":[{"id":6742,"href":"https:\/\/wp.pop-verlag.com\/index.php?rest_route=\/wp\/v2\/posts\/6736\/revisions\/6742"}],"wp:attachment":[{"href":"https:\/\/wp.pop-verlag.com\/index.php?rest_route=%2Fwp%2Fv2%2Fmedia&parent=6736"}],"wp:term":[{"taxonomy":"category","embeddable":true,"href":"https:\/\/wp.pop-verlag.com\/index.php?rest_route=%2Fwp%2Fv2%2Fcategories&post=6736"},{"taxonomy":"post_tag","embeddable":true,"href":"https:\/\/wp.pop-verlag.com\/index.php?rest_route=%2Fwp%2Fv2%2Ftags&post=6736"}],"curies":[{"name":"wp","href":"https:\/\/api.w.org\/{rel}","templated":true}]}}