{"id":6706,"date":"2023-09-20T08:45:09","date_gmt":"2023-09-20T08:45:09","guid":{"rendered":"https:\/\/wp.pop-verlag.com\/?p=6706"},"modified":"2023-09-25T06:35:44","modified_gmt":"2023-09-25T06:35:44","slug":"betrachtung-der-zeit-lyrikanthologie-zum-75-jahrestag-der-kuenstlergilde-esslingen","status":"publish","type":"post","link":"https:\/\/wp.pop-verlag.com\/?p=6706","title":{"rendered":"Betrachtung der Zeit. Lyrikanthologie zum 75. Jahrestag der K\u00fcnstlerGilde Esslingen"},"content":{"rendered":"<p><em> <img loading=\"lazy\" decoding=\"async\" class=\"alignleft size-medium wp-image-6704\" src=\"https:\/\/wp.pop-verlag.com\/wp-content\/uploads\/2023\/09\/978-3-86356-383-7_BuB_-191x300.jpg\" alt=\"\" width=\"191\" height=\"300\" srcset=\"https:\/\/wp.pop-verlag.com\/wp-content\/uploads\/2023\/09\/978-3-86356-383-7_BuB_-191x300.jpg 191w, https:\/\/wp.pop-verlag.com\/wp-content\/uploads\/2023\/09\/978-3-86356-383-7_BuB_-652x1024.jpg 652w, https:\/\/wp.pop-verlag.com\/wp-content\/uploads\/2023\/09\/978-3-86356-383-7_BuB_-768x1206.jpg 768w, https:\/\/wp.pop-verlag.com\/wp-content\/uploads\/2023\/09\/978-3-86356-383-7_BuB_-978x1536.jpg 978w, https:\/\/wp.pop-verlag.com\/wp-content\/uploads\/2023\/09\/978-3-86356-383-7_BuB_-1304x2048.jpg 1304w, https:\/\/wp.pop-verlag.com\/wp-content\/uploads\/2023\/09\/978-3-86356-383-7_BuB_-scaled.jpg 1630w\" sizes=\"auto, (max-width: 191px) 100vw, 191px\" \/> <a href=\"https:\/\/wp.pop-verlag.com\/?p=6706\">Betrachtung der Zeit. Lyrikanthologie zum 75. Jahrestag der K\u00fcnstlerGilde Esslingen<\/a><\/em><a href=\"_wp_link_placeholder\">.<\/a> Mit sieben Zeichnungen von Udo Beylich<\/p>\n<p>Esslinger Reihe 2023-1 . Hrsg.: Eva Beylich, Rainer Goldhahn und Martin Kirchhoff.<\/p>\n<p><span style=\"color: #993366;\"> | Andreas Gryphius | Nikolaus Lenau | Johanna Anderka | Rose Ausl\u00e4nder | Bel\u00e1 Bayer | Werner Bergengruen | J\u00f6rg Bernig | Eva Beylich | Udo Beylich | Horst Bienek | Gaby G. Blattl | Johannes Bobrowski | Therese Chromik | M\u0101ris \u010caklais | Hanns Cibulka | Karl Corino | Sonja Crone | Dagmar Dusil | Benedikt Dyrlich | <\/span><br \/>\n<span style=\"color: #993366;\">| Rumania Ebert | G\u00fcnther Eich | Gisela Flak | Rainer Goldhahn | Ji\u0159\u00ed Gru\u0161a | Aldona Gustas | Ursula Haas | Margit Hanselmann | Hanno Hartwig | Peter H\u00e4rtling | Ilse Hehn | Bodo Heimann | Zbigniew Herbert | Karl Dedecius | Max Herrmann-Nei\u00dfe | Kurt Heynicke | Franz Hodjak | Dieter Hoffmann | Peter Huchel | Ursula Jetter | Bernd Kebelmann | Josef Kempf | Martin Kirchhoff, | Ursula Kozio\u0142 | Willy Kramp | Hildegard Kubitschek | Reiner Kunze | Johanna Klara Kuppe | Elke Langstein-J\u00e4ger | Eva M\u0101rtu\u017ea | Zenta Maurina | Anneliese Merkel | Inge Methfessel | Josef Michaelis | Agnes Miegel | Josef M\u00fchlberger | Dagmar Nick | Hannelore Nussbaum | Erich Pawlu | Heinz Piontek | Traian Pop Traian | J\u0101nis Rainis | Gerhard Riedel | Ingeborg Rinner | Susanne S. Schick | Dietmar Scholz | Jenny Schon | Heinrich Schr\u00f6ter | Renata Schumann | Hellmut Seiler | Tina Stroheker | Susi Csilla Szab\u00f3 | Monika Taubitz | Ilse Tielsch | Helga Unger | Siegfried Von Vegesack | Wolfgang Weyrauch | Hermann Wischnat | Heinz Zeckel | Imants Ziedonis | Ana-Maya Brumar | Andreea Ciocanea | Andreea Theodora Iancu | Zuzanna Madurska |<\/span><br \/>\n<span style=\"color: #993366;\">| Amalia Maj | Paula Pastare |<\/span><\/p>\n<p>ISBN: 978-3-86356-383-7, Reihe Epik Bd. 139. Hrsg. der Reihe: Traian Pop, 128S. \u20ac[D] 16,50<\/p>\n<p>Wir lieben Lyrik. In der K\u00fcnstlerGilde gibt es eine eigene Sparte Literatur neben ihren Schwestern Musik und Bildende Kunst. Diese K\u00fcnstlerGilde besteht nun seit 75 Jahren seit 1948. Da lag es nahe, einige Dichterinnen und Dichter aus diesen 75 Jahren auszuw\u00e4hlen. Darunter sind ber\u00fchmte Namen aus dem In- und Ausland, viele, die mit dem Andreas-Gryphius-Preis oder dem Nikolaus Lenau-Preis ausgezeichnet wurden. Zu ihnen haben wir Mitglieder aus unserer Zeit gesellt.<br \/>\nAm Anfang des Bandes finden wir die Namenspatrone unserer Preise. Den guten Schluss bringen Jugendliche aus unseren \u00f6stlichen Nachbarl\u00e4ndern, die den neu gegr\u00fcndeten Jugendf\u00f6rderpreis der K\u00fcnstlerGilde Esslingen erhielten.<br \/>\nWir forderten unsere Literaten auf, drei selbstgew\u00e4hlte Texte einzusenden, aus denen wir uns f\u00fcr ein Gedicht entschieden. Bei fremdsprachigen Gedichten f\u00fcgten wir eine \u00dcbertragung ins Deutsche bei.<br \/>\nWir hoffen, die richtige Auswahl an Texten getroffen zu haben, die Sie ansprechen, Sie nachdenklich machen oder auch erheitern. Wir sehen die Anthologie als Betrachtung der Zeit (Titel eines Gedichts von Andreas Gryphius).<br \/>\nEinen herzlichen Dank an alle, die uns ihre Beitr\u00e4ge zur Verf\u00fcgung gestellt haben.<br \/>\nEin besonderer Dank geb\u00fchrt Traian Pop, der diese Anthologie erm\u00f6glicht hat.<br \/>\n<em>Eva Beylich . Rainer Goldhahn . Martin Kirchhoff<\/em><\/p>\n","protected":false},"excerpt":{"rendered":"<p>Betrachtung der Zeit. Lyrikanthologie zum 75. Jahrestag der K\u00fcnstlerGilde Esslingen. Mit sieben Zeichnungen von Udo Beylich Esslinger Reihe 2023-1 . Hrsg.: Eva Beylich, Rainer Goldhahn und Martin Kirchhoff. | Andreas Gryphius | Nikolaus Lenau | Johanna Anderka | Rose Ausl\u00e4nder &hellip; <a class=\"more-link\" href=\"https:\/\/wp.pop-verlag.com\/?p=6706\">Weiterlesen <span class=\"meta-nav\">&rarr;<\/span><\/a><\/p>\n","protected":false},"author":2,"featured_media":0,"comment_status":"closed","ping_status":"closed","sticky":false,"template":"","format":"standard","meta":{"_jetpack_memberships_contains_paid_content":false,"footnotes":""},"categories":[796,21,20,23,8,1],"tags":[930,904,958,954,882,880,955,956,927,886,132,916,909,714,932,914,940,924,934,889,925,96,892,937,901,900,933,907,896,942,935,952,948,101,951,921,891,93,947,953,928,938,936,941,903,884,923,893,888,917,929,931,897,911,913,906,895,918,912,946,883,881,959,908,915,902,922,943,885,899,949,898,939,945,894,944,61,890,905,919,887,920,950,910,926,957],"class_list":["post-6706","post","type-post","status-publish","format-standard","hentry","category-e-erscheinungsjahr-2023","category-deutsch-rumaenische-literatur","category-deutsche-literatur","category-ost-suedosteuropaeische-literatur","category-pop-lyrik","category-uncategorized","tag-agnes-miegel","tag-aldona-gustas","tag-amalia-maj","tag-ana-maya-brumar","tag-andreas-gryphius","tag-andreas-gryphius-preis","tag-andreea-ciocanea","tag-andreea-theodora-iancu","tag-anneliese-merkel","tag-bela-bayer","tag-benedikt-dyrlich","tag-bernd-kebelmann","tag-bodo-heimann","tag-dagmar-dusil","tag-dagmar-nick","tag-dieter-hoffmann","tag-dietmar-scholz","tag-elke-langstein-jaeger","tag-erich-pawlu","tag-eva-beylich","tag-eva-martuza","tag-franz-hodjak","tag-gaby-g-blattl","tag-gerhard-riedel","tag-gisela-flak","tag-guenther-eich","tag-hannelore-nussbaum","tag-hanno-hartwig","tag-hanns-cibulka","tag-heinrich-schroeter","tag-heinz-piontek","tag-heinz-zeckel","tag-helga-unger","tag-hellmut-seiler","tag-hermann-wischnat","tag-hildegard-kubitschek","tag-horst-bienek","tag-ilse-hehn","tag-ilse-tielsch","tag-imants-ziedonis","tag-inge-methfessel","tag-ingeborg-rinner","tag-janis-rainis","tag-jenny-schon","tag-jiri-grusa","tag-johanna-anderka","tag-johanna-klara-kuppe","tag-johannes-bobrowski","tag-joerg-bernig","tag-josef-kempf","tag-josef-michaelis","tag-josef-muehlberger","tag-karl-corino","tag-karl-dedecius","tag-kurt-heynicke","tag-margit-hanselmann","tag-maris-caklais","tag-martin-kirchhoff","tag-max-herrmann-neisse","tag-monika-taubitz","tag-nikolaus-lenau","tag-nikolaus-lenau-preis","tag-paula-pastare","tag-peter-haertling","tag-peter-huchel-ursula-jetter","tag-rainer-goldhahn","tag-reiner-kunze","tag-renata-schumann","tag-rose-auslaender","tag-rumania-ebert","tag-siegfried-von-vegesack","tag-sonja-crone","tag-susanne-s-schick","tag-susi-csilla-szabo","tag-therese-chromik","tag-tina-stroheker","tag-traian-pop-traian","tag-udo-beylich","tag-ursula-haas","tag-ursula-koziol","tag-werner-bergengruen","tag-willy-kramp","tag-wolfgang-weyrauch","tag-zbigniew-herbert","tag-zenta-maurina","tag-zuzanna-madurska"],"jetpack_sharing_enabled":true,"jetpack_featured_media_url":"","_links":{"self":[{"href":"https:\/\/wp.pop-verlag.com\/index.php?rest_route=\/wp\/v2\/posts\/6706","targetHints":{"allow":["GET"]}}],"collection":[{"href":"https:\/\/wp.pop-verlag.com\/index.php?rest_route=\/wp\/v2\/posts"}],"about":[{"href":"https:\/\/wp.pop-verlag.com\/index.php?rest_route=\/wp\/v2\/types\/post"}],"author":[{"embeddable":true,"href":"https:\/\/wp.pop-verlag.com\/index.php?rest_route=\/wp\/v2\/users\/2"}],"replies":[{"embeddable":true,"href":"https:\/\/wp.pop-verlag.com\/index.php?rest_route=%2Fwp%2Fv2%2Fcomments&post=6706"}],"version-history":[{"count":6,"href":"https:\/\/wp.pop-verlag.com\/index.php?rest_route=\/wp\/v2\/posts\/6706\/revisions"}],"predecessor-version":[{"id":6735,"href":"https:\/\/wp.pop-verlag.com\/index.php?rest_route=\/wp\/v2\/posts\/6706\/revisions\/6735"}],"wp:attachment":[{"href":"https:\/\/wp.pop-verlag.com\/index.php?rest_route=%2Fwp%2Fv2%2Fmedia&parent=6706"}],"wp:term":[{"taxonomy":"category","embeddable":true,"href":"https:\/\/wp.pop-verlag.com\/index.php?rest_route=%2Fwp%2Fv2%2Fcategories&post=6706"},{"taxonomy":"post_tag","embeddable":true,"href":"https:\/\/wp.pop-verlag.com\/index.php?rest_route=%2Fwp%2Fv2%2Ftags&post=6706"}],"curies":[{"name":"wp","href":"https:\/\/api.w.org\/{rel}","templated":true}]}}