{"id":6623,"date":"2023-04-17T14:43:20","date_gmt":"2023-04-17T14:43:20","guid":{"rendered":"https:\/\/wp.pop-verlag.com\/?p=6623"},"modified":"2023-04-22T09:27:10","modified_gmt":"2023-04-22T09:27:10","slug":"adrian-sangeorzan-zwischen-zwei-welten","status":"publish","type":"post","link":"https:\/\/wp.pop-verlag.com\/?p=6623","title":{"rendered":"Adrian S\u00e2ngeorzan, Zwischen zwei Welten"},"content":{"rendered":"<p><img loading=\"lazy\" decoding=\"async\" class=\"alignleft size-medium wp-image-6630\" src=\"https:\/\/wp.pop-verlag.com\/wp-content\/uploads\/2023\/04\/978-3-86356-358-5_BuB-191x300.jpg\" alt=\"\" width=\"191\" height=\"300\" srcset=\"https:\/\/wp.pop-verlag.com\/wp-content\/uploads\/2023\/04\/978-3-86356-358-5_BuB-191x300.jpg 191w, https:\/\/wp.pop-verlag.com\/wp-content\/uploads\/2023\/04\/978-3-86356-358-5_BuB-652x1024.jpg 652w, https:\/\/wp.pop-verlag.com\/wp-content\/uploads\/2023\/04\/978-3-86356-358-5_BuB-768x1206.jpg 768w, https:\/\/wp.pop-verlag.com\/wp-content\/uploads\/2023\/04\/978-3-86356-358-5_BuB-978x1536.jpg 978w, https:\/\/wp.pop-verlag.com\/wp-content\/uploads\/2023\/04\/978-3-86356-358-5_BuB-1304x2048.jpg 1304w, https:\/\/wp.pop-verlag.com\/wp-content\/uploads\/2023\/04\/978-3-86356-358-5_BuB-scaled.jpg 1630w\" sizes=\"auto, (max-width: 191px) 100vw, 191px\" \/><img loading=\"lazy\" decoding=\"async\" class=\"alignleft size-medium wp-image-6639\" src=\"https:\/\/wp.pop-verlag.com\/wp-content\/uploads\/2023\/04\/978-3-86356-358-5_B-1-205x300.jpg\" alt=\"\" width=\"205\" height=\"300\" srcset=\"https:\/\/wp.pop-verlag.com\/wp-content\/uploads\/2023\/04\/978-3-86356-358-5_B-1-205x300.jpg 205w, https:\/\/wp.pop-verlag.com\/wp-content\/uploads\/2023\/04\/978-3-86356-358-5_B-1-700x1024.jpg 700w, https:\/\/wp.pop-verlag.com\/wp-content\/uploads\/2023\/04\/978-3-86356-358-5_B-1-768x1124.jpg 768w, https:\/\/wp.pop-verlag.com\/wp-content\/uploads\/2023\/04\/978-3-86356-358-5_B-1-1049x1536.jpg 1049w, https:\/\/wp.pop-verlag.com\/wp-content\/uploads\/2023\/04\/978-3-86356-358-5_B-1-1399x2048.jpg 1399w, https:\/\/wp.pop-verlag.com\/wp-content\/uploads\/2023\/04\/978-3-86356-358-5_B-1.jpg 1654w\" sizes=\"auto, (max-width: 205px) 100vw, 205px\" \/> <a href=\"https:\/\/wp.pop-verlag.com\/?page_id=5851\">Adrian S\u00e2ngeorzan<\/a>, <a href=\"https:\/\/wp.pop-verlag.com\/?p=6623\" target=\"_blank\" rel=\"noopener\">Zwischen zwei Welten. Geschichten eines Frauenarztes.<\/a> Aus dem Rum\u00e4nischen \u00fcbertragen und mit Anmerkungen versehen von Michael Astner. Kartoniert. Mit Schutzumschlag (bedruckt). Reihe Epik Bd. 134. 417 S., ISBN 978-3-86356-358-5, \u20ac[D]25,00<\/p>\n<p>Adrian S\u00e2ngeorzan, geb. 1954 in Bistri\u0163a\/Bistritz, Rum\u00e4nien, emigrierte 1990 in die USA und lebt in New York, wo er als Facharzt f\u00fcr Geburtshilfe und Gyn\u00e4kologie t\u00e4tig ist. Er ist Lyriker, Prosa- schriftsteller, Essayist und Publizist.<\/p>\n<p>Der Frauenarzt Adrian S\u00e2ngeorzan ist ein Experte im Entbinden und im Zur-Welt- Bringen von Babys und zeigt, dass er auch als Autor eines spannenden Buches einer ist, blo\u00df bringt er diesmal sich selbst zur Welt \u2013 als fertig gereiften Erz\u00e4hler. Ein Buch voller Erfahrungen, die mit dem Skalpell in der Hand und mit Gro\u00df- z\u00fcgigkeit im Herzen erlebt werden, ganz zu schweigen vom gesamten Gefolge widerspr\u00fcchlicher Gef\u00fchle \u2013 von Panik bis Freude, von Frust bis Gl\u00fcck, alles in einem \u00fcberall schmerzhaft existenziellen Beruf, ob er nun im kommunistischen Rum\u00e4nien oder im liberalen New York ausge\u00fcbt wird. S\u00e2ngeorzan ist eine Art Papillon im wei\u00dfen Kittel. Wenn seine unwiederholbaren Erlebnisse, die ihm bei seiner Flucht aus der totalit\u00e4ren in die freie Welt zuteil wurden, ein historisches Dokument in literarischem Kleid darstellen, so sind alle anderen Erlebnisse aus dem intimsten Winkel des weiblichen Universums mit Sicherheit ein bewegendes, zeit- loses Dokument der menschlichen Existenz.<\/p>\n<p><em>Eugen \u015eerb\u0103nescu<\/em><\/p>\n<p>Alle Bem\u00fchungen der \u00c4rzte, die den Eid des Hippokrates nicht hintergangen haben, befinden sich hier, in S\u00e2ngeorzans Buch. Isolierte \u2013 und schreckliche! \u2013 Ereignisse ziehen den Leser in ihren Bann, und dies umso mehr, als der Autor dieselben nicht blo\u00df aus der Perspektive eines in Rum\u00e4nien Lebenden betrachtet, sondern auch mit dem Mehrwert dessen, der in Amerika wiedergeboren wurde. (&#8230;)<br \/>\nAdrian S\u00e2ngeorzans Eigenschaft als Zeuge und Protagonist ist eine qualitativ \u00e4u\u00dferst wertvolle. Sprechen wir von Literatur? Ein absolut spannendes Buch \u2026 Und wenn es ums Leben geht \u2013 was f\u00fcr ein Leben!<br \/>\n<em>Dumitru Radu Popa<\/em><\/p>\n<p>Lieferbare Titel von <strong><a href=\"https:\/\/wp.pop-verlag.com\/?page_id=5851\">Adrian S\u00e2ngeorzan<\/a><\/strong>:<\/p>\n<ul>\n<li><strong><a href=\"https:\/\/wp.pop-verlag.com\/?p=5842\">Maskierte Welt \/ Lume mascat\u0103.\u00a0<\/a><\/strong>Gedichte. (Dt.\/Rum.) Illustration: Sorin Bijan, Reihe Lyrik Bd. 159, 190 Seiten,<br \/>\nISBN 978-3-86356-327-1; \u20ac[D]17,50<\/li>\n<li><a href=\"https:\/\/wp.pop-verlag.com\/?p=5857\"><strong>Maskierte Welt. <\/strong><\/a>Gedichte. Illustration: Sorin Bijan, Reihe Lyrik Bd. 159D, 95 Seiten,\u00a0 ISBN 978-3-86356-341-7; \u20ac[D]15,50<\/li>\n<li><a href=\"https:\/\/wp.pop-verlag.com\/?page_id=5851\" target=\"_blank\" rel=\"noopener\">Adrian S\u00e2ngeorzan<\/a>, <a href=\"https:\/\/wp.pop-verlag.com\/?p=6623\" target=\"_blank\" rel=\"noopener\">Zwischen zwei Welten. Geschichten eines Frauenarztes.<\/a> Aus dem Rum\u00e4nischen \u00fcbertragen und mit Anmerkungen versehen von Michael Astner. Kartoniert. Mit Schutzumschlag (bedruckt). Reihe Epik Bd. 134. 417 S., ISBN 978-3-86356-358-5, \u20ac[D]25,00<\/li>\n<\/ul>\n","protected":false},"excerpt":{"rendered":"<p>Adrian S\u00e2ngeorzan, Zwischen zwei Welten. Geschichten eines Frauenarztes. Aus dem Rum\u00e4nischen \u00fcbertragen und mit Anmerkungen versehen von Michael Astner. Kartoniert. Mit Schutzumschlag (bedruckt). Reihe Epik Bd. 134. 417 S., ISBN 978-3-86356-358-5, \u20ac[D]25,00 Adrian S\u00e2ngeorzan, geb. 1954 in Bistri\u0163a\/Bistritz, Rum\u00e4nien, emigrierte &hellip; <a class=\"more-link\" href=\"https:\/\/wp.pop-verlag.com\/?p=6623\">Weiterlesen <span class=\"meta-nav\">&rarr;<\/span><\/a><\/p>\n","protected":false},"author":2,"featured_media":0,"comment_status":"closed","ping_status":"closed","sticky":false,"template":"","format":"standard","meta":{"_jetpack_memberships_contains_paid_content":false,"footnotes":""},"categories":[796,22,9],"tags":[829,362,545,831,374,422,347,271,244,830,737,247,303,551,432],"class_list":["post-6623","post","type-post","status-publish","format-standard","hentry","category-e-erscheinungsjahr-2023","category-rumaenische-literatur","category-pop-epik","tag-adrian-sangeorzan","tag-autor","tag-dracula","tag-kanada","tag-mann","tag-new-york","tag-osteuropa","tag-pop-verlag","tag-rumaenien","tag-rumaenische-literatur","tag-schriftsteller","tag-siebenbuergen","tag-traian-pop","tag-transsylvanien","tag-usa"],"jetpack_sharing_enabled":true,"jetpack_featured_media_url":"","_links":{"self":[{"href":"https:\/\/wp.pop-verlag.com\/index.php?rest_route=\/wp\/v2\/posts\/6623","targetHints":{"allow":["GET"]}}],"collection":[{"href":"https:\/\/wp.pop-verlag.com\/index.php?rest_route=\/wp\/v2\/posts"}],"about":[{"href":"https:\/\/wp.pop-verlag.com\/index.php?rest_route=\/wp\/v2\/types\/post"}],"author":[{"embeddable":true,"href":"https:\/\/wp.pop-verlag.com\/index.php?rest_route=\/wp\/v2\/users\/2"}],"replies":[{"embeddable":true,"href":"https:\/\/wp.pop-verlag.com\/index.php?rest_route=%2Fwp%2Fv2%2Fcomments&post=6623"}],"version-history":[{"count":7,"href":"https:\/\/wp.pop-verlag.com\/index.php?rest_route=\/wp\/v2\/posts\/6623\/revisions"}],"predecessor-version":[{"id":6641,"href":"https:\/\/wp.pop-verlag.com\/index.php?rest_route=\/wp\/v2\/posts\/6623\/revisions\/6641"}],"wp:attachment":[{"href":"https:\/\/wp.pop-verlag.com\/index.php?rest_route=%2Fwp%2Fv2%2Fmedia&parent=6623"}],"wp:term":[{"taxonomy":"category","embeddable":true,"href":"https:\/\/wp.pop-verlag.com\/index.php?rest_route=%2Fwp%2Fv2%2Fcategories&post=6623"},{"taxonomy":"post_tag","embeddable":true,"href":"https:\/\/wp.pop-verlag.com\/index.php?rest_route=%2Fwp%2Fv2%2Ftags&post=6623"}],"curies":[{"name":"wp","href":"https:\/\/api.w.org\/{rel}","templated":true}]}}