{"id":6607,"date":"2023-04-17T10:19:25","date_gmt":"2023-04-17T10:19:25","guid":{"rendered":"https:\/\/wp.pop-verlag.com\/?p=6607"},"modified":"2023-04-17T16:37:58","modified_gmt":"2023-04-17T16:37:58","slug":"adriana-carcu-der-lange-weg-nach-hause","status":"publish","type":"post","link":"https:\/\/wp.pop-verlag.com\/?p=6607","title":{"rendered":"Adriana Carcu, Der lange Weg nach Hause"},"content":{"rendered":"<p><img loading=\"lazy\" decoding=\"async\" class=\"alignleft size-medium wp-image-6611\" src=\"https:\/\/wp.pop-verlag.com\/wp-content\/uploads\/2023\/04\/978-3-86356356-1_BuB-191x300.jpg\" alt=\"\" width=\"191\" height=\"300\" srcset=\"https:\/\/wp.pop-verlag.com\/wp-content\/uploads\/2023\/04\/978-3-86356356-1_BuB-191x300.jpg 191w, https:\/\/wp.pop-verlag.com\/wp-content\/uploads\/2023\/04\/978-3-86356356-1_BuB-652x1024.jpg 652w, https:\/\/wp.pop-verlag.com\/wp-content\/uploads\/2023\/04\/978-3-86356356-1_BuB-768x1206.jpg 768w, https:\/\/wp.pop-verlag.com\/wp-content\/uploads\/2023\/04\/978-3-86356356-1_BuB-978x1536.jpg 978w, https:\/\/wp.pop-verlag.com\/wp-content\/uploads\/2023\/04\/978-3-86356356-1_BuB-1304x2048.jpg 1304w, https:\/\/wp.pop-verlag.com\/wp-content\/uploads\/2023\/04\/978-3-86356356-1_BuB-scaled.jpg 1630w\" sizes=\"auto, (max-width: 191px) 100vw, 191px\" \/> <img loading=\"lazy\" decoding=\"async\" class=\"alignleft size-medium wp-image-6612\" src=\"https:\/\/wp.pop-verlag.com\/wp-content\/uploads\/2023\/04\/978-3-86356356-1_B-205x300.jpg\" alt=\"\" width=\"205\" height=\"300\" srcset=\"https:\/\/wp.pop-verlag.com\/wp-content\/uploads\/2023\/04\/978-3-86356356-1_B-205x300.jpg 205w, https:\/\/wp.pop-verlag.com\/wp-content\/uploads\/2023\/04\/978-3-86356356-1_B-700x1024.jpg 700w, https:\/\/wp.pop-verlag.com\/wp-content\/uploads\/2023\/04\/978-3-86356356-1_B-768x1124.jpg 768w, https:\/\/wp.pop-verlag.com\/wp-content\/uploads\/2023\/04\/978-3-86356356-1_B-1049x1536.jpg 1049w, https:\/\/wp.pop-verlag.com\/wp-content\/uploads\/2023\/04\/978-3-86356356-1_B-1399x2048.jpg 1399w, https:\/\/wp.pop-verlag.com\/wp-content\/uploads\/2023\/04\/978-3-86356356-1_B.jpg 1654w\" sizes=\"auto, (max-width: 205px) 100vw, 205px\" \/><a href=\"https:\/\/wp.pop-verlag.com\/?page_id=2968\">Adriana Carcu<\/a>, <a href=\"https:\/\/wp.pop-verlag.com\/?p=6607\">Der lange Weg nach Hause<\/a>. Kartoniert. Mit Schutzumschlag (bedruckt). Reihe Epik Bd. 129. 357 S., ISBN 978-3-86356-356-1, \u20ac[D]23,00<\/p>\n<p>\u201eIn Gespr\u00e4chen mit den Zuhausegebliebenen ist man nun derjenige, der dank des gemeinsamen Hintergrundes zuh\u00f6ren kann. Deine neue Angst, das Gef\u00fchl, in dunklen Gew\u00e4ssern zu versinken, sind stumme Schreie, weil man schlie\u00dflich selbst die \u201eL\u00f6sung\u201c gew\u00e4hlt hatte. Niemand will h\u00f6ren, dass eine L\u00f6sung Risse hat.\u201d<br \/>\n<em>Adriana Carcu<\/em><\/p>\n<p>\u201eEs geschah vor ein paar Jahren zum ersten Mal. Nach einem l\u00e4ngeren Aufenthalt in Rum\u00e4nien kam ich zur\u00fcck nach Heidelberg. W\u00e4h- rend das Taxi mich heimbrachte und ich die vertrauten Geb\u00e4ude betrachtete, fl\u00fcsterte ich pl\u00f6tzlich, \u201emeine kleine Stadt.\u201d Es war noch Sommer, die Sonne hoch am Himmel, die Terrassen voll, auf den B\u00fcrgersteigen rege diskutierende Jugendliche, und ich stellte erstmalig fest, dass die Stadt einen meridionalen Touch hatte. Die Wochen der Abwesenheit hatten sie mir gen\u00fcgend entfremdet, dass ich sie mit anderen Augen sehen und mich \u00fcber meine R\u00fcckkehr freuen konnte. Das Gef\u00fchl kannte ich von den Stadtbesichtigungen mit meinen G\u00e4sten, denen ich Gegenden zeigte, die seltener besucht aber von einer intimen Sch\u00f6nheit waren. Diesmal war ich sowohl Gast als auch Gastgeber.\u201d<\/p>\n<p>\u201eZuerst wird man durch die Un- kenntnis der Sprache in einer Art autistischen Kapsel isoliert und erf\u00e4hrt von der unwiderstehlichen Macht des L\u00e4chelns. Danach, wenn man bereits die Nachrichten verstehen kann und meint, auch den Lauf der Dinge begriffen zu haben, steht man pl\u00f6tzlich vor Anspielungen auf Ereignisse, die vor der eigentlichen \u201eExistenz\u201c lagen, oder auf Details, die Teil der neuen Zivilisation sind, und man f\u00fchlt sich ausgeschlossen. Das ist die kulturelle Barriere, und je sp\u00e4ter im Leben man da ankommt, desto schwieriger wird es, ihr Ende zu erreichen. Wenn dann die Zeit kommt, in der man mit den wesentlichen Ereignissen des neuen Landes synchronisiert und halbwegs sozial integriert ist, taucht die letzte Barriere auf, die subtilste von allen, und zwar die Barriere des Systems.\u201d<\/p>\n<p><em>Adriana Carcu<\/em><\/p>\n<p>Lieferbare Titel von <strong><a href=\"http:\/\/wp.pop-verlag.com\/?page_id=2968\">Adriana Carcu:<\/a><\/strong><\/p>\n<ul>\n<li><strong><a href=\"http:\/\/wp.pop-verlag.com\/?p=2963\">GOLDEN.<\/a><\/strong> Aus dem Rum\u00e4nischen \u00fcbersetzt von <a href=\"http:\/\/wp.pop-verlag.com\/?page_id=2973\"><strong>Renate Sandu. <\/strong><\/a>Illustration: <a href=\"http:\/\/wp.pop-verlag.com\/?page_id=2976\"><strong>Doru P\u0103curar. <\/strong><\/a>Pop Epik, ISBN: 978-3-86356-206-9, 246 Seiten, \u20ac[D]18,50<\/li>\n<li><strong><a href=\"https:\/\/wp.pop-verlag.com\/?page_id=2968\">Adriana Carcu<\/a><\/strong>, <strong><a href=\"https:\/\/wp.pop-verlag.com\/?page_id=4577\">Richard Wayne<\/a><\/strong>: <a href=\"https:\/\/wp.pop-verlag.com\/?p=4575\"><strong>Das Lied aus dem Norden. Nordischer Jazz in Wort und Bild.<\/strong> <\/a>\u00dcbersetzungen aus dem Rum\u00e4nischen von Sigrid Kuhn [Interviews, Festivalchroniken] und Renate Sandu [Jazzweise]. Die POP-Verlag-Fragmentariumreihe, Bd. 16; ISBN: 978-3-86356-289-2; 226 Seiten, \u20ac[D]19,90<\/li>\n<li><a href=\"https:\/\/wp.pop-verlag.com\/?page_id=2968\">Adriana Carcu<\/a>, <a href=\"https:\/\/wp.pop-verlag.com\/?p=6607\">Der lange Weg nach Hause<\/a>. Kartoniert. Mit Schutzumschlag (bedruckt). Reihe Epik Bd. 129. 357 S., ISBN 978-3-86356-356-1, \u20ac[D]23,00<\/li>\n<\/ul>\n","protected":false},"excerpt":{"rendered":"<p>Adriana Carcu, Der lange Weg nach Hause. Kartoniert. Mit Schutzumschlag (bedruckt). Reihe Epik Bd. 129. 357 S., ISBN 978-3-86356-356-1, \u20ac[D]23,00 \u201eIn Gespr\u00e4chen mit den Zuhausegebliebenen ist man nun derjenige, der dank des gemeinsamen Hintergrundes zuh\u00f6ren kann. Deine neue Angst, das &hellip; <a class=\"more-link\" href=\"https:\/\/wp.pop-verlag.com\/?p=6607\">Weiterlesen <span class=\"meta-nav\">&rarr;<\/span><\/a><\/p>\n","protected":false},"author":2,"featured_media":0,"comment_status":"closed","ping_status":"closed","sticky":false,"template":"","format":"standard","meta":{"_jetpack_memberships_contains_paid_content":false,"footnotes":""},"categories":[796,23,22,9],"tags":[821,799,239,806,659,825,822,824,363,364,823,347,809,271,244,737,303],"class_list":["post-6607","post","type-post","status-publish","format-standard","hentry","category-e-erscheinungsjahr-2023","category-ost-suedosteuropaeische-literatur","category-rumaenische-literatur","category-pop-epik","tag-adriana-carcu","tag-autorin","tag-ceausescu","tag-emigrant","tag-frau","tag-garana","tag-heidelberg","tag-jazz","tag-literatur-20-jahrhundert","tag-literatur-21-jahrhundert","tag-orozont","tag-osteuropa","tag-person-timisoara","tag-pop-verlag","tag-rumaenien","tag-schriftsteller","tag-traian-pop"],"jetpack_sharing_enabled":true,"jetpack_featured_media_url":"","_links":{"self":[{"href":"https:\/\/wp.pop-verlag.com\/index.php?rest_route=\/wp\/v2\/posts\/6607","targetHints":{"allow":["GET"]}}],"collection":[{"href":"https:\/\/wp.pop-verlag.com\/index.php?rest_route=\/wp\/v2\/posts"}],"about":[{"href":"https:\/\/wp.pop-verlag.com\/index.php?rest_route=\/wp\/v2\/types\/post"}],"author":[{"embeddable":true,"href":"https:\/\/wp.pop-verlag.com\/index.php?rest_route=\/wp\/v2\/users\/2"}],"replies":[{"embeddable":true,"href":"https:\/\/wp.pop-verlag.com\/index.php?rest_route=%2Fwp%2Fv2%2Fcomments&post=6607"}],"version-history":[{"count":3,"href":"https:\/\/wp.pop-verlag.com\/index.php?rest_route=\/wp\/v2\/posts\/6607\/revisions"}],"predecessor-version":[{"id":6614,"href":"https:\/\/wp.pop-verlag.com\/index.php?rest_route=\/wp\/v2\/posts\/6607\/revisions\/6614"}],"wp:attachment":[{"href":"https:\/\/wp.pop-verlag.com\/index.php?rest_route=%2Fwp%2Fv2%2Fmedia&parent=6607"}],"wp:term":[{"taxonomy":"category","embeddable":true,"href":"https:\/\/wp.pop-verlag.com\/index.php?rest_route=%2Fwp%2Fv2%2Fcategories&post=6607"},{"taxonomy":"post_tag","embeddable":true,"href":"https:\/\/wp.pop-verlag.com\/index.php?rest_route=%2Fwp%2Fv2%2Ftags&post=6607"}],"curies":[{"name":"wp","href":"https:\/\/api.w.org\/{rel}","templated":true}]}}