{"id":6597,"date":"2023-04-10T11:03:56","date_gmt":"2023-04-10T11:03:56","guid":{"rendered":"https:\/\/wp.pop-verlag.com\/?p=6597"},"modified":"2023-04-10T11:22:38","modified_gmt":"2023-04-10T11:22:38","slug":"julia-schiff-nirgendwo-europa","status":"publish","type":"post","link":"https:\/\/wp.pop-verlag.com\/?p=6597","title":{"rendered":"Julia Schiff, Nirgendwo Europa"},"content":{"rendered":"<p><strong><img loading=\"lazy\" decoding=\"async\" class=\"alignleft size-medium wp-image-6598\" src=\"https:\/\/wp.pop-verlag.com\/wp-content\/uploads\/2023\/04\/978-3-86356-372-1_A_BuB-191x300.jpg\" alt=\"\" width=\"191\" height=\"300\" srcset=\"https:\/\/wp.pop-verlag.com\/wp-content\/uploads\/2023\/04\/978-3-86356-372-1_A_BuB-191x300.jpg 191w, https:\/\/wp.pop-verlag.com\/wp-content\/uploads\/2023\/04\/978-3-86356-372-1_A_BuB-652x1024.jpg 652w, https:\/\/wp.pop-verlag.com\/wp-content\/uploads\/2023\/04\/978-3-86356-372-1_A_BuB-768x1206.jpg 768w, https:\/\/wp.pop-verlag.com\/wp-content\/uploads\/2023\/04\/978-3-86356-372-1_A_BuB-978x1536.jpg 978w, https:\/\/wp.pop-verlag.com\/wp-content\/uploads\/2023\/04\/978-3-86356-372-1_A_BuB-1304x2048.jpg 1304w, https:\/\/wp.pop-verlag.com\/wp-content\/uploads\/2023\/04\/978-3-86356-372-1_A_BuB-scaled.jpg 1630w\" sizes=\"auto, (max-width: 191px) 100vw, 191px\" \/> <img loading=\"lazy\" decoding=\"async\" class=\"alignleft size-medium wp-image-6599\" src=\"https:\/\/wp.pop-verlag.com\/wp-content\/uploads\/2023\/04\/978-3-86356-372-1_B-205x300.jpg\" alt=\"\" width=\"205\" height=\"300\" srcset=\"https:\/\/wp.pop-verlag.com\/wp-content\/uploads\/2023\/04\/978-3-86356-372-1_B-205x300.jpg 205w, https:\/\/wp.pop-verlag.com\/wp-content\/uploads\/2023\/04\/978-3-86356-372-1_B-700x1024.jpg 700w, https:\/\/wp.pop-verlag.com\/wp-content\/uploads\/2023\/04\/978-3-86356-372-1_B-768x1124.jpg 768w, https:\/\/wp.pop-verlag.com\/wp-content\/uploads\/2023\/04\/978-3-86356-372-1_B-1049x1536.jpg 1049w, https:\/\/wp.pop-verlag.com\/wp-content\/uploads\/2023\/04\/978-3-86356-372-1_B-1399x2048.jpg 1399w, https:\/\/wp.pop-verlag.com\/wp-content\/uploads\/2023\/04\/978-3-86356-372-1_B.jpg 1654w\" sizes=\"auto, (max-width: 205px) 100vw, 205px\" \/> <a href=\"https:\/\/wp.pop-verlag.com\/?page_id=3435\">Julia Schiff,<\/a> <a href=\"https:\/\/wp.pop-verlag.com\/?p=6597\">Nirgendwo Europa<\/a><\/strong>. Roman. Reihe Epik . Bd. 135, 104 Seiten, ISBN 978-3-86356-372-1; \u20ac[D]16,50<\/p>\n<p>Imre V\u00e1radi, Chemie-Ingenieur und 1956er-Dissident, kehrt mit seiner indischen Frau Irene als Fr\u00fchrentner aus England in sein Heimatland zur\u00fcck. Er l\u00e4sst sich in einem kleinen Dorf in Westungarn nieder, das die Fesseln der sozialistischen Verwaltung und des Dirigismus von oben noch nicht abgeworfen hat. Das Dorf, dem die Mittel und die geistige Mobilit\u00e4t f\u00fcr eine selbst\u00e4ndige Handlung fehlen, verharrt wie in einem Dornr\u00f6schenschlaf. Die im Westen geschulten Augen des Ingenieurs registrieren alle Zeichen dieser Stagnation. Doch gerade die romantische Unbeweglichkeit des Dorfes zieht Menschen aus dem Westen an, die eine Alternative zu ihrem hektischen Leben suchen, aber allm\u00e4hlich auch aus dem eigenen Land. Sie kaufen sich Sommerh\u00e4user im Dorf, doch ihre Wirkungslosigkeit kann das dortige Leben nicht voranbringen. Die Globalisierung und der Traum von der Europ\u00e4ischen Union, die eine Mobilisierung der Menschen erfordert, kommen mittlerweile in der Ortschaft an. Seine Bewohner aber f\u00fchlen sich als Stiefkinder der EU.<\/p>\n<p>(&#8230;) Ern\u0151 sch\u00fcttelte den Kopf. \u2013 Ich w\u00e4re f\u00fcr eine andere L\u00f6sung. Warten wir nicht auf Europas Hilfe. Nehmen wir lieber Sandras Angebot an.<br \/>\n\u2013 Von welcher Sandra? Sandra Holczinger? Der Schauspiele- rin? Das ist nicht dein Ernst \u2013,<br \/>\nmeinte D\u00e9nes.<br \/>\n\u2013 Doch \u2013, mischte sich Mih\u00e1ly ein. \u2013 Ich wei\u00df nicht, was sie anbietet, aber sie ist die Ein- zige, die sich f\u00fcr dieses Dorf engagiert, obwohl sie l\u00e4ngst schon in einem Budapester Theater ihr Brot verdient. Hat sie nicht deutsche Lieder aus dem Einwanderergut gesammelt und ist mit ihnen aufgetreten, sogar im Ausland? Wahre Heimatliebe darf nicht untergesch\u00e4tzt werden.<br \/>\n\u2013 Gerade darum meine ich \u2013, sagte Ern\u0151 -, wenn sie glaubt, die n\u00f6tigen Mittel mit ihrer Spendenaufruf-Aktion beschaffen zu k\u00f6nnen, lassen wir sie handeln. Und unterst\u00fctzen sie von Kr\u00e4ften.<br \/>\nDie M\u00e4nner nickten bed\u00e4chtig. Sie legten das Schicksal ihrer Kirche in die Hand einer jungen Frau.<\/p>\n<p>Lieferbare Titel von <strong><a href=\"https:\/\/wp.pop-verlag.com\/?page_id=3435\">Julia Schiff<\/a><\/strong><a href=\"https:\/\/wp.pop-verlag.com\/?page_id=3435\">:<\/a><\/p>\n<ul>\n<li><strong><a href=\"http:\/\/wp.pop-verlag.com\/?p=242\">\u00a0Reihertanz<\/a><\/strong>. Roman. 268 Seiten, ISBN 978-3-86356-014-0\u20ac [D]15,80;<\/li>\n<\/ul>\n<ul>\n<li><strong>\u201c<a href=\"http:\/\/wp.pop-verlag.com\/?p=392\">Steppensalz<\/a><\/strong>\u201d. Aufzeichnungen eines Ausgesiedelten. Roman. 284 Seiten, ISBN 978-3-86356-033-1, \u20ac [D]15,80<\/li>\n<li><strong><a href=\"http:\/\/wp.pop-verlag.com\/?p=418\">Verschiebungen<\/a><\/strong><a href=\"http:\/\/wp.pop-verlag.com\/?p=418\">. <\/a>Roman. 220 Seiten,\u00a0ISBN 978-3-86356-075-1,\u00a0 \u20ac [D]15,50<\/li>\n<li><strong>Gy\u0151rffy \u00c1kos, Regungslos<\/strong> (\u00dcbersetzung des Lyrikbandes <strong>Nem mozdul<\/strong> aus dem Ungarischen ins Deutsche<\/li>\n<li><strong><a href=\"http:\/\/wp.pop-verlag.com\/?page_id=2561\">Gy\u00f6rgy Mandics <\/a>\/ <a href=\"http:\/\/wp.pop-verlag.com\/?page_id=2563\">Zsuzsanna M. Veress<\/a>. <a href=\"http:\/\/wp.pop-verlag.com\/?p=2567\">Aus den Aufzeichnungen von J\u00e1nos Bolyai<\/a><\/strong><br \/>\nAus dem Ungarischen von Julia Schiff. \u00dcberarbeitet von Peter Gehrisch.Gedichte.Pop Lyrik. ISBN: 978-3-86356-148-2, 72 Seiten, \u20ac [D]16,50<\/li>\n<li><strong><a href=\"https:\/\/wp.pop-verlag.com\/?page_id=5707\">\u00c1gnes Nemes Nagy<\/a>: <a href=\"https:\/\/wp.pop-verlag.com\/?p=5702\">Sonnenwenden \/ Napfordul\u00f3k.\u00a0<\/a><\/strong><strong>Ausgew\u00e4hlte Gedichte.<\/strong> Deutsch \/ Ungarisch. Vorwort von Gy\u00f6z\u00f6 Ferencz. Aus dem Ungarischen von Julia Schiff in Zusammenarbeit mit Peter Gehrisch. Reihe Lyrik Band 155, 185 Seiten, ISBN 978-3-86356-323-3; \u20ac[D]19,50.<\/li>\n<li><strong><a href=\"https:\/\/wp.pop-verlag.com\/?p=6597\">Nirgendwo Europa<\/a><\/strong>. Roman. Reihe Epik . Bd. 135, 104 Seiten, ISBN 978-3-86356-372-1; \u20ac[D]16,50<\/li>\n<\/ul>\n","protected":false},"excerpt":{"rendered":"<p>Julia Schiff, Nirgendwo Europa. Roman. Reihe Epik . Bd. 135, 104 Seiten, ISBN 978-3-86356-372-1; \u20ac[D]16,50 Imre V\u00e1radi, Chemie-Ingenieur und 1956er-Dissident, kehrt mit seiner indischen Frau Irene als Fr\u00fchrentner aus England in sein Heimatland zur\u00fcck. Er l\u00e4sst sich in einem kleinen &hellip; <a class=\"more-link\" href=\"https:\/\/wp.pop-verlag.com\/?p=6597\">Weiterlesen <span class=\"meta-nav\">&rarr;<\/span><\/a><\/p>\n","protected":false},"author":2,"featured_media":0,"comment_status":"closed","ping_status":"closed","sticky":false,"template":"","format":"standard","meta":{"_jetpack_memberships_contains_paid_content":false,"footnotes":""},"categories":[796,21,20,9],"tags":[819,799,239,817,780,806,659,820,812,81,363,364,774,347,809,271,244,351,737,303,506],"class_list":["post-6597","post","type-post","status-publish","format-standard","hentry","category-e-erscheinungsjahr-2023","category-deutsch-rumaenische-literatur","category-deutsche-literatur","category-pop-epik","tag-agnes-nemes-nagy","tag-autorin","tag-ceausescu","tag-deutsche-literatur","tag-deutscher","tag-emigrant","tag-frau","tag-geboren-1940","tag-geboren-1951","tag-julia-schiff","tag-literatur-20-jahrhundert","tag-literatur-21-jahrhundert","tag-literatur-deutsch","tag-osteuropa","tag-person-timisoara","tag-pop-verlag","tag-rumaenien","tag-rumaeniendeutsche-literatur","tag-schriftsteller","tag-traian-pop","tag-ungarn"],"jetpack_sharing_enabled":true,"jetpack_featured_media_url":"","_links":{"self":[{"href":"https:\/\/wp.pop-verlag.com\/index.php?rest_route=\/wp\/v2\/posts\/6597","targetHints":{"allow":["GET"]}}],"collection":[{"href":"https:\/\/wp.pop-verlag.com\/index.php?rest_route=\/wp\/v2\/posts"}],"about":[{"href":"https:\/\/wp.pop-verlag.com\/index.php?rest_route=\/wp\/v2\/types\/post"}],"author":[{"embeddable":true,"href":"https:\/\/wp.pop-verlag.com\/index.php?rest_route=\/wp\/v2\/users\/2"}],"replies":[{"embeddable":true,"href":"https:\/\/wp.pop-verlag.com\/index.php?rest_route=%2Fwp%2Fv2%2Fcomments&post=6597"}],"version-history":[{"count":2,"href":"https:\/\/wp.pop-verlag.com\/index.php?rest_route=\/wp\/v2\/posts\/6597\/revisions"}],"predecessor-version":[{"id":6602,"href":"https:\/\/wp.pop-verlag.com\/index.php?rest_route=\/wp\/v2\/posts\/6597\/revisions\/6602"}],"wp:attachment":[{"href":"https:\/\/wp.pop-verlag.com\/index.php?rest_route=%2Fwp%2Fv2%2Fmedia&parent=6597"}],"wp:term":[{"taxonomy":"category","embeddable":true,"href":"https:\/\/wp.pop-verlag.com\/index.php?rest_route=%2Fwp%2Fv2%2Fcategories&post=6597"},{"taxonomy":"post_tag","embeddable":true,"href":"https:\/\/wp.pop-verlag.com\/index.php?rest_route=%2Fwp%2Fv2%2Ftags&post=6597"}],"curies":[{"name":"wp","href":"https:\/\/api.w.org\/{rel}","templated":true}]}}