{"id":6588,"date":"2023-04-10T07:42:37","date_gmt":"2023-04-10T07:42:37","guid":{"rendered":"https:\/\/wp.pop-verlag.com\/?p=6588"},"modified":"2023-04-17T16:38:38","modified_gmt":"2023-04-17T16:38:38","slug":"eginald-schlattner-brunnentore","status":"publish","type":"post","link":"https:\/\/wp.pop-verlag.com\/?p=6588","title":{"rendered":"Eginald Schlattner: Brunnentore"},"content":{"rendered":"<p><span class=\"readonlyText multiple\"><strong><img loading=\"lazy\" decoding=\"async\" class=\"alignleft size-medium wp-image-6590\" src=\"https:\/\/wp.pop-verlag.com\/wp-content\/uploads\/2023\/04\/978-3-86356-399-8_A_BuB-191x300.jpg\" alt=\"\" width=\"191\" height=\"300\" srcset=\"https:\/\/wp.pop-verlag.com\/wp-content\/uploads\/2023\/04\/978-3-86356-399-8_A_BuB-191x300.jpg 191w, https:\/\/wp.pop-verlag.com\/wp-content\/uploads\/2023\/04\/978-3-86356-399-8_A_BuB-652x1024.jpg 652w, https:\/\/wp.pop-verlag.com\/wp-content\/uploads\/2023\/04\/978-3-86356-399-8_A_BuB-768x1206.jpg 768w, https:\/\/wp.pop-verlag.com\/wp-content\/uploads\/2023\/04\/978-3-86356-399-8_A_BuB-978x1536.jpg 978w, https:\/\/wp.pop-verlag.com\/wp-content\/uploads\/2023\/04\/978-3-86356-399-8_A_BuB-1304x2048.jpg 1304w, https:\/\/wp.pop-verlag.com\/wp-content\/uploads\/2023\/04\/978-3-86356-399-8_A_BuB-scaled.jpg 1630w\" sizes=\"auto, (max-width: 191px) 100vw, 191px\" \/> <img loading=\"lazy\" decoding=\"async\" class=\"alignleft size-medium wp-image-6591\" src=\"https:\/\/wp.pop-verlag.com\/wp-content\/uploads\/2023\/04\/978-3-86356-399-8_B-205x300.jpg\" alt=\"\" width=\"205\" height=\"300\" srcset=\"https:\/\/wp.pop-verlag.com\/wp-content\/uploads\/2023\/04\/978-3-86356-399-8_B-205x300.jpg 205w, https:\/\/wp.pop-verlag.com\/wp-content\/uploads\/2023\/04\/978-3-86356-399-8_B-700x1024.jpg 700w, https:\/\/wp.pop-verlag.com\/wp-content\/uploads\/2023\/04\/978-3-86356-399-8_B-768x1124.jpg 768w, https:\/\/wp.pop-verlag.com\/wp-content\/uploads\/2023\/04\/978-3-86356-399-8_B-1049x1536.jpg 1049w, https:\/\/wp.pop-verlag.com\/wp-content\/uploads\/2023\/04\/978-3-86356-399-8_B-1399x2048.jpg 1399w, https:\/\/wp.pop-verlag.com\/wp-content\/uploads\/2023\/04\/978-3-86356-399-8_B.jpg 1654w\" sizes=\"auto, (max-width: 205px) 100vw, 205px\" \/> <a href=\"http:\/\/wp.pop-verlag.com\/?page_id=1369\">Eginald Schlattner<\/a>: <a href=\"https:\/\/wp.pop-verlag.com\/?p=6588\">Brunnentore<\/a>.<\/strong><\/span> Roman. Reihe Epik Bd. 138. 320 S., ISBN\u00a0 978-3-86356-399-8, \u20ac[D]25,00<\/p>\n<p>Im \u00e4u\u00dfersten Winkel des Obstgartens lag ein Wasserloch, das nie austrocknete, dessen Gew\u00e4sser nicht \u00fcberflossen. Der Gro\u00dfvater nannte es \u201eblinden Brunnen\u201c, der Vater \u201eT\u00fcmpel\u201c, die Mutter mit leisem Zungenschlag \u201eWeiher\u201c. F\u00fcr uns Buben war es das Brunnentor in r\u00e4tselhafte Gr\u00fcnde. Mein kleiner Bruder hatte den Namen ausgebr\u00fctet: Brunnentor. Jener runde Teich war beschirmt von Erlen und Eschen. Und war umrahmt von Dotterblumen. Von denen die Bard\u00f3cz n\u00e9ni behauptete, sie sch\u00fctzten vor Gespenstern und Kobolden. Vielleicht w\u00e4ren sie sogar n\u00fctzlich gegen Hexen. Dabei schmeckten sie nur bitter.<\/p>\n<p>Fr\u00fcheste Erinnerungen, die herbeigaukeln und geschuldet sind dem vergr\u00fcbelten Sp\u00fcrsinn eines Buben. Mir. Der ich noch nicht lesen und schreiben konnte. Doch bereits Ungarisch sprach, damals, dort, als wir wenige Jahre im Szeklerland lebten, in Szentkeresztb\u00e1nya.<\/p>\n<p>Vermutlich war es so, wie ich es niederschreibe. Doch denkbar: einiges anders. Aus den zerfransten Bildern der Vergangenheit sch\u00e4len sich Begebenheiten, die Profil und Kontur begehren als das Erz\u00e4hlbare. Das alles, so und anders, war \u00fcberdacht von einer Zeit, die den Jahren viel \u201eUnordnung und fr\u00fches Leid\u201c bescherte, damals am Brunnentor der Kindheit \u2026<\/p>\n<p>Eginald Schlattners Romane, die in ihrer Gesamtheit nahezu ein Jahrhundertpanorama der deutschen Ethnie in Rum\u00e4nien aufrollen, sind \u2013 ausgenommen <em>Das Klavier im Nebel<\/em> \u2013 alle autofiktional gehalten. So auch das vorliegende Buch mit dem \u00e4nigmatischen Titel <em>Brunnentore.<\/em> Hier verhandelt der Autor seine Kindheit, die er im Vorschulalter in einer ungarisch gepr\u00e4gten Region von Siebenb\u00fcrgen, im sogenannten Szeklerland, verbracht hat, wo viele Weichen f\u00fcr sein sp\u00e4teres Welt- und Menschenbild gestellt wurden. Eltern, Gro\u00dffamilie und Freunde, Verwandte und Nachbarn, Arbeiter und Beamte der lokalen Eisenwerke, Dienstboten, Gassenjungen und angehimmelte M\u00e4dchen sowie vor allem der zweieinhalb Jahre j\u00fcngere Bruder Kurtfelix bev\u00f6lkern und beleben den bunten Alltag, den der Autor anhand von Erinnerungen und Familienfotos nachzeichnet und literarisch gestaltet. Bestechend ist dabei die kindliche Optik des Ich-Erz\u00e4hlers, der nicht nur sein unmittelbares Umfeld in Szentkeresztb\u00e1nya oder zu Besuch bei den Gro\u00dfeltern in Hermannstadt beziehungsweise auf Sommerfrische bei den Gro\u00dftanten in Freck, sondern letztlich auch die historischen Br\u00fcche und Umbr\u00fcche jener Zeit anders wahrnimmt als die Erwachsenen, etwa wenn es um die staatliche Zugeh\u00f6rigkeit Transsilvaniens oder den aufkommenden Nationalsozialismus geht, und mit seinen naiven Beobachtungen und Fragen das politische Geschehen ad absurdum f\u00fchrt. Zeitlich n\u00e4mlich f\u00e4llt die Handlung in die sp\u00e4ten 30er-Jahre des vorigen Jahrhunderts und endet mit dem Wiener Schiedsspruch 1940, als Nordsiebenb\u00fcrgen von dem Territorium des K\u00f6nigreichs Rum\u00e4nien abgetrennt und Reichsungarn angegliedert wurde und die Eltern, die f\u00fcr Rum\u00e4nien optiert hatten, mit den Kindern nach Kronstadt in S\u00fcdsiebenb\u00fcrgen zogen. Damit schlie\u00dft <em>Brunnentore<\/em> die letzte autofiktionale \u201eL\u00fccke\u201c, da Eginald Schlattner \u2013 nach den Romanen <em>Der gek\u00f6pfte Hahn, Rote Handschuhe, Wasserzeichen, Drachenk\u00f6pfe <\/em>und <em>Schattenspiele toter M\u00e4dchen<\/em> \u2013 nun laut eigenem Bekunden seine komplette Vita in Prosa gegossen und literarisch abgeschlossen hat.<\/p>\n<p><span class=\"readonlyText multiple\">Lieferbare Titel von <strong><a href=\"http:\/\/wp.pop-verlag.com\/?page_id=1369\">Eginald Schlattner<\/a>: <\/strong><br \/>\n<\/span><\/p>\n<ul>\n<li><a href=\"http:\/\/wp.pop-verlag.com\/?page_id=1300\"><strong>Rodica Draghincescu<\/strong>:<\/a> <a href=\"http:\/\/wp.pop-verlag.com\/?p=1317\"><strong>\u201eSchreibenleben.\u201c\u00a0 <\/strong>320 Seiten, ISBN: 3-937139-03-6. \u20ac[D] 23,60<\/a><\/li>\n<\/ul>\n<ul>\n<li><strong><a href=\"https:\/\/wp.pop-verlag.com\/?page_id=3419\">Romani\u0163a Constantinescu<\/a><a href=\"https:\/\/wp.pop-verlag.com\/?page_id=3419\">,<\/a> (Hrsg.), <i> <a href=\"https:\/\/wp.pop-verlag.com\/?p=3413\">Im kalten Schatten der Erinnerung<\/a><a href=\"https:\/\/traian.pop-verlag.com\/978-3-937139-76-0.htm\">.<\/a><\/i><\/strong> Eine Anthologie zeitgen\u00f6ssischer Prosa aus Rum\u00e4nien.\u00a0 (EPIK- Sammlung); 332\u00a0Seiten, ISBN: 978-3-937139-76-0, \u20ac[D] 20,00<\/li>\n<li><strong><a href=\"http:\/\/wp.pop-verlag.com\/?p=2839\">Wasserzeichen. <\/a><\/strong>ISBN: 978-3-86356-216-8,\u00a0 628 Seiten, \u20ac[D]29,00<\/li>\n<li>\n<h4><a href=\"https:\/\/www.edition-matrix.com\/matrix-1-2019-55-%e2%80%a2-eginald-schlattner-%e2%80%a2\/\">MATRIX 1\/2019 \u2013 Eginald Schlattner \u2013 <\/a><em><strong>Man verlasse den Ort des Leidens nicht, sondern handle so, dass die Leiden den Ort verlassen <\/strong><\/em><\/h4>\n<\/li>\n<li><strong><a href=\"https:\/\/wp.pop-verlag.com\/?p=5415\">Wasserzeichen.\u00a0\u00a0Ersonnene Chronik<\/a>. 2. Auflage 2020.<\/strong> ISBN: 978-3-86356-216-8, Reihe Epik Bd. 87, 628 S., \u20ac[D]29,00<\/li>\n<li><a href=\"https:\/\/wp.pop-verlag.com\/?p=5445\"><strong>\u201eGott wei\u00df mich hier\u201c.<\/strong><\/a>\u00a0<a href=\"https:\/\/wp.pop-verlag.com\/?page_id=5452\"><strong>Radu Carp<\/strong><\/a> im Gespr\u00e4ch mit <strong><a href=\"https:\/\/wp.pop-verlag.com\/?page_id=1369\">Eginald Schlattner.\u00a0<\/a><\/strong>Aus dem Rum\u00e4nischen \u00fcbersetzt von <a href=\"https:\/\/wp.pop-verlag.com\/?page_id=2620\">Edith Konradt<\/a> und \u00fcberarbeitet von Eginald Schlattner.\u00a0\u00a0<span class=\"readonlyText multiple\">Reihe Fragmentarium, Bd. 20, 239 S., ISBN 978-3-86356-311-0, \u20ac[D]19,50\u00a0<\/span><\/li>\n<li><a href=\"https:\/\/wp.pop-verlag.com\/?p=5791\"><strong>Drachenk\u00f6pfe.\u00a0<\/strong><\/a>Roman. ISBN: 978-3-86356-308-0, Reihe Epik Bd. 116, 189 S., \u20ac[D]19,50<\/li>\n<li><a href=\"https:\/\/wp.pop-verlag.com\/?p=5995\"><strong>Schattenspiele toter M\u00e4dchen<\/strong>.<\/a> Roman. Reihe Epik Bd. 128. 401 S., ISBN\u00a0 978-3-86356-360-8, \u20ac[D]29,00<\/li>\n<li><span class=\"readonlyText multiple\"><strong> <a href=\"https:\/\/wp.pop-verlag.com\/?p=6588\">Brunnentore<\/a>.<\/strong><\/span> Roman. Reihe Epik Bd. 138. 320 S., ISBN\u00a0 978-3-86356-399-8, \u20ac[D]25,00<\/li>\n<\/ul>\n","protected":false},"excerpt":{"rendered":"<p>Eginald Schlattner: Brunnentore. Roman. Reihe Epik Bd. 138. 320 S., ISBN\u00a0 978-3-86356-399-8, \u20ac[D]25,00 Im \u00e4u\u00dfersten Winkel des Obstgartens lag ein Wasserloch, das nie austrocknete, dessen Gew\u00e4sser nicht \u00fcberflossen. Der Gro\u00dfvater nannte es \u201eblinden Brunnen\u201c, der Vater \u201eT\u00fcmpel\u201c, die Mutter mit &hellip; <a class=\"more-link\" href=\"https:\/\/wp.pop-verlag.com\/?p=6588\">Weiterlesen <span class=\"meta-nav\">&rarr;<\/span><\/a><\/p>\n","protected":false},"author":2,"featured_media":0,"comment_status":"closed","ping_status":"closed","sticky":false,"template":"","format":"standard","meta":{"_jetpack_memberships_contains_paid_content":false,"footnotes":""},"categories":[796,21,20,9],"tags":[536,435,239,537,405,532,530,546,545,547,549,543,90,535,540,346,529,542,538,347,541,533,244,539,245,548,247,531,551,550,544,534],"class_list":["post-6588","post","type-post","status-publish","format-standard","hentry","category-e-erscheinungsjahr-2023","category-deutsch-rumaenische-literatur","category-deutsche-literatur","category-pop-epik","tag-andreas-birkner-und-georg-scherg","tag-auswanderung","tag-ceausescu","tag-das-klavier-im-nebel","tag-deportationen","tag-der-gekoepfte-hahn","tag-deutsch-rumaenischer-pfarrer-und-schriftsteller","tag-drachenhaus","tag-dracula","tag-elie-wiesel","tag-geheimdienst","tag-gott-weiss-mich-hier","tag-hans-bergel","tag-harald-siegmund","tag-hermanstadt","tag-herta-mueller","tag-iris-wolff","tag-k-u-k","tag-kronstaedter-schriftstellerprozess","tag-osteuropa","tag-rosia","tag-rote-handschuhe","tag-rumaenien","tag-rumaeniendeutschen","tag-securitate","tag-securitate-major","tag-siebenbuergen","tag-siebenbuerger-sachsen","tag-transsylvanien","tag-transsylvanisches-panorama-und-panoptikum","tag-wasserzeichen","tag-wolf-von-aichelburg"],"jetpack_sharing_enabled":true,"jetpack_featured_media_url":"","_links":{"self":[{"href":"https:\/\/wp.pop-verlag.com\/index.php?rest_route=\/wp\/v2\/posts\/6588","targetHints":{"allow":["GET"]}}],"collection":[{"href":"https:\/\/wp.pop-verlag.com\/index.php?rest_route=\/wp\/v2\/posts"}],"about":[{"href":"https:\/\/wp.pop-verlag.com\/index.php?rest_route=\/wp\/v2\/types\/post"}],"author":[{"embeddable":true,"href":"https:\/\/wp.pop-verlag.com\/index.php?rest_route=\/wp\/v2\/users\/2"}],"replies":[{"embeddable":true,"href":"https:\/\/wp.pop-verlag.com\/index.php?rest_route=%2Fwp%2Fv2%2Fcomments&post=6588"}],"version-history":[{"count":4,"href":"https:\/\/wp.pop-verlag.com\/index.php?rest_route=\/wp\/v2\/posts\/6588\/revisions"}],"predecessor-version":[{"id":6596,"href":"https:\/\/wp.pop-verlag.com\/index.php?rest_route=\/wp\/v2\/posts\/6588\/revisions\/6596"}],"wp:attachment":[{"href":"https:\/\/wp.pop-verlag.com\/index.php?rest_route=%2Fwp%2Fv2%2Fmedia&parent=6588"}],"wp:term":[{"taxonomy":"category","embeddable":true,"href":"https:\/\/wp.pop-verlag.com\/index.php?rest_route=%2Fwp%2Fv2%2Fcategories&post=6588"},{"taxonomy":"post_tag","embeddable":true,"href":"https:\/\/wp.pop-verlag.com\/index.php?rest_route=%2Fwp%2Fv2%2Ftags&post=6588"}],"curies":[{"name":"wp","href":"https:\/\/api.w.org\/{rel}","templated":true}]}}