{"id":6570,"date":"2023-04-10T05:58:41","date_gmt":"2023-04-10T05:58:41","guid":{"rendered":"https:\/\/wp.pop-verlag.com\/?p=6570"},"modified":"2023-04-10T07:53:56","modified_gmt":"2023-04-10T07:53:56","slug":"gerhard-eike-10033-konelliptische-ansichten-gedichte-mit-sieben-zeichnungen-von-gert-fabritius","status":"publish","type":"post","link":"https:\/\/wp.pop-verlag.com\/?p=6570","title":{"rendered":"Gerhard Eike, 100&#038;33. KONELLIPTISCHE ANSICHTEN. Gedichte. Mit sieben Zeichnungen von Gert Fabritius."},"content":{"rendered":"<p><img loading=\"lazy\" decoding=\"async\" class=\"alignleft size-medium wp-image-6573\" src=\"https:\/\/wp.pop-verlag.com\/wp-content\/uploads\/2023\/04\/978-3-86356-373-8_A_BuB-191x300.jpg\" alt=\"\" width=\"191\" height=\"300\" srcset=\"https:\/\/wp.pop-verlag.com\/wp-content\/uploads\/2023\/04\/978-3-86356-373-8_A_BuB-191x300.jpg 191w, https:\/\/wp.pop-verlag.com\/wp-content\/uploads\/2023\/04\/978-3-86356-373-8_A_BuB-652x1024.jpg 652w, https:\/\/wp.pop-verlag.com\/wp-content\/uploads\/2023\/04\/978-3-86356-373-8_A_BuB-768x1206.jpg 768w, https:\/\/wp.pop-verlag.com\/wp-content\/uploads\/2023\/04\/978-3-86356-373-8_A_BuB-978x1536.jpg 978w, https:\/\/wp.pop-verlag.com\/wp-content\/uploads\/2023\/04\/978-3-86356-373-8_A_BuB-1304x2048.jpg 1304w, https:\/\/wp.pop-verlag.com\/wp-content\/uploads\/2023\/04\/978-3-86356-373-8_A_BuB-scaled.jpg 1630w\" sizes=\"auto, (max-width: 191px) 100vw, 191px\" \/> <img loading=\"lazy\" decoding=\"async\" class=\"alignleft size-medium wp-image-6574\" src=\"https:\/\/wp.pop-verlag.com\/wp-content\/uploads\/2023\/04\/978-3-86356-373-8_B-205x300.jpg\" alt=\"\" width=\"205\" height=\"300\" srcset=\"https:\/\/wp.pop-verlag.com\/wp-content\/uploads\/2023\/04\/978-3-86356-373-8_B-205x300.jpg 205w, https:\/\/wp.pop-verlag.com\/wp-content\/uploads\/2023\/04\/978-3-86356-373-8_B-700x1024.jpg 700w, https:\/\/wp.pop-verlag.com\/wp-content\/uploads\/2023\/04\/978-3-86356-373-8_B-768x1124.jpg 768w, https:\/\/wp.pop-verlag.com\/wp-content\/uploads\/2023\/04\/978-3-86356-373-8_B-1049x1536.jpg 1049w, https:\/\/wp.pop-verlag.com\/wp-content\/uploads\/2023\/04\/978-3-86356-373-8_B-1399x2048.jpg 1399w, https:\/\/wp.pop-verlag.com\/wp-content\/uploads\/2023\/04\/978-3-86356-373-8_B.jpg 1654w\" sizes=\"auto, (max-width: 205px) 100vw, 205px\" \/> <a href=\"https:\/\/wp.pop-verlag.com\/?page_id=6578\">Gerhard Eike<\/a>, <a href=\"https:\/\/wp.pop-verlag.com\/?p=6570\"><em>100&amp;33. KONELLIPTISCHE ANSICHTEN<\/em><\/a>. Gedichte. Mit sieben Zeichnungen von <a href=\"https:\/\/wp.pop-verlag.com\/?page_id=6140\">Gert Fabritius<\/a>.<br \/>\nReihe Lyrik Bd. 180, 204 S., ISBN 978-3-86356-373-8, \u20ac[D] 23,00<\/p>\n<p>Gerhard Eike (* 1945 in Agnetheln\/Siebenb\u00fcrgen) studierte nach dem Abitur an der Bergschule in Sch\u00e4ssburg, von 1963 bis 1968 Kunstgeschichte am Institut f\u00fcr Bildende K\u00fcnste \u201eNicolae Grigorescu\u201c in Bukarest. Von 1969 bis 1970 war er als Kustos am Brukenthal Museum in Hermannstadt t\u00e4tig, von 1970 bis 1977 als Redakteur f\u00fcr die Rubriken Kunst und Literatur bei der deutschsprachigen Zeitschrift \u201eVolk und Kultur\u201c in Bukarest. Weitere T\u00e4tigkeiten: publizistische Mitarbeit bei der \u201eDeutschen Stunde\u201c des Rum\u00e4nischen Rundfunks und Fernsehens, Drehbuchautor und Regisseur von Kunstfilmen, u. a. des Dokumentarstreifens \u201e450 Jahre Bergschule in Sch\u00e4\u00dfburg\u201c sowie der monografischen Studie \u201eDer Kunstmaler Hans Hermann\u201c. 1975 erschien das Gedichtbuch \u201e6&amp;60 KONELLIPTISCHE LANDSCHAFTEN\u201c im Kriterion Verlag (Bukarest). Gerhard Eikes Gedichte wurden in Anthologien wie \u201eLuchterhand Loseblatt Lyrik \u2013 Deutsche Gedichte aus Rum\u00e4nien\u201c (Luchterhand Verlag, Darmstadt 1970), \u201eFahnen im Wind\u201c (Kriterion Verlag 1972); \u201ebefragung heute\u201c (Kriterion Verlag 1974) und \u201evorl\u00e4ufige protokolle\u201c (Dacia Verlag, Klausenburg 1974) ver\u00f6ffentlicht. Am 18.01.1977 erfolgte die Flucht in die Bundesrepublik Deutschland. Von 1977 bis 1979 war er beim Bayerischen und S\u00fcddeutschen Rundfunk sowie f\u00fcr die S\u00fcddeutsche Zeitung t\u00e4tig. 1979\/80 absoliverte er die Ausbildung zum Industriekaufmann beim Bayerischen Bildungsverein e.V. M\u00fcnchen. 1982 gr\u00fcndete er die \u201eGalerie V five o-clock\u201c in Feldafing. 1985\/86 war er als Bibliothekar der DGB-Bundesschule Niederp\u00f6cking, von 1987 bis 1989 als Bibliothekar im Kloster Andechs t\u00e4tig. 1987 promovierte Eike zum Dr. phil. der Kunstgeschichte an der Universit\u00e4t Bukarest. Von 1982 bis 1990 war er Organisator von Kunstausstellungen des Vereins \u201eDie Roseninsel \u2013 K\u00fcnstler und Kunstfreunde am Starnberger See e.V.\u201c sowie des \u201eArt Aktiv-Kunstrings im F\u00fcnfseenland\u201c. 1991 lie\u00df er sich als freischaffender Journalist und Schriftsteller in Konstanz am Bodensee nieder, wo er 2020 starb.<\/p>\n<p><span class=\"readonlyText multiple\">Lieferbare Titel von <a href=\"https:\/\/wp.pop-verlag.com\/?page_id=6578\">Gerhard Eike<\/a>:<br \/>\n<\/span><\/p>\n<p>&#8211; <a href=\"https:\/\/wp.pop-verlag.com\/?p=6570\"><em>100&amp;33. KONELLIPTISCHE ANSICHTEN<\/em><\/a>. Gedichte. Mit sieben Zeichnungen von <a href=\"https:\/\/wp.pop-verlag.com\/?page_id=6140\">Gert Fabritius<\/a>.<br \/>\nReihe Lyrik Bd. 180, 204 S., ISBN 978-3-86356-373-8, \u20ac[D] 23,00<\/p>\n","protected":false},"excerpt":{"rendered":"<p>Gerhard Eike, 100&amp;33. KONELLIPTISCHE ANSICHTEN. Gedichte. Mit sieben Zeichnungen von Gert Fabritius. Reihe Lyrik Bd. 180, 204 S., ISBN 978-3-86356-373-8, \u20ac[D] 23,00 Gerhard Eike (* 1945 in Agnetheln\/Siebenb\u00fcrgen) studierte nach dem Abitur an der Bergschule in Sch\u00e4ssburg, von 1963 bis &hellip; <a class=\"more-link\" href=\"https:\/\/wp.pop-verlag.com\/?p=6570\">Weiterlesen <span class=\"meta-nav\">&rarr;<\/span><\/a><\/p>\n","protected":false},"author":2,"featured_media":0,"comment_status":"closed","ping_status":"closed","sticky":false,"template":"","format":"standard","meta":{"_jetpack_memberships_contains_paid_content":false,"footnotes":""},"categories":[796,21,20,23,8],"tags":[816,362,239,817,780,545,806,818,814,815,346,777,755,756,757,758,759,363,364,774,374,347,271,244,351,737,247,303],"class_list":["post-6570","post","type-post","status-publish","format-standard","hentry","category-e-erscheinungsjahr-2023","category-deutsch-rumaenische-literatur","category-deutsche-literatur","category-ost-suedosteuropaeische-literatur","category-pop-lyrik","tag-agnetheln","tag-autor","tag-ceausescu","tag-deutsche-literatur","tag-deutscher","tag-dracula","tag-emigrant","tag-geboren-1945","tag-gerhard-eike","tag-gert-fabritius","tag-herta-mueller","tag-journalist-deutschland","tag-kultur","tag-kultur-und-medienwissenschaften","tag-kulturelle-identitaet","tag-kulturgeschichte","tag-kulturwissenschaften","tag-literatur-20-jahrhundert","tag-literatur-21-jahrhundert","tag-literatur-deutsch","tag-mann","tag-osteuropa","tag-pop-verlag","tag-rumaenien","tag-rumaeniendeutsche-literatur","tag-schriftsteller","tag-siebenbuergen","tag-traian-pop"],"jetpack_sharing_enabled":true,"jetpack_featured_media_url":"","_links":{"self":[{"href":"https:\/\/wp.pop-verlag.com\/index.php?rest_route=\/wp\/v2\/posts\/6570","targetHints":{"allow":["GET"]}}],"collection":[{"href":"https:\/\/wp.pop-verlag.com\/index.php?rest_route=\/wp\/v2\/posts"}],"about":[{"href":"https:\/\/wp.pop-verlag.com\/index.php?rest_route=\/wp\/v2\/types\/post"}],"author":[{"embeddable":true,"href":"https:\/\/wp.pop-verlag.com\/index.php?rest_route=\/wp\/v2\/users\/2"}],"replies":[{"embeddable":true,"href":"https:\/\/wp.pop-verlag.com\/index.php?rest_route=%2Fwp%2Fv2%2Fcomments&post=6570"}],"version-history":[{"count":4,"href":"https:\/\/wp.pop-verlag.com\/index.php?rest_route=\/wp\/v2\/posts\/6570\/revisions"}],"predecessor-version":[{"id":6582,"href":"https:\/\/wp.pop-verlag.com\/index.php?rest_route=\/wp\/v2\/posts\/6570\/revisions\/6582"}],"wp:attachment":[{"href":"https:\/\/wp.pop-verlag.com\/index.php?rest_route=%2Fwp%2Fv2%2Fmedia&parent=6570"}],"wp:term":[{"taxonomy":"category","embeddable":true,"href":"https:\/\/wp.pop-verlag.com\/index.php?rest_route=%2Fwp%2Fv2%2Fcategories&post=6570"},{"taxonomy":"post_tag","embeddable":true,"href":"https:\/\/wp.pop-verlag.com\/index.php?rest_route=%2Fwp%2Fv2%2Ftags&post=6570"}],"curies":[{"name":"wp","href":"https:\/\/api.w.org\/{rel}","templated":true}]}}