{"id":6564,"date":"2023-03-30T11:37:11","date_gmt":"2023-03-30T11:37:11","guid":{"rendered":"https:\/\/wp.pop-verlag.com\/?p=6564"},"modified":"2023-03-30T14:28:24","modified_gmt":"2023-03-30T14:28:24","slug":"imre-toeroek-insel-der-elefanten-diesseits-und-jenseits-der-erinnerungen","status":"publish","type":"post","link":"https:\/\/wp.pop-verlag.com\/?p=6564","title":{"rendered":"Imre T\u00f6r\u00f6k, Insel der Elefanten. Diesseits und jenseits der Erinnerungen."},"content":{"rendered":"<p><img loading=\"lazy\" decoding=\"async\" class=\"alignleft size-medium wp-image-6565\" src=\"https:\/\/wp.pop-verlag.com\/wp-content\/uploads\/2023\/03\/978-3-86356-382-0_BuB-1-191x300.jpg\" alt=\"\" width=\"191\" height=\"300\" srcset=\"https:\/\/wp.pop-verlag.com\/wp-content\/uploads\/2023\/03\/978-3-86356-382-0_BuB-1-191x300.jpg 191w, https:\/\/wp.pop-verlag.com\/wp-content\/uploads\/2023\/03\/978-3-86356-382-0_BuB-1-652x1024.jpg 652w, https:\/\/wp.pop-verlag.com\/wp-content\/uploads\/2023\/03\/978-3-86356-382-0_BuB-1-768x1206.jpg 768w, https:\/\/wp.pop-verlag.com\/wp-content\/uploads\/2023\/03\/978-3-86356-382-0_BuB-1-978x1536.jpg 978w, https:\/\/wp.pop-verlag.com\/wp-content\/uploads\/2023\/03\/978-3-86356-382-0_BuB-1-1304x2048.jpg 1304w, https:\/\/wp.pop-verlag.com\/wp-content\/uploads\/2023\/03\/978-3-86356-382-0_BuB-1-scaled.jpg 1630w\" sizes=\"auto, (max-width: 191px) 100vw, 191px\" \/> <img loading=\"lazy\" decoding=\"async\" class=\"alignleft size-medium wp-image-6545\" src=\"https:\/\/wp.pop-verlag.com\/wp-content\/uploads\/2023\/03\/978-3-86356-382-0_B-205x300.jpg\" alt=\"\" width=\"205\" height=\"300\" srcset=\"https:\/\/wp.pop-verlag.com\/wp-content\/uploads\/2023\/03\/978-3-86356-382-0_B-205x300.jpg 205w, https:\/\/wp.pop-verlag.com\/wp-content\/uploads\/2023\/03\/978-3-86356-382-0_B-700x1024.jpg 700w, https:\/\/wp.pop-verlag.com\/wp-content\/uploads\/2023\/03\/978-3-86356-382-0_B-768x1124.jpg 768w, https:\/\/wp.pop-verlag.com\/wp-content\/uploads\/2023\/03\/978-3-86356-382-0_B-1049x1536.jpg 1049w, https:\/\/wp.pop-verlag.com\/wp-content\/uploads\/2023\/03\/978-3-86356-382-0_B-1399x2048.jpg 1399w, https:\/\/wp.pop-verlag.com\/wp-content\/uploads\/2023\/03\/978-3-86356-382-0_B.jpg 1654w\" sizes=\"auto, (max-width: 205px) 100vw, 205px\" \/> <a href=\"https:\/\/wp.pop-verlag.com\/?page_id=654\">Imre T\u00f6r\u00f6k<\/a>, <a href=\"https:\/\/wp.pop-verlag.com\/?p=6564\">Insel der Elefanten. Diesseits und jenseits der Erinnerungen.<\/a> Neuauflage 2023. Roman. Kartoniert. Mit Schutzumschlag (bedruckt). Reihe Epik Bd. 20. 357 S., ISBN\u00a0 978-3-86356-382-0, \u20ac[D]23,00<\/p>\n<p>(&#8230;)<br \/>\nEiland der Elefanten.<br \/>\nIch beschlo\u00df, mir noch eine Nacht in der Bucht zu g\u00f6nnen. Einmal noch den Sonnen- aufgang zu erleben. Den unerkl\u00e4rlichen Sog, dieses Fieber f\u00fchlte ich nach wie vor in mir. Es war nur irgendwie anders. Wie wenn jemand heftig von einer Grippe heimgesucht wurde. Und auf einmal h\u00f6ren die kalten Schwei\u00dfausbr\u00fcche, auch das Z\u00e4hneklappern, sogar die Gliederschmerzen auf. Das Fieber l\u00e4\u00dft nach, einen wie verr\u00fcckt zu sch\u00fctteln. Man f\u00fchlt sich wohlig ergeben. Schwebt in einer Schw\u00e4che, empfindet sich im Gleich- klang mit sich selbst, mit allem. Ahnt die Genesung, die in den K\u00f6rper Einzug h\u00e4lt. Das Fieber hatte seine Dienste erwiesen, kreist noch ein paar Runden, gibt seine Abschieds- vorstellung.<br \/>\n(&#8230;)<\/p>\n<p>Was f\u00fcr eine spannende und philosophisch angenehm herausfordernde Lekt\u00fcre! Ein durch und durch mutiges, sich den Schmerzen des Verlustes stellendes Buch, mit zahllosen wundersch\u00f6nen lyrischen Stellen.<br \/>\n<em>Peter Blickle, Western Michigan University<\/em><\/p>\n<p>Lieferbare Titel von <a href=\"http:\/\/wp.pop-verlag.com\/?page_id=654\"><strong>Imre T\u00f6r\u00f6k<\/strong>:<\/a><\/p>\n<p><strong><em><a href=\"http:\/\/wp.pop-verlag.com\/?p=151\">\u2013 Akazienskizze<\/a>. Neue und alte Geschichten. Phantasiefl\u00fcge.<\/em> <\/strong> Prosa, 230\u00a0S., 14,0\u00a0\u00d7\u00a020,0\u00a0cm; ISBN: \u00a0978-3-937139-69-2; 14,80\u20ac<\/p>\n<p><strong><em><a href=\"http:\/\/wp.pop-verlag.com\/?p=248\">\u2013 Insel der Elefanten.<\/a> <\/em><\/strong>Roman. (EPIK- Sammlung); 402 Seiten, 14,0\u00a0\u00d7\u00a020,0\u00a0cm; ISBN: \u00a0978-3-937139-91-3; 19,90\u20ac<\/p>\n<p><strong><a href=\"http:\/\/wp.pop-verlag.com\/?page_id=1053\">\u2013 Arzu Al\u0131r<\/a>: <\/strong><a href=\"http:\/\/wp.pop-verlag.com\/?p=260\"><em><strong>Wenn Satan sich zum Rosenzweig beugt.<\/strong><\/em><\/a> Gedichte. Mit einem Nachwort von <a href=\"http:\/\/wp.pop-verlag.com\/?page_id=654\"><strong>Imre T\u00f6r\u00f6k<\/strong>:<\/a>. Aus dem T\u00fcrkischen \u00fcbersetzt von\u00a0<strong><a href=\"http:\/\/traian.pop-verlag.com\/achim_martin_wensien.htm\">Achim Martin Wensien<\/a><\/strong> und \u00fcberarbeitet von <a href=\"http:\/\/wp.pop-verlag.com\/?page_id=654\"><strong>Imre T\u00f6r\u00f6k<\/strong>:<\/a>.(LYRIK) 120 S. ISBN: 978-3-937139-84-5; 14,00\u20ac.<\/p>\n<p><strong><a href=\"http:\/\/wp.pop-verlag.com\/?page_id=654\">\u2013 Imre T\u00f6r\u00f6k:<\/a> <a href=\"http:\/\/wp.pop-verlag.com\/?p=1971\">Das Buch Luzius. M\u00e4rchen und andere Wahrheiten.<\/a>\u00a0<\/strong> Erz\u00e4hlungen. (EPIK Sammlung). 190 S. ISBN: 978-3-86356-026-3; 14,00\u20ac<\/p>\n<p><strong><em><a href=\"http:\/\/traian.pop-verlag.com\/das_buch_luzius.htm\">\u2013 Das Buch Luzius<\/a>. <a href=\"http:\/\/traian.pop-verlag.com\/978-3-86356-059-1.htm\"> M\u00e4rchen und andere Wahrheiten.\u00a0 Erz\u00e4hlungen. <\/a><\/em><\/strong> <strong><a href=\"http:\/\/traian.pop-verlag.com\/978-3-86356-059-1.htm\"><em>Illustrierte Ausgabe.<\/em><\/a><\/strong> Illustriert von <strong><a href=\"http:\/\/traian.pop-verlag.com\/libuse_schmidt.htm\">Libu\u0161e Schmidt <\/a><\/strong>(EPIK Sammlung). 204 S. ISBN: 978-3-86356-059-1; 16,50\u20ac<\/p>\n<p><strong><a href=\"http:\/\/wp.pop-verlag.com\/?p=637\"><span class=\"readonlyText\">\u2013 Wanderer. Zwischenwelten.<\/span><\/a> <span class=\"readonlyText\">Mit 19 Zeichnungen von Libu\u0161e Schmidt. <\/span><\/strong>Prosa. <span class=\"readonlyText\">Flexibler Einband<\/span> mit Schutzumschlag, 334 Seiten;\u00a0ISBN 978-3-86356-<span class=\"readonlyText\">122-2<\/span>; <span class=\"readonlyText multiple\"><span class=\"priceValue\">21,90<\/span><\/span> \u20ac<\/p>\n<p><strong>\u2013 Die K\u00f6nigin von \u00c4gypten in Berlin. <\/strong>Illustrationen: Emir Roda Al\u0131r. Prosa. <span class=\"readonlyText\">Flexibler Einband<\/span> mit Schutzumschlag, 298 Seiten;\u00a0ISBN 978-3-86356-<span class=\"readonlyText\">150-5<\/span>; <span class=\"readonlyText multiple\"><span class=\"priceValue\">20,00<\/span><\/span> \u20ac<\/p>\n<p class=\"entry-title\"><a href=\"https:\/\/www.bawuelon.com\/bawuelon-33\/\"><strong>\u2013 BAW\u00dcLON 33<\/strong><\/a><\/p>\n","protected":false},"excerpt":{"rendered":"<p>Imre T\u00f6r\u00f6k, Insel der Elefanten. Diesseits und jenseits der Erinnerungen. Neuauflage 2023. Roman. Kartoniert. Mit Schutzumschlag (bedruckt). Reihe Epik Bd. 20. 357 S., ISBN\u00a0 978-3-86356-382-0, \u20ac[D]23,00 (&#8230;) Eiland der Elefanten. Ich beschlo\u00df, mir noch eine Nacht in der Bucht zu &hellip; <a class=\"more-link\" href=\"https:\/\/wp.pop-verlag.com\/?p=6564\">Weiterlesen <span class=\"meta-nav\">&rarr;<\/span><\/a><\/p>\n","protected":false},"author":2,"featured_media":0,"comment_status":"closed","ping_status":"closed","sticky":false,"template":"","format":"standard","meta":{"_jetpack_memberships_contains_paid_content":false,"footnotes":""},"categories":[796,20,9],"tags":[803,780,806,808,777,363,364,774,374,802,805,807,804],"class_list":["post-6564","post","type-post","status-publish","format-standard","hentry","category-e-erscheinungsjahr-2023","category-deutsche-literatur","category-pop-epik","tag-autorerzaehlung","tag-deutscher","tag-emigrant","tag-geboren-1949","tag-journalist-deutschland","tag-literatur-20-jahrhundert","tag-literatur-21-jahrhundert","tag-literatur-deutsch","tag-mann","tag-mitglied-im-pen-zentrum-deutschland","tag-traeger-des-verdienstordens-des-landes-baden-wuerttemberg","tag-ungar","tag-verband-deutscher-schriftsteller-funktionaer"],"jetpack_sharing_enabled":true,"jetpack_featured_media_url":"","_links":{"self":[{"href":"https:\/\/wp.pop-verlag.com\/index.php?rest_route=\/wp\/v2\/posts\/6564","targetHints":{"allow":["GET"]}}],"collection":[{"href":"https:\/\/wp.pop-verlag.com\/index.php?rest_route=\/wp\/v2\/posts"}],"about":[{"href":"https:\/\/wp.pop-verlag.com\/index.php?rest_route=\/wp\/v2\/types\/post"}],"author":[{"embeddable":true,"href":"https:\/\/wp.pop-verlag.com\/index.php?rest_route=\/wp\/v2\/users\/2"}],"replies":[{"embeddable":true,"href":"https:\/\/wp.pop-verlag.com\/index.php?rest_route=%2Fwp%2Fv2%2Fcomments&post=6564"}],"version-history":[{"count":2,"href":"https:\/\/wp.pop-verlag.com\/index.php?rest_route=\/wp\/v2\/posts\/6564\/revisions"}],"predecessor-version":[{"id":6568,"href":"https:\/\/wp.pop-verlag.com\/index.php?rest_route=\/wp\/v2\/posts\/6564\/revisions\/6568"}],"wp:attachment":[{"href":"https:\/\/wp.pop-verlag.com\/index.php?rest_route=%2Fwp%2Fv2%2Fmedia&parent=6564"}],"wp:term":[{"taxonomy":"category","embeddable":true,"href":"https:\/\/wp.pop-verlag.com\/index.php?rest_route=%2Fwp%2Fv2%2Fcategories&post=6564"},{"taxonomy":"post_tag","embeddable":true,"href":"https:\/\/wp.pop-verlag.com\/index.php?rest_route=%2Fwp%2Fv2%2Ftags&post=6564"}],"curies":[{"name":"wp","href":"https:\/\/api.w.org\/{rel}","templated":true}]}}