{"id":6543,"date":"2023-03-26T05:14:19","date_gmt":"2023-03-26T05:14:19","guid":{"rendered":"https:\/\/wp.pop-verlag.com\/?p=6543"},"modified":"2023-03-26T06:12:24","modified_gmt":"2023-03-26T06:12:24","slug":"barbara-zeizinger-schon-morgen-wird-alles-gewesen-sein","status":"publish","type":"post","link":"https:\/\/wp.pop-verlag.com\/?p=6543","title":{"rendered":"Barbara Zeizinger:\u00a0Schon morgen wird alles gewesen sein"},"content":{"rendered":"<p><span class=\"readonlyText multiple\"><strong><img loading=\"lazy\" decoding=\"async\" class=\"alignleft size-medium wp-image-6546\" src=\"https:\/\/wp.pop-verlag.com\/wp-content\/uploads\/2023\/03\/978-3-86356-379-0_BuB-191x300.jpg\" alt=\"\" width=\"191\" height=\"300\" srcset=\"https:\/\/wp.pop-verlag.com\/wp-content\/uploads\/2023\/03\/978-3-86356-379-0_BuB-191x300.jpg 191w, https:\/\/wp.pop-verlag.com\/wp-content\/uploads\/2023\/03\/978-3-86356-379-0_BuB-652x1024.jpg 652w, https:\/\/wp.pop-verlag.com\/wp-content\/uploads\/2023\/03\/978-3-86356-379-0_BuB-768x1206.jpg 768w, https:\/\/wp.pop-verlag.com\/wp-content\/uploads\/2023\/03\/978-3-86356-379-0_BuB-978x1536.jpg 978w, https:\/\/wp.pop-verlag.com\/wp-content\/uploads\/2023\/03\/978-3-86356-379-0_BuB-1304x2048.jpg 1304w, https:\/\/wp.pop-verlag.com\/wp-content\/uploads\/2023\/03\/978-3-86356-379-0_BuB-scaled.jpg 1630w\" sizes=\"auto, (max-width: 191px) 100vw, 191px\" \/> <\/strong> <a href=\"http:\/\/wp.pop-verlag.com\/?page_id=979\"><strong>Barbara Zeizinger<\/strong><\/a>:<\/span>\u00a0<a href=\"https:\/\/wp.pop-verlag.com\/?p=6543\"><strong>Schon morgen wird alles gewesen sein<\/strong><\/a><br \/>\nGedichte. Mit Fotos der Autorin.<br \/>\nReihe Lyrik Bd. 184, 99 S., ISBN 978-3-86356-379-0, \u20ac[D] 19,50<\/p>\n<p>\u201eSIch spreche zu Beginn \u00fcber meine Gedichte, \u00fcbers Gedichteschreiben. F\u00fcr mich sind die ersten S\u00e4tze besonders wichtig. Am manchen Tagen fallen mir ganz viele erste S\u00e4tze ein, die Tage h\u00e4ngen voller erster S\u00e4tze. Nach und nach f\u00fcllen die sich dann \u2013 vielleicht am selben Tag oder danach \u2013 mit anderen S\u00e4tzen, bis die Zeilen insgesamt rund werden. Ich achte auch bei Gedichten anderer Autoren und ebenso bei Romanen und Erz\u00e4hlungen gern auf erste S\u00e4tze. \u2026 Meine ersten S\u00e4tze fallen oft aus dem Alltag heraus. Beispielsweise, eines meiner Gedichte f\u00e4ngt an: Es sind immer zwei Tr\u00e4ume in einem. Ich wei\u00df bis heute nicht, wie mir pl\u00f6tzlich, urpl\u00f6tzlich, dieser Satz in den Sinn gekommen ist. Aber er hat sich dann mit Erlebnissen und Begegnungen aus dem Alltag gemischt und pl\u00f6tzlich f\u00fcgt sich eins zum anderen zusammen.&#8220;<br \/>\n<em>Aus: Literarische Selbstgespr\u00e4che, \u2026 keine Fragen stellte Astrid Nischkauer<\/em><\/p>\n<p>&#8222;Ihr gro\u00dfes Thema ist die Zeit, die Verg\u00e4nglichkeit. Das lyrische Ich ist fest in der Gegenwart verortet, aber es hat immer die Vergangenheit, die Geschichte und auch die Zukunft im Blick.&#8220;<br \/>\n<em>Renate Schmidgall, FAZ<\/em><\/p>\n<p><span class=\"readonlyText multiple\">Lieferbare Titel von <a href=\"http:\/\/wp.pop-verlag.com\/?page_id=979\"><strong>Barbara Zeizinger<\/strong><\/a>:<\/span><\/p>\n<ul>\n<li>\u201e<a href=\"http:\/\/wp.pop-verlag.com\/?p=155\">Weitwinkel nah<\/a>\u201c. Gedichte. Pop Lyrik. 75 Seiten, ISBN 978-3-86356-057-7, \u20ac[D]12,99<\/li>\n<li>\u00a0\u201e<a href=\"http:\/\/wp.pop-verlag.com\/?p=161\">Am wei\u00dfen Kanal<\/a>\u201c. Roman. Pop Epik. 218 Seiten, \u20ac[D]15,50, ISBN 978-3-86356-094-2<\/li>\n<li><a href=\"http:\/\/wp.pop-verlag.com\/?p=1902\"> \u201eWenn ich geblieben w\u00e4re\u201c<\/a>. Gedichte. Pop Lyrik. 84 Seiten, ISBN: 978-3-86356-179-6, \u20ac[D]14,00<\/li>\n<li><a href=\"https:\/\/wp.pop-verlag.com\/?p=3537\"><strong>Er nannte mich Kl\u00e1rinka<\/strong><\/a>. Roman.Pop Epik. 302 Seiten, ISBN: 978-3-86356-242-7, \u20ac[D]19,90<\/li>\n<li><a href=\"https:\/\/wp.pop-verlag.com\/?p=5739\"><strong>Bevor das Herz schl\u00e4gt<\/strong>.<\/a> Roman.Reihe Epik Bd.120, 280 S., ISBN 978-3-86356-329-5, \u20ac[D] 19,50<\/li>\n<li><a href=\"https:\/\/wp.pop-verlag.com\/?p=6543\"><strong>Schon morgen wird alles gewesen sein.\u00a0<\/strong><\/a>Gedichte. Mit Fotos der Autorin. Reihe Lyrik Bd. 184, 99 S., ISBN 978-3-86356-370-0, \u20ac[D] 19,50<\/li>\n<\/ul>\n","protected":false},"excerpt":{"rendered":"<p>Barbara Zeizinger:\u00a0Schon morgen wird alles gewesen sein Gedichte. Mit Fotos der Autorin. Reihe Lyrik Bd. 184, 99 S., ISBN 978-3-86356-379-0, \u20ac[D] 19,50 \u201eSIch spreche zu Beginn \u00fcber meine Gedichte, \u00fcbers Gedichteschreiben. F\u00fcr mich sind die ersten S\u00e4tze besonders wichtig. Am &hellip; <a class=\"more-link\" href=\"https:\/\/wp.pop-verlag.com\/?p=6543\">Weiterlesen <span class=\"meta-nav\">&rarr;<\/span><\/a><\/p>\n","protected":false},"author":2,"featured_media":0,"comment_status":"closed","ping_status":"closed","sticky":false,"template":"","format":"standard","meta":{"_jetpack_memberships_contains_paid_content":false,"footnotes":""},"categories":[796,20,8],"tags":[],"class_list":["post-6543","post","type-post","status-publish","format-standard","hentry","category-e-erscheinungsjahr-2023","category-deutsche-literatur","category-pop-lyrik"],"jetpack_sharing_enabled":true,"jetpack_featured_media_url":"","_links":{"self":[{"href":"https:\/\/wp.pop-verlag.com\/index.php?rest_route=\/wp\/v2\/posts\/6543","targetHints":{"allow":["GET"]}}],"collection":[{"href":"https:\/\/wp.pop-verlag.com\/index.php?rest_route=\/wp\/v2\/posts"}],"about":[{"href":"https:\/\/wp.pop-verlag.com\/index.php?rest_route=\/wp\/v2\/types\/post"}],"author":[{"embeddable":true,"href":"https:\/\/wp.pop-verlag.com\/index.php?rest_route=\/wp\/v2\/users\/2"}],"replies":[{"embeddable":true,"href":"https:\/\/wp.pop-verlag.com\/index.php?rest_route=%2Fwp%2Fv2%2Fcomments&post=6543"}],"version-history":[{"count":5,"href":"https:\/\/wp.pop-verlag.com\/index.php?rest_route=\/wp\/v2\/posts\/6543\/revisions"}],"predecessor-version":[{"id":6557,"href":"https:\/\/wp.pop-verlag.com\/index.php?rest_route=\/wp\/v2\/posts\/6543\/revisions\/6557"}],"wp:attachment":[{"href":"https:\/\/wp.pop-verlag.com\/index.php?rest_route=%2Fwp%2Fv2%2Fmedia&parent=6543"}],"wp:term":[{"taxonomy":"category","embeddable":true,"href":"https:\/\/wp.pop-verlag.com\/index.php?rest_route=%2Fwp%2Fv2%2Fcategories&post=6543"},{"taxonomy":"post_tag","embeddable":true,"href":"https:\/\/wp.pop-verlag.com\/index.php?rest_route=%2Fwp%2Fv2%2Ftags&post=6543"}],"curies":[{"name":"wp","href":"https:\/\/api.w.org\/{rel}","templated":true}]}}