{"id":6524,"date":"2023-03-22T14:36:06","date_gmt":"2023-03-22T14:36:06","guid":{"rendered":"https:\/\/wp.pop-verlag.com\/?p=6524"},"modified":"2023-04-17T16:38:57","modified_gmt":"2023-04-17T16:38:57","slug":"johann-lippet-biographie-ein-muster-poem","status":"publish","type":"post","link":"https:\/\/wp.pop-verlag.com\/?p=6524","title":{"rendered":"Johann Lippet: biographie. ein muster. poem"},"content":{"rendered":"<p><strong><a href=\"https:\/\/wp.pop-verlag.com\/?page_id=742\"><img loading=\"lazy\" decoding=\"async\" class=\"alignleft size-medium wp-image-6528\" src=\"https:\/\/wp.pop-verlag.com\/wp-content\/uploads\/2023\/03\/978-3-86356-316-5_BuB-191x300.jpg\" alt=\"\" width=\"191\" height=\"300\" srcset=\"https:\/\/wp.pop-verlag.com\/wp-content\/uploads\/2023\/03\/978-3-86356-316-5_BuB-191x300.jpg 191w, https:\/\/wp.pop-verlag.com\/wp-content\/uploads\/2023\/03\/978-3-86356-316-5_BuB-652x1024.jpg 652w, https:\/\/wp.pop-verlag.com\/wp-content\/uploads\/2023\/03\/978-3-86356-316-5_BuB-768x1206.jpg 768w, https:\/\/wp.pop-verlag.com\/wp-content\/uploads\/2023\/03\/978-3-86356-316-5_BuB-978x1536.jpg 978w, https:\/\/wp.pop-verlag.com\/wp-content\/uploads\/2023\/03\/978-3-86356-316-5_BuB-1304x2048.jpg 1304w, https:\/\/wp.pop-verlag.com\/wp-content\/uploads\/2023\/03\/978-3-86356-316-5_BuB-scaled.jpg 1630w\" sizes=\"auto, (max-width: 191px) 100vw, 191px\" \/> <img loading=\"lazy\" decoding=\"async\" class=\"alignleft size-medium wp-image-6529\" src=\"https:\/\/wp.pop-verlag.com\/wp-content\/uploads\/2023\/03\/978-3-86356-316-5_B-205x300.jpg\" alt=\"\" width=\"205\" height=\"300\" srcset=\"https:\/\/wp.pop-verlag.com\/wp-content\/uploads\/2023\/03\/978-3-86356-316-5_B-205x300.jpg 205w, https:\/\/wp.pop-verlag.com\/wp-content\/uploads\/2023\/03\/978-3-86356-316-5_B-700x1024.jpg 700w, https:\/\/wp.pop-verlag.com\/wp-content\/uploads\/2023\/03\/978-3-86356-316-5_B-768x1124.jpg 768w, https:\/\/wp.pop-verlag.com\/wp-content\/uploads\/2023\/03\/978-3-86356-316-5_B-1049x1536.jpg 1049w, https:\/\/wp.pop-verlag.com\/wp-content\/uploads\/2023\/03\/978-3-86356-316-5_B-1399x2048.jpg 1399w, https:\/\/wp.pop-verlag.com\/wp-content\/uploads\/2023\/03\/978-3-86356-316-5_B.jpg 1654w\" sizes=\"auto, (max-width: 205px) 100vw, 205px\" \/>Johann Lippet<\/a>: biographie. ein muster. poem<br \/>\n<\/strong>Vom Autor druchgesehene, kritische Neuauflage. Leben sammeln in der Diktatur, Essay von Walter Fromm. Reihe Lyrik Bd. 149, 149 Seiten, ISBN: ISBN: 978-3-86356-316-5; \u20ac [D]18,50<\/p>\n<p>Der Ich-Erz\u00e4hler schildert zun\u00e4chst aus der Kindperspektive die von Erwachsenen \u00fcberlieferten fr\u00fchen Geschehnisse der Zeit um 1945\/50. Der Vater ger\u00e4t auf der Flucht vor der Roten Armee nach Westen in die F\u00e4nge der Wehrmacht und wird von den \u00a0Amerikanern gefangen genommen. Die Mutter wird aus dem Banat zur Zwangsarbeit in den Donbass deportiert. Die beiden Entwurzelten gelangen auf Umwegen nach \u00d6sterreich, wo sie sich kennenlernen und eine Familie gr\u00fcnden. 1956 kehren sie mit ihren vier Kindern in ihre alte Heimat Banat zur\u00fcck. Hier treffen sie auf eine v\u00f6llig ver\u00e4ngstigte Gemeinschaft. Mit den vermeintlich kollektiv schuldigen Nazimitl\u00e4ufern war kurzer Prozess gemacht worden. Sie waren radikal enteignet und ausgeraubt worden, Tausende\u00a0 mussten f\u00fcr Jahre die Zwangsumsiedlung in die lebensfeindliche B\u0103r\u0103gan-Steppe erleiden. Die Zwangskollektivierung der Landwirtschaft macht schlie\u00dflich aus den einst selbstbestimmten Kleinbauern abh\u00e4ngige Landproletarier.<\/p>\n<p>Doch um 1970 \u00f6ffnet sich vor\u00fcbergehend ein einigerma\u00dfen liberales Zeitfenster, in dessen bildungs- und kulturfreundliche gesellschaftlichen Prozesse der nun jugendliche Protagonist hineinw\u00e4chst.Der Ich-Chronist berichtet in seinem autobiographischen Entwicklungsepos lakonisch-intensiv die Stationen auf dem Weg vom Kind zum Erwachsenen. Am Ende steht das Schriftstellerdasein \u2013 der eigentliche Fluchtpunkt des Entwicklungsprozesses.<\/p>\n<p><strong>Epos der Generation der Sozialismus-Natives<\/strong><\/p>\n<p>Der lyrische Diskurs dieses Epos schildert in einem packenden autofiktionalen Erz\u00e4hlstakkato das Schicksal der Deutschen Bev\u00f6lkerung Rum\u00e4niens nach dem Zweiten Weltkrieg . Die zeitgeschichtlichen Turbulenzen und Verwerfungen \u2013 f\u00fcr die Deutschen und die Rum\u00e4nen gleicherma\u00dfen bestimmend \u2013 gehen auch am kleinsten banatschw\u00e4bischen Dorf\u00a0 nicht vorbei, ohne tiefe Wunden zu schlagen. Die Autobiographie Lippets ist ein \u201eMuster\u201c f\u00fcr die Verwerfungen, Hoffnungen und Entt\u00e4uschungen, die die Epoche der Sozialismus-Natives am Rande Europas gepr\u00e4gt haben.<\/p>\n<p>Das Langgedicht wurde bei seinem Erscheinen in rum\u00e4nischer \u00dcbersetzung (1983) von der rum\u00e4nischen Literaturszene enthusiastisch als bedeutendes literarisches Dokument einer ganzen Generation gew\u00fcrdigt. <strong>Traian\u202fPop<\/strong>, Schriftsteller\u00a0 und Verleger, verortet im Poem <em>biographie. ein muster <\/em>die Condition Humaine der Generation der Sozialismus-Natives. Lippet ist der <em>\u201eAutor des bedr\u00fcckendsten Gedichtbandes meiner Generation, einschlie\u00dflich der Autoren rum\u00e4nischer Sprache .\u201c<\/em><\/p>\n<p>Dazu der Schriftsteller <strong>Dinu Fl<\/strong><strong>\u0103<\/strong><strong>m<\/strong><strong>\u00e2<\/strong><strong>nd<\/strong>: \u00a0<em>\u201eDas Gedicht ist einzigartig in unserer Literatur. Es strahlt die ruhige Ungest\u00fcmheit tiefer Wasser aus.\u201c<\/em> \u00a0Er anerkennt mit dieser Wertung die Wirkkraft des authentischen Hyperrealismus der lyrisch verdichteten, fiktional eingebetteten empirischen Sachlichkeit der Lippet\u2019schen Erz\u00e4hlformel.<\/p>\n<p><a href=\"http:\/\/www.pop-verlag-shop.com\/epages\/64741473.sf\/de_DE\/?ObjectPath=\/Shops\/64741473\/Products\/86356307\"><img loading=\"lazy\" decoding=\"async\" class=\"alignleft wp-image-5574 size-full\" src=\"https:\/\/wp.pop-verlag.com\/wp-content\/uploads\/2020\/12\/in-den-Warenkorb.jpg\" alt=\"\" width=\"163\" height=\"32\" \/><\/a><\/p>\n<p>Lieferbare Titel von <strong><a href=\"http:\/\/wp.pop-verlag.com\/?page_id=742\">Johann Lippet<\/a> <\/strong><\/p>\n<ul>\n<li><strong><em><a href=\"http:\/\/wp.pop-verlag.com\/?p=833\">Migrant auf Lebzeiten<\/a>,<\/em> <\/strong>Roman (EPIK- Sammlung) 226 Seiten,\u00a0ISBN:\u00a0 <strong>978-3-937139-<\/strong>56-2 \u20ac[D]15,90<\/li>\n<li><strong><em><a href=\"http:\/\/wp.pop-verlag.com\/?p=830\">Dorfchronik, ein Roman,<\/a><\/em> <\/strong> (EPIK- Sammlung) 789 Seiten,\u00a0ISBN:\u00a0 978-3-937139-99-9 \u20ac[D]25,90<\/li>\n<li><strong><em><a href=\"http:\/\/traian.pop-verlag.com\/der_altenpfleger,_zwei_erz%C3%A4hlungen_.htm\">Der Altenpfleger,<\/a><\/em><em><a href=\"http:\/\/traian.pop-verlag.com\/der_altenpfleger,_zwei_erz%C3%A4hlungen_.htm\"> Zwei Erz\u00e4hlungen.<\/a><\/em> <\/strong> (EPIK- Sammlung) 259 Seiten,\u00a0ISBN:\u00a0 978-3-86356-012-6 \u20ac[D] 13,20,<\/li>\n<li><strong><em><a href=\"http:\/\/wp.pop-verlag.com\/?p=910\">Tuchf\u00fchlung im Papierkorb. <\/a> <\/em><\/strong>Ein Gedichtbuch. (Lyrik- Sammlung) 168 Seiten,\u00a0ISBN:\u00a0 978-3-86356-034-8 \u20ac[D] 17,20<\/li>\n<li><strong><a href=\"http:\/\/traian.pop-verlag.com\/edition-matrix\/index.htm\">BAW\u00dcLON<\/a> \u2013 S\u00fcddeutsche MATRIX f\u00fcr Literatur und Kunst, Nr. 4\/2011 (4). <\/strong>114\u00a0Seiten, ISSN: 2192-3809;\u00a0<a href=\"http:\/\/wp.pop-verlag.com\/?page_id=742\">\u20ac[D] <\/a>7,00 <strong>\u2022<\/strong> <strong>Johann Lippet <\/strong><strong>60 <\/strong><strong>\u2022<\/strong> <strong>Johann Fischart \u2022 Renarius Flabellarius (Fischart-Fan, id est Rainer Wedler) \u2022 Hellmut Seiler \u2022 Johann Lippet *\u201eWir werden wie im M\u00e4rchen sterben\u201c, Aktionsgruppe Banat * Dieter Scherr \u2022 Safiye Can \u2022 Norbert Sternmut \u2022 \u00a0 \u00a0 Ferdinand Wedler \u2022 Carsten Piper \u2022 Uli Rothfuss \u2022 Rainer Wedler \u2022 Henning Sch\u00f6nenberger \u2022 Barbara Zeizinger u.a.<\/strong><\/li>\n<li><strong><a href=\"http:\/\/wp.pop-verlag.com\/?p=250\">Bruchst\u00fccke aus erster und zweiter Hand.<\/a><\/strong> Roman. (Epik- Sammlung) 251 S. ISBN:\u00a0 978-3-86356-050-8 \u20ac[D] 15,00<\/li>\n<li><strong><a href=\"http:\/\/wp.pop-verlag.com\/?page_id=734\">Horst Samson<\/a> <\/strong>(Hrsg.):<strong>\u00a0 <a href=\"http:\/\/wp.pop-verlag.com\/?p=255\">Heimat \u2013 gerettete Zunge.<\/a><\/strong> Visionen und Fiktionen deutschsprachiger Autoren aus Rum\u00e4nien.\u00a0Eine literarische Begegnung. Mit einem Vorwort von Prof. Dr. Wolfgang Schlott. (UNIVERSITAS Sammlung) 373 S. ISBN:\u00a0 978-3-86356-051-5, \u20ac [D] 25.00<\/li>\n<li><strong><a href=\"http:\/\/wp.pop-verlag.com\/?p=1509\">Kopfzeile, Fu\u00dfzeile.Gedichte&amp;Variationen<\/a><\/strong>. Pop Lyrik. 70 Seiten, ISBN 978-3-86356-<span class=\"readonlyText\">140-6<\/span>, 13,80\u20ac<\/li>\n<li><strong><a href=\"http:\/\/wp.pop-verlag.com\/?p=2319\"> Wegkreuze<\/a><\/strong>. Beobachtete, geh\u00f6rte, gelesene und andere Geschichten. ISBN: 978-3-86356-180-2, 102 Seiten, 13,80\u20ac<\/li>\n<li><a href=\"https:\/\/wp.pop-verlag.com\/?p=4132\" target=\"_blank\" rel=\"noopener\"><strong>Franz, Franzi, Francisc<\/strong><\/a>. Romanfragment. (Nebst Arbeitsnotizen und Annotationen). Die POP-Verlag-Epikreihe, Bd. 100, 176 Seiten, ISBN: 978-3-86356-246-5; \u20ac [D]16,90<\/li>\n<li><strong><a href=\"https:\/\/wp.pop-verlag.com\/?p=5639\" target=\"_blank\" rel=\"noopener\">Beziehungsweise(n). Gedichte &amp; Geschichten.\u00a0<\/a><\/strong>Reihe Epik Bd. 115, 185 Seiten, ISBN: 978-3-86356-307-3; \u20ac [D]18,50<\/li>\n<\/ul>\n","protected":false},"excerpt":{"rendered":"<p>Johann Lippet: biographie. ein muster. poem Vom Autor druchgesehene, kritische Neuauflage. Leben sammeln in der Diktatur, Essay von Walter Fromm. Reihe Lyrik Bd. 149, 149 Seiten, ISBN: ISBN: 978-3-86356-316-5; \u20ac [D]18,50 Der Ich-Erz\u00e4hler schildert zun\u00e4chst aus der Kindperspektive die von &hellip; <a class=\"more-link\" href=\"https:\/\/wp.pop-verlag.com\/?p=6524\">Weiterlesen <span class=\"meta-nav\">&rarr;<\/span><\/a><\/p>\n","protected":false},"author":2,"featured_media":0,"comment_status":"closed","ping_status":"closed","sticky":false,"template":"","format":"standard","meta":{"_jetpack_memberships_contains_paid_content":false,"footnotes":""},"categories":[796,21,20,8],"tags":[813,362,810,780,812,346,363,364,774,374,811,809,271,213,657,303],"class_list":["post-6524","post","type-post","status-publish","format-standard","hentry","category-e-erscheinungsjahr-2023","category-deutsch-rumaenische-literatur","category-deutsche-literatur","category-pop-lyrik","tag-aktrionsgruppe-banat","tag-autor","tag-banater-schwabe-rumaenisches-banat","tag-deutscher","tag-geboren-1951","tag-herta-mueller","tag-literatur-20-jahrhundert","tag-literatur-21-jahrhundert","tag-literatur-deutsch","tag-mann","tag-person-konrad-adenauer-stiftung","tag-person-timisoara","tag-pop-verlag","tag-richard-wagner","tag-rumaene","tag-traian-pop"],"jetpack_sharing_enabled":true,"jetpack_featured_media_url":"","_links":{"self":[{"href":"https:\/\/wp.pop-verlag.com\/index.php?rest_route=\/wp\/v2\/posts\/6524","targetHints":{"allow":["GET"]}}],"collection":[{"href":"https:\/\/wp.pop-verlag.com\/index.php?rest_route=\/wp\/v2\/posts"}],"about":[{"href":"https:\/\/wp.pop-verlag.com\/index.php?rest_route=\/wp\/v2\/types\/post"}],"author":[{"embeddable":true,"href":"https:\/\/wp.pop-verlag.com\/index.php?rest_route=\/wp\/v2\/users\/2"}],"replies":[{"embeddable":true,"href":"https:\/\/wp.pop-verlag.com\/index.php?rest_route=%2Fwp%2Fv2%2Fcomments&post=6524"}],"version-history":[{"count":4,"href":"https:\/\/wp.pop-verlag.com\/index.php?rest_route=\/wp\/v2\/posts\/6524\/revisions"}],"predecessor-version":[{"id":6534,"href":"https:\/\/wp.pop-verlag.com\/index.php?rest_route=\/wp\/v2\/posts\/6524\/revisions\/6534"}],"wp:attachment":[{"href":"https:\/\/wp.pop-verlag.com\/index.php?rest_route=%2Fwp%2Fv2%2Fmedia&parent=6524"}],"wp:term":[{"taxonomy":"category","embeddable":true,"href":"https:\/\/wp.pop-verlag.com\/index.php?rest_route=%2Fwp%2Fv2%2Fcategories&post=6524"},{"taxonomy":"post_tag","embeddable":true,"href":"https:\/\/wp.pop-verlag.com\/index.php?rest_route=%2Fwp%2Fv2%2Ftags&post=6524"}],"curies":[{"name":"wp","href":"https:\/\/api.w.org\/{rel}","templated":true}]}}