{"id":6503,"date":"2023-03-03T08:32:34","date_gmt":"2023-03-03T08:32:34","guid":{"rendered":"https:\/\/wp.pop-verlag.com\/?p=6503"},"modified":"2023-03-13T10:36:29","modified_gmt":"2023-03-13T10:36:29","slug":"klara-hurkova-gehege-mit-magnolien","status":"publish","type":"post","link":"https:\/\/wp.pop-verlag.com\/?p=6503","title":{"rendered":"Kl\u00e1ra H\u016frkov\u00e1, Gehege mit Magnolien"},"content":{"rendered":"<p><img loading=\"lazy\" decoding=\"async\" class=\"alignleft size-medium wp-image-6508\" src=\"https:\/\/wp.pop-verlag.com\/wp-content\/uploads\/2023\/03\/978-3-86356-377-6_BUB-191x300.jpg\" alt=\"\" width=\"191\" height=\"300\" srcset=\"https:\/\/wp.pop-verlag.com\/wp-content\/uploads\/2023\/03\/978-3-86356-377-6_BUB-191x300.jpg 191w, https:\/\/wp.pop-verlag.com\/wp-content\/uploads\/2023\/03\/978-3-86356-377-6_BUB-652x1024.jpg 652w, https:\/\/wp.pop-verlag.com\/wp-content\/uploads\/2023\/03\/978-3-86356-377-6_BUB-768x1206.jpg 768w, https:\/\/wp.pop-verlag.com\/wp-content\/uploads\/2023\/03\/978-3-86356-377-6_BUB-978x1536.jpg 978w, https:\/\/wp.pop-verlag.com\/wp-content\/uploads\/2023\/03\/978-3-86356-377-6_BUB-1304x2048.jpg 1304w, https:\/\/wp.pop-verlag.com\/wp-content\/uploads\/2023\/03\/978-3-86356-377-6_BUB-scaled.jpg 1630w\" sizes=\"auto, (max-width: 191px) 100vw, 191px\" \/>\u00a0<a href=\"https:\/\/wp.pop-verlag.com\/?page_id=6510\">Kl\u00e1ra H\u016frkov\u00e1<\/a>, <a href=\"https:\/\/wp.pop-verlag.com\/?p=6503\">Gehege mit Magnolien<\/a>. Gedichte. Mit bildnerischen Arbeiten der Autorin. Reihe Lyrik Bd. 183.\u00a0 96 Seiten, ISBN 978-3-86356-377-6. \u20ac[D]18,50;<a href=\"http:\/\/www.pop-verlag-shop.com\/epages\/64741473.sf\/de_DE\/?ObjectPath=\/Shops\/64741473\/Products\/86356298\"> Ihr Warenkorb ist leer.\u00a0<\/a><\/p>\n<p>Kl\u00e1ra H\u016frkov\u00e1 wurde 1962 in Prag, Tschechische Republik, geboren. Sie studierte Philosophie an der Karlsuniversit\u00e4t in Prag. Seit 1989 lebt sie im Ausland, seit 1991 in Aachen. An der RWTH Aachen studierte sie Anglistik (Literaturwissenschaft), Kunstgeschichte und Philosophie und promovierte \u00fcber die Theaterst\u00fccke von Tom Stoppard und V\u00e1clav Havel. Zur Zeit arbeitet sie als Weiterbildungslehrerin f\u00fcr Englisch und Kunst in Aachen und bet\u00e4tigt sich au\u00dferdem als Schriftstellerin, \u00dcbersetzerin, Herausgeberin und K\u00fcnstlerin. Kl\u00e1ra H\u016frkov\u00e1 hat bisher vierzehn Gedichtsammlungen ver\u00f6ffentlicht, zuletzt auf Deutsch <em>Licht in der Manteltasche <\/em>(chiliverlag, Verl, 2020). Au\u00dferdem hat sie drei deutsch-tschechische Anthologien der Gegenwartslyrik mit eigenen \u00dcbersetzungen herausgegeben: <em>Schl\u00fcsselsammlung \u2013 Sb\u00edrka kl\u00ed\u010d\u016f (2007), \u00dcber den D\u00e4chern das Licht &#8211; Nad st\u0159echami sv\u011btlo <\/em>(2014), <em>Klare Begegnungen \u2013 Jasn\u00e1 setk\u00e1n\u00ed<\/em> (2018) und die tschechische \u00dcbersetzung von Ludwig Steinherrs Gedichten, <em>Str\u00e1nky sv\u011btla \u2013 Die Seiten des Lichts<\/em> (2022), alle in Prag erschienen.<\/p>\n<p>Lieferbare Titel von <a href=\"https:\/\/wp.pop-verlag.com\/?page_id=6510\">Kl\u00e1ra H\u016frkov\u00e1<\/a>, <a href=\"https:\/\/wp.pop-verlag.com\/?p=6503\">Gehege mit Magnolien<\/a>. Gedichte. Mit bildnerischen Arbeiten der Autorin. Reihe Lyrik Bd. 183.\u00a0 96 Seiten, ISBN 978-3-86356-377-6. \u20ac[D]18,50;<\/p>\n","protected":false},"excerpt":{"rendered":"<p>\u00a0Kl\u00e1ra H\u016frkov\u00e1, Gehege mit Magnolien. Gedichte. Mit bildnerischen Arbeiten der Autorin. Reihe Lyrik Bd. 183.\u00a0 96 Seiten, ISBN 978-3-86356-377-6. \u20ac[D]18,50; Ihr Warenkorb ist leer.\u00a0 Kl\u00e1ra H\u016frkov\u00e1 wurde 1962 in Prag, Tschechische Republik, geboren. Sie studierte Philosophie an der Karlsuniversit\u00e4t in &hellip; <a class=\"more-link\" href=\"https:\/\/wp.pop-verlag.com\/?p=6503\">Weiterlesen <span class=\"meta-nav\">&rarr;<\/span><\/a><\/p>\n","protected":false},"author":2,"featured_media":0,"comment_status":"closed","ping_status":"closed","sticky":false,"template":"","format":"standard","meta":{"_jetpack_memberships_contains_paid_content":false,"footnotes":""},"categories":[796,20,23,8,1],"tags":[798,799,659,800,364,774,801,797,303],"class_list":["post-6503","post","type-post","status-publish","format-standard","hentry","category-e-erscheinungsjahr-2023","category-deutsche-literatur","category-ost-suedosteuropaeische-literatur","category-pop-lyrik","category-uncategorized","tag-aachen","tag-autorin","tag-frau","tag-geboren-1962","tag-literatur-21-jahrhundert","tag-literatur-deutsch","tag-pop-veralag","tag-prag","tag-traian-pop"],"jetpack_sharing_enabled":true,"jetpack_featured_media_url":"","_links":{"self":[{"href":"https:\/\/wp.pop-verlag.com\/index.php?rest_route=\/wp\/v2\/posts\/6503","targetHints":{"allow":["GET"]}}],"collection":[{"href":"https:\/\/wp.pop-verlag.com\/index.php?rest_route=\/wp\/v2\/posts"}],"about":[{"href":"https:\/\/wp.pop-verlag.com\/index.php?rest_route=\/wp\/v2\/types\/post"}],"author":[{"embeddable":true,"href":"https:\/\/wp.pop-verlag.com\/index.php?rest_route=\/wp\/v2\/users\/2"}],"replies":[{"embeddable":true,"href":"https:\/\/wp.pop-verlag.com\/index.php?rest_route=%2Fwp%2Fv2%2Fcomments&post=6503"}],"version-history":[{"count":3,"href":"https:\/\/wp.pop-verlag.com\/index.php?rest_route=\/wp\/v2\/posts\/6503\/revisions"}],"predecessor-version":[{"id":6515,"href":"https:\/\/wp.pop-verlag.com\/index.php?rest_route=\/wp\/v2\/posts\/6503\/revisions\/6515"}],"wp:attachment":[{"href":"https:\/\/wp.pop-verlag.com\/index.php?rest_route=%2Fwp%2Fv2%2Fmedia&parent=6503"}],"wp:term":[{"taxonomy":"category","embeddable":true,"href":"https:\/\/wp.pop-verlag.com\/index.php?rest_route=%2Fwp%2Fv2%2Fcategories&post=6503"},{"taxonomy":"post_tag","embeddable":true,"href":"https:\/\/wp.pop-verlag.com\/index.php?rest_route=%2Fwp%2Fv2%2Ftags&post=6503"}],"curies":[{"name":"wp","href":"https:\/\/api.w.org\/{rel}","templated":true}]}}