{"id":6388,"date":"2022-09-10T07:54:32","date_gmt":"2022-09-10T07:54:32","guid":{"rendered":"https:\/\/wp.pop-verlag.com\/?p=6388"},"modified":"2022-10-21T08:15:34","modified_gmt":"2022-10-21T08:15:34","slug":"die-bewegung-der-antillen-unter-der-schaedeldecke-junge-rumaeniendeutsche-lyrik-zwischen-1975-und-1980","status":"publish","type":"post","link":"https:\/\/wp.pop-verlag.com\/?p=6388","title":{"rendered":"die bewegung der antillen unter der sch\u00e4deldecke. junge rum\u00e4niendeutsche lyrik zwischen 1975 und 1980"},"content":{"rendered":"<p><img loading=\"lazy\" decoding=\"async\" class=\"alignleft size-medium wp-image-6345\" src=\"https:\/\/wp.pop-verlag.com\/wp-content\/uploads\/2022\/09\/978-3-86356-350-9_A_BuB-191x300.jpg\" alt=\"\" width=\"191\" height=\"300\" srcset=\"https:\/\/wp.pop-verlag.com\/wp-content\/uploads\/2022\/09\/978-3-86356-350-9_A_BuB-191x300.jpg 191w, https:\/\/wp.pop-verlag.com\/wp-content\/uploads\/2022\/09\/978-3-86356-350-9_A_BuB-768x1206.jpg 768w, https:\/\/wp.pop-verlag.com\/wp-content\/uploads\/2022\/09\/978-3-86356-350-9_A_BuB-652x1024.jpg 652w, https:\/\/wp.pop-verlag.com\/wp-content\/uploads\/2022\/09\/978-3-86356-350-9_A_BuB.jpg 1654w\" sizes=\"auto, (max-width: 191px) 100vw, 191px\" \/> <img loading=\"lazy\" decoding=\"async\" class=\"alignleft size-medium wp-image-6346\" src=\"https:\/\/wp.pop-verlag.com\/wp-content\/uploads\/2022\/09\/978-3-86356-350-9_B-205x300.jpg\" alt=\"\" width=\"205\" height=\"300\" srcset=\"https:\/\/wp.pop-verlag.com\/wp-content\/uploads\/2022\/09\/978-3-86356-350-9_B-205x300.jpg 205w, https:\/\/wp.pop-verlag.com\/wp-content\/uploads\/2022\/09\/978-3-86356-350-9_B-768x1124.jpg 768w, https:\/\/wp.pop-verlag.com\/wp-content\/uploads\/2022\/09\/978-3-86356-350-9_B-700x1024.jpg 700w, https:\/\/wp.pop-verlag.com\/wp-content\/uploads\/2022\/09\/978-3-86356-350-9_B.jpg 1654w\" sizes=\"auto, (max-width: 205px) 100vw, 205px\" \/><a href=\"https:\/\/wp.pop-verlag.com\/?p=6388\"><em>die bewegung der antillen\u00a0<\/em><\/a><em>unter der sch\u00e4deldecke. junge rum\u00e4niendeutsche lyrik zwischen 1975 und 1980<\/em>. Eine (historische) Anthologie<br \/>\nherausgegeben von <a href=\"https:\/\/wp.pop-verlag.com\/?page_id=6371\">Walter Fromm<\/a>. Erweiterte, kritische Neuauflage 2022<br \/>\nmit einem einleitenden Essay von Prof. Dr. <a href=\"https:\/\/wp.pop-verlag.com\/?page_id=6361\">Waldemar Fromm<\/a><br \/>\nund einer soziokulturellen Kontextualisierung<br \/>\nvon Prof. Dr. <a href=\"https:\/\/wp.pop-verlag.com\/?page_id=2593\">Anton Sterbling.<\/a><\/p>\n<p><a href=\"https:\/\/wp.pop-verlag.com\/?page_id=6386\">Richard Wagner<\/a> | <a href=\"https:\/\/wp.pop-verlag.com\/?page_id=6380\">Werner S\u00f6llner<\/a> | <a href=\"https:\/\/wp.pop-verlag.com\/?page_id=5782\">Rolf Bossert<\/a> | <a href=\"https:\/\/wp.pop-verlag.com\/?page_id=958\">Franz Hodjak<\/a> | <a href=\"https:\/\/wp.pop-verlag.com\/?page_id=1592\">William Totok<\/a> | <a href=\"https:\/\/wp.pop-verlag.com\/?page_id=964\">Hellmut Seiler<\/a> | <a href=\"https:\/\/wp.pop-verlag.com\/?page_id=954\">Klaus Hensel<\/a> | <a href=\"https:\/\/wp.pop-verlag.com\/?page_id=734\">Horst Samson<\/a> | <a href=\"https:\/\/wp.pop-verlag.com\/?page_id=6358\">Helmut Britz<\/a> | <a href=\"https:\/\/wp.pop-verlag.com\/?page_id=742\">Johann Lippet<\/a><\/p>\n<p>Reihe Lyrik Bd. 171 . 296 S., <label class=\"control-label\">ISBN: <\/label><span class=\"readonlyText\">978-3-86356-350-9, \u20ac[D]<\/span> 23,00.<\/p>\n<p>Diese Anthologie ist ein eindrucksvoller Beleg daf\u00fcr, dass sich in der kleinen deutschsprachigen Literatur Rum\u00e4niens in den 1960er und 1970er Jahren ein Ma\u00df an Weltl\u00e4ufigkeit und Modernit\u00e4t herauszubilden begann, das heute zur markanten Bereicherung der literarischen Vielstimmigkeit in Deutschland beitr\u00e4gt. Das zeigen Werke, die nach 1989 erschienen sind: Sie verweisen auf Emigration, Unbehaustheit und eine doppelte Fremdheit \u2013 \u201eAngekommen wie nicht da\u201c lautet ein Titel von Herta M\u00fcller \u2013 innerhalb des Erfahrungshaushalts Deutschlands. (<em>Waldemar Fromm, 2022)<\/em><\/p>\n<p>Der Aussiedlungsprozess der Deutschen aus Rum\u00e4nien und der meisten rum\u00e4niendeutschen Schriftsteller, K\u00fcnstler und Intellektuellen findet sich von dieser Literatur merkw\u00fcrdig begleitet und zugleich vielfach gebrochen gespiegelt und in gewisser Weise auch vorweggenommen.<em> (Anton Sterbling, 2022)<\/em><\/p>\n<p>Pers\u00f6nlich w\u00fcnschte ich mir eine noch ein- deutiger engagierte oder gar militante Sub- jektivit\u00e4t. Verfolgt man jedoch die j\u00fcngste Lyrikproduktion aufmerksam, so l\u00e4sst sich leicht feststellen, dass sie nicht selten ins private Abseits abdriftet, belanglose Innerlichkeit zutage f\u00f6rdert und Gesellschaftliches wegdr\u00fcckt. Dann wird leider nur noch festgestellt, aber nicht mehr gefragt, der Zustand wird hingenommen, aber nicht mehr angezweifelt etc., etc. Selbstverschuldetes Abseits w\u00e4re das Ergebnis, eine vielversprechende literarische Bewegung f\u00e4nde ein fr\u00fchzeitiges Ende. Dem vorzubeugen, mag dieses Buch auch beitragen. <em>(<a href=\"https:\/\/wp.pop-verlag.com\/?page_id=6371\">Walter Fromm<\/a>, 1980 )<\/em><\/p>\n<p>Lieferbare Titel von <em><a href=\"https:\/\/wp.pop-verlag.com\/?page_id=6371\">Walter Fromm<\/a><\/em>:<\/p>\n<p>&#8211; <a href=\"https:\/\/wp.pop-verlag.com\/?page_id=6371\"><em><strong>die bewegung der antillen\u00a0<\/strong><\/em><\/a><strong><em>unter der sch\u00e4deldecke. junge rum\u00e4niendeutsche lyrik zwischen 1975 und 1980<\/em>. <\/strong><a href=\"https:\/\/wp.pop-verlag.com\/?page_id=6386\">Richard Wagner<\/a> | <a href=\"https:\/\/wp.pop-verlag.com\/?page_id=6380\">Werner S\u00f6llner<\/a> | <a href=\"https:\/\/wp.pop-verlag.com\/?page_id=5782\">Rolf Bossert<\/a> | <a href=\"https:\/\/wp.pop-verlag.com\/?page_id=958\">Franz Hodjak<\/a> | <a href=\"https:\/\/wp.pop-verlag.com\/?page_id=1592\">William Totok<\/a> | <a href=\"https:\/\/wp.pop-verlag.com\/?page_id=964\">Hellmut Seiler<\/a> | <a href=\"https:\/\/wp.pop-verlag.com\/?page_id=954\">Klaus Hensel<\/a> | <a href=\"https:\/\/wp.pop-verlag.com\/?page_id=734\">Horst Samson<\/a> | <a href=\"https:\/\/wp.pop-verlag.com\/?page_id=6358\">Helmut Britz<\/a> | <a href=\"https:\/\/wp.pop-verlag.com\/?page_id=742\">Johann Lippet.\u00a0<\/a>Eine (historische) Anthologie. herausgegeben von <a href=\"https:\/\/wp.pop-verlag.com\/?page_id=6371\">Walter Fromm<\/a>. Erweiterte, kritische Neuauflage 2022. mit einem einleitenden Essay von Prof. Dr. <a href=\"https:\/\/wp.pop-verlag.com\/?page_id=6361\">Waldemar Fromm\u00a0<\/a>und einer soziokulturellen Kontextualisierung von Prof. Dr. <a href=\"https:\/\/wp.pop-verlag.com\/?page_id=2593\">Anton Sterbling.\u00a0<\/a>Reihe Lyrik Bd. 171 . 296 S., <label class=\"control-label\">ISBN: <\/label><span class=\"readonlyText\">978-3-86356-350-9, \u20ac[D]<\/span> 23,00.<\/p>\n","protected":false},"excerpt":{"rendered":"<p>die bewegung der antillen\u00a0unter der sch\u00e4deldecke. junge rum\u00e4niendeutsche lyrik zwischen 1975 und 1980. Eine (historische) Anthologie herausgegeben von Walter Fromm. Erweiterte, kritische Neuauflage 2022 mit einem einleitenden Essay von Prof. Dr. Waldemar Fromm und einer soziokulturellen Kontextualisierung von Prof. Dr. &hellip; <a class=\"more-link\" href=\"https:\/\/wp.pop-verlag.com\/?p=6388\">Weiterlesen <span class=\"meta-nav\">&rarr;<\/span><\/a><\/p>\n","protected":false},"author":2,"featured_media":0,"comment_status":"closed","ping_status":"closed","sticky":false,"template":"","format":"standard","meta":{"_jetpack_memberships_contains_paid_content":false,"footnotes":""},"categories":[527,21,20,8],"tags":[409,239,545,96,101,766,346,27,66,95,755,756,757,758,759,347,271,213,407,244,737,245,303,762,763,764,765,761],"class_list":["post-6388","post","type-post","status-publish","format-standard","hentry","category-e-erscheinungsjahr-2022","category-deutsch-rumaenische-literatur","category-deutsche-literatur","category-pop-lyrik","tag-anton-sterbling","tag-ceausescu","tag-dracula","tag-franz-hodjak","tag-hellmut-seiler","tag-helmut-britz","tag-herta-mueller","tag-horst-samson","tag-johann-lippet","tag-klaus-hensel","tag-kultur","tag-kultur-und-medienwissenschaften","tag-kulturelle-identitaet","tag-kulturgeschichte","tag-kulturwissenschaften","tag-osteuropa","tag-pop-verlag","tag-richard-wagner","tag-rolf-bossert","tag-rumaenien","tag-schriftsteller","tag-securitate","tag-traian-pop","tag-waldemar-fromm","tag-walter-fromm","tag-werner-soellner","tag-william-totok","tag--rumaeniendeutsche-literatur"],"jetpack_sharing_enabled":true,"jetpack_featured_media_url":"","_links":{"self":[{"href":"https:\/\/wp.pop-verlag.com\/index.php?rest_route=\/wp\/v2\/posts\/6388","targetHints":{"allow":["GET"]}}],"collection":[{"href":"https:\/\/wp.pop-verlag.com\/index.php?rest_route=\/wp\/v2\/posts"}],"about":[{"href":"https:\/\/wp.pop-verlag.com\/index.php?rest_route=\/wp\/v2\/types\/post"}],"author":[{"embeddable":true,"href":"https:\/\/wp.pop-verlag.com\/index.php?rest_route=\/wp\/v2\/users\/2"}],"replies":[{"embeddable":true,"href":"https:\/\/wp.pop-verlag.com\/index.php?rest_route=%2Fwp%2Fv2%2Fcomments&post=6388"}],"version-history":[{"count":9,"href":"https:\/\/wp.pop-verlag.com\/index.php?rest_route=\/wp\/v2\/posts\/6388\/revisions"}],"predecessor-version":[{"id":6452,"href":"https:\/\/wp.pop-verlag.com\/index.php?rest_route=\/wp\/v2\/posts\/6388\/revisions\/6452"}],"wp:attachment":[{"href":"https:\/\/wp.pop-verlag.com\/index.php?rest_route=%2Fwp%2Fv2%2Fmedia&parent=6388"}],"wp:term":[{"taxonomy":"category","embeddable":true,"href":"https:\/\/wp.pop-verlag.com\/index.php?rest_route=%2Fwp%2Fv2%2Fcategories&post=6388"},{"taxonomy":"post_tag","embeddable":true,"href":"https:\/\/wp.pop-verlag.com\/index.php?rest_route=%2Fwp%2Fv2%2Ftags&post=6388"}],"curies":[{"name":"wp","href":"https:\/\/api.w.org\/{rel}","templated":true}]}}