{"id":6310,"date":"2022-09-07T06:00:14","date_gmt":"2022-09-07T06:00:14","guid":{"rendered":"https:\/\/wp.pop-verlag.com\/?p=6310"},"modified":"2022-09-30T09:16:45","modified_gmt":"2022-09-30T09:16:45","slug":"holdger-platta-ruhmesblaetter-mit-linsengericht","status":"publish","type":"post","link":"https:\/\/wp.pop-verlag.com\/?p=6310","title":{"rendered":"Holdger Platta, Ruhmesbl\u00e4tter mit Linsengericht"},"content":{"rendered":"<p><img loading=\"lazy\" decoding=\"async\" class=\"alignleft size-medium wp-image-6302\" src=\"https:\/\/wp.pop-verlag.com\/wp-content\/uploads\/2022\/09\/978-3-86356-366-0_A_BuB-191x300.jpg\" alt=\"\" width=\"191\" height=\"300\" srcset=\"https:\/\/wp.pop-verlag.com\/wp-content\/uploads\/2022\/09\/978-3-86356-366-0_A_BuB-191x300.jpg 191w, https:\/\/wp.pop-verlag.com\/wp-content\/uploads\/2022\/09\/978-3-86356-366-0_A_BuB-768x1206.jpg 768w, https:\/\/wp.pop-verlag.com\/wp-content\/uploads\/2022\/09\/978-3-86356-366-0_A_BuB-652x1024.jpg 652w, https:\/\/wp.pop-verlag.com\/wp-content\/uploads\/2022\/09\/978-3-86356-366-0_A_BuB.jpg 1654w\" sizes=\"auto, (max-width: 191px) 100vw, 191px\" \/> <img loading=\"lazy\" decoding=\"async\" class=\"alignleft size-medium wp-image-6303\" src=\"https:\/\/wp.pop-verlag.com\/wp-content\/uploads\/2022\/09\/978-3-86356-366-0_B-205x300.jpg\" alt=\"\" width=\"205\" height=\"300\" srcset=\"https:\/\/wp.pop-verlag.com\/wp-content\/uploads\/2022\/09\/978-3-86356-366-0_B-205x300.jpg 205w, https:\/\/wp.pop-verlag.com\/wp-content\/uploads\/2022\/09\/978-3-86356-366-0_B-768x1124.jpg 768w, https:\/\/wp.pop-verlag.com\/wp-content\/uploads\/2022\/09\/978-3-86356-366-0_B-700x1024.jpg 700w, https:\/\/wp.pop-verlag.com\/wp-content\/uploads\/2022\/09\/978-3-86356-366-0_B.jpg 1654w\" sizes=\"auto, (max-width: 205px) 100vw, 205px\" \/> <a href=\"https:\/\/wp.pop-verlag.com\/?page_id=6301\">Holdger Platta<\/a>, <a href=\"https:\/\/wp.pop-verlag.com\/?p=6310\"><em>Ruhmesbl\u00e4tter mit Linsengericht<\/em>. Erz\u00e4hlgedichte.<\/a> Reihe Lyrik Bd. 177 . 84 S., <label class=\"control-label\">ISBN: <\/label><span class=\"readonlyText\">978-3-86356-366-0, \u20ac[D]<\/span> 12,80.<\/p>\n<p>In diesem Gedichte-Zyklus, entstanden w\u00e4hrend der Jahre 1983 bis 2021, wird zur\u00fcckgeblickt auf die Zeiten nach dem Zweiten Weltkrieg, bis hinein ins Ende der F\u00fcnfziger Jahre des 20. Jahrhunderts. Eine Kindheit wird beschworen zwischen zerborstenen Bunkern, mitten im Duisburger Wald, und dem Beschweigen der Vergangenheit, zwischen den Gl\u00fcckseligkeiten der kindlichen Neugier und der Angst vor einer fremdenfeindlichen Umwelt, zwischen Adolf Hitler und Huckleberry Finn.<br \/>\nMit der Wahrnehmungsf\u00e4higkeit eines Jungen und dem Wissen eines Erwachsenen ziehen uns diese Gedichte hinein in eine Vergangenheit, die nur scheinbar vergangen ist und nur scheinbar keine Vorjahre kennt, voller Unruhe, Getuschel und Unsicherheiten \u2013 und voller Freuden, die ahnungslos sind.<br \/>\nAn einem herrlichen Augusttag wird auf einer Ostsee-Insel mit behaglicher Bimmelbahn ein Berber von Skinheads ermordet \u2013 ein Penner oder Landstreicher, wie man bis heute kaltschn\u00e4uzig sagt. Und in einer Tannenstra\u00dfe, Jahre zuvor, schweigen unter alten B\u00e4umen, im warmen Sonnenschein, die Villen der Schlotbarone vor sich hin. Als ob man sich nicht auf Erden bef\u00e4nde, sondern im Paradies.<br \/>\nGedichte, berstend vor Ambivalenz.<\/p>\n<p>DARF ES DAS GEBEN? Kann das wahr sein? \u2013 Lyrik, die von Geschichte handelt? Gedichte, in denen erz\u00e4hlt wird: aus dem Le- ben eines Kindes? Eines Jungen, der sich immer wieder in seiner Kindheit verirrt und trotzdem irgendwie mitbekommt, was vorher geschehen ist? Und in diesen Unsicherheiten des Jungen randaliert und schweigt die Welt der Endvierziger, Anfangf\u00fcnfziger Jahre des vorigen Jahrhunderts? In dieser Wirrnis der kindlichen Wahrnehmungen werden genau jene Region wieder pr\u00e4sent und genau jenes Schweigen, in denen dieses Kind die Augen aufmachte, Nebel versp\u00fcrte und zu h\u00f6ren begann: M\u00fclheim an der Ruhr, Raffelberg und Speldorf. Das Haus mit den Schwalben davor und der Streuobstwiese dahinter. Das Foto vom Tannenberg-Denkmal beim ostpreu\u00dfischen Alten an der Wand und der Holzschuhtanz. Die gro\u00dfen Jungs, die Kohlen von den Eisenbahnwaggons schmei- \u00dfen. Und in diesem Kind immer wieder diese Angst.<\/p>\n<p>\u2013 \u2013 \u2013 In den Gedichten werden keine Zaunpf\u00e4hle aufgestellt, von denen es heftig her\u00fcberwinkt. Die Verse wurden geschrieben f\u00fcr den Raum zwischen den Zeilen. Und handeln trotzdem auch von Auschwitz. Nichts ist genauer als die Erfindung, mit brennendem Ged\u00e4chtnis. Und: Wer sich auf die Wirklichkeit einl\u00e4\u00dft, lernt ein Durcheinander kennen, das hinter der Welt eine verborgen gehaltene Welt zur Kenntnis bringt; nicht sicher, ganz gewi\u00df nicht, auch nicht f\u00fcr jeden. Aber vielleicht &#8230; Ruhmesbl\u00e4tter erinnern an Ruhmesbl\u00e4tter Deutscher Geschichte, einen Sammelband von Zigarettenbildern, der 1934 im Eckstein-Halpaus-Verlag Dresden erschien. Das Zitat Friedrich des Gro\u00dfen findet sich dort unter dem Bild Nummer 36, der Schlu\u00df des Gedichtes Ruhmesbl\u00e4tter und Linsengericht beschw\u00f6rt das letzte Bild in diesem Sammelband \u2013 mit der Nummer 252.<\/p>\n<p>Lieferbare Titel von <a href=\"https:\/\/wp.pop-verlag.com\/?page_id=6301\">Holdger Platta<\/a>, <a href=\"https:\/\/wp.pop-verlag.com\/?p=6310\"><em>Ruhmesbl\u00e4tter mit Linsengericht<\/em>. Erz\u00e4hlgedichte.<\/a> Reihe Lyrik Bd. 177 . 84 S., <label class=\"control-label\">ISBN: <\/label><span class=\"readonlyText\">978-3-86356-366-0, \u20ac[D]<\/span> 12,80.<\/p>\n<p>In der Presse:<\/p>\n<p class=\"blog-single-title\"><time class=\"mk-post-date\" datetime=\"2022-09-19\"><a href=\"https:\/\/hinter-den-schlagzeilen.de\/2022\/09\">19. September 2022<\/a><\/time>,\u00a0Hinter den Schlagzeilen. Magazin f\u00fcr Kultur und Rebellion. <a href=\"https:\/\/hinter-den-schlagzeilen.de\/wundervolle-gedichte-ueber-eine-furchtbare-zeit\">Wundervolle Gedichte \u00fcber eine furchtbare Zei<\/a>t, Zu Holdger Plattas Lyrikband \u201eRuhmesbl\u00e4tter mit Linsengericht\u201c.<\/p>\n<p>&nbsp;<\/p>\n","protected":false},"excerpt":{"rendered":"<p>Holdger Platta, Ruhmesbl\u00e4tter mit Linsengericht. Erz\u00e4hlgedichte. Reihe Lyrik Bd. 177 . 84 S., ISBN: 978-3-86356-366-0, \u20ac[D] 12,80. In diesem Gedichte-Zyklus, entstanden w\u00e4hrend der Jahre 1983 bis 2021, wird zur\u00fcckgeblickt auf die Zeiten nach dem Zweiten Weltkrieg, bis hinein ins Ende &hellip; <a class=\"more-link\" href=\"https:\/\/wp.pop-verlag.com\/?p=6310\">Weiterlesen <span class=\"meta-nav\">&rarr;<\/span><\/a><\/p>\n","protected":false},"author":2,"featured_media":0,"comment_status":"closed","ping_status":"closed","sticky":false,"template":"","format":"standard","meta":{"_jetpack_memberships_contains_paid_content":false,"footnotes":""},"categories":[527,20,8],"tags":[731,734,729,733,730,469,787,728,732,648,271,788,75,303,357],"class_list":["post-6310","post","type-post","status-publish","format-standard","hentry","category-e-erscheinungsjahr-2022","category-deutsche-literatur","category-pop-lyrik","tag-adolf-hitler","tag-anfangfuenfziger-jahre","tag-bunkern","tag-deutscher-geschichte","tag-duisburger-wald","tag-gedichte","tag-hinter-den-schlagzeilen","tag-holdger-platta","tag-huckleberry-finn","tag-literatur","tag-pop-verlag","tag-rebellion","tag-theo-breuer","tag-traian-pop","tag-zweiten-weltkrieg"],"jetpack_sharing_enabled":true,"jetpack_featured_media_url":"","_links":{"self":[{"href":"https:\/\/wp.pop-verlag.com\/index.php?rest_route=\/wp\/v2\/posts\/6310","targetHints":{"allow":["GET"]}}],"collection":[{"href":"https:\/\/wp.pop-verlag.com\/index.php?rest_route=\/wp\/v2\/posts"}],"about":[{"href":"https:\/\/wp.pop-verlag.com\/index.php?rest_route=\/wp\/v2\/types\/post"}],"author":[{"embeddable":true,"href":"https:\/\/wp.pop-verlag.com\/index.php?rest_route=\/wp\/v2\/users\/2"}],"replies":[{"embeddable":true,"href":"https:\/\/wp.pop-verlag.com\/index.php?rest_route=%2Fwp%2Fv2%2Fcomments&post=6310"}],"version-history":[{"count":5,"href":"https:\/\/wp.pop-verlag.com\/index.php?rest_route=\/wp\/v2\/posts\/6310\/revisions"}],"predecessor-version":[{"id":6427,"href":"https:\/\/wp.pop-verlag.com\/index.php?rest_route=\/wp\/v2\/posts\/6310\/revisions\/6427"}],"wp:attachment":[{"href":"https:\/\/wp.pop-verlag.com\/index.php?rest_route=%2Fwp%2Fv2%2Fmedia&parent=6310"}],"wp:term":[{"taxonomy":"category","embeddable":true,"href":"https:\/\/wp.pop-verlag.com\/index.php?rest_route=%2Fwp%2Fv2%2Fcategories&post=6310"},{"taxonomy":"post_tag","embeddable":true,"href":"https:\/\/wp.pop-verlag.com\/index.php?rest_route=%2Fwp%2Fv2%2Ftags&post=6310"}],"curies":[{"name":"wp","href":"https:\/\/api.w.org\/{rel}","templated":true}]}}