{"id":6281,"date":"2022-08-30T05:16:23","date_gmt":"2022-08-30T05:16:23","guid":{"rendered":"https:\/\/wp.pop-verlag.com\/?p=6281"},"modified":"2022-08-30T06:47:27","modified_gmt":"2022-08-30T06:47:27","slug":"dagmar-dusil-hg-mit-erinnerungen-gepflastert","status":"publish","type":"post","link":"https:\/\/wp.pop-verlag.com\/?p=6281","title":{"rendered":"Dagmar Dusil (Hg.):  Mit Erinnerungen gepflastert"},"content":{"rendered":"<p><strong><img loading=\"lazy\" decoding=\"async\" class=\"alignleft size-medium wp-image-6287\" src=\"https:\/\/wp.pop-verlag.com\/wp-content\/uploads\/2022\/08\/978-3-86356-367-7_BuB-191x300.jpg\" alt=\"\" width=\"191\" height=\"300\" srcset=\"https:\/\/wp.pop-verlag.com\/wp-content\/uploads\/2022\/08\/978-3-86356-367-7_BuB-191x300.jpg 191w, https:\/\/wp.pop-verlag.com\/wp-content\/uploads\/2022\/08\/978-3-86356-367-7_BuB-768x1206.jpg 768w, https:\/\/wp.pop-verlag.com\/wp-content\/uploads\/2022\/08\/978-3-86356-367-7_BuB-652x1024.jpg 652w, https:\/\/wp.pop-verlag.com\/wp-content\/uploads\/2022\/08\/978-3-86356-367-7_BuB.jpg 1654w\" sizes=\"auto, (max-width: 191px) 100vw, 191px\" \/><img loading=\"lazy\" decoding=\"async\" class=\"alignleft size-medium wp-image-6288\" src=\"https:\/\/wp.pop-verlag.com\/wp-content\/uploads\/2022\/08\/978-3-86356-367-7_B-205x300.jpg\" alt=\"\" width=\"205\" height=\"300\" srcset=\"https:\/\/wp.pop-verlag.com\/wp-content\/uploads\/2022\/08\/978-3-86356-367-7_B-205x300.jpg 205w, https:\/\/wp.pop-verlag.com\/wp-content\/uploads\/2022\/08\/978-3-86356-367-7_B-768x1124.jpg 768w, https:\/\/wp.pop-verlag.com\/wp-content\/uploads\/2022\/08\/978-3-86356-367-7_B-700x1024.jpg 700w, https:\/\/wp.pop-verlag.com\/wp-content\/uploads\/2022\/08\/978-3-86356-367-7_B.jpg 1654w\" sizes=\"auto, (max-width: 205px) 100vw, 205px\" \/> <a href=\"https:\/\/wp.pop-verlag.com\/?page_id=2997\">Dagmar Dusil<\/a> (Hg.):\u00a0<\/strong><a href=\"https:\/\/wp.pop-verlag.com\/?p=6281\"><em>Mit Erinnerungen gepflastert.<\/em><em>\u00a0Eine Anthologie von Dagmar Dusil.<\/em> <\/a>Kartoniert, mit Schutzumschlag (bedruckt). Reihe Fragmentarium, Bd. 28. ISBN: 978-3-86356-367-7, 410 Seiten, \u20ac[D]25,00<\/p>\n<p>| Emil Hurezeanu | Nora Iuga | Frieder Schuller | Monica Fronius | Hellmut Seiler|Heinz Acker | J\u00fcrgen Schlezack | Michael Astner | Hannes Elischer | Kurt H. Binder | Horst Samson | J\u00fcrgen Schuster | Marianne H\u00fcgel | Horst Fleischer | Jutta Caplat | Heini H\u00f6chsmann | Angela Baciu | Bernd Fabritius | Sieglinde Bottesch | Walter Johrend | Marianne Acker | Gerhard Dabi | Dagmar Dusil | Gerlinde Schuller | Dietfried Zink | Ingrid Loew | Peter Betsy | Erika Schunn | Monika Reiner | Rudi Klubitschko | Joachim Wittstock | Manfred Huber | Erika Schneider | Kurt Thomas Ziegler | Brigitte Hermann | Adrian Ernster |<\/p>\n<p>Die Texte im vorliegenden Band ber\u00fchren, informieren, beschreiben, blicken in ein Hermannstadt, das es heute so nicht mehr gibt. Sie sind zum Teil gut recherchiert und dokumentiert oder verlieren sich einfach in Erinnertem. Die Stra\u00dfen sind die Adern der Stadt und schwemmen Erinnerungen und Erlebtes an oder weg, \u00fcbergeben all dies der Stadt, und so werden es nicht mehr unsere Erinnerungen sein, sondern die der Stadt. Momentaufnahmen, die Bilder entstehen lassen.<\/p>\n<p>Das letzte Haus war auch ein Einfamilienhaus und war das Eckhaus zum Philosophengang auf der linken Seite. Es tr\u00e4gt schwer an einer Erinnerung. Christel, die zweit\u00e4lteste Tochter der Konrads, war Studentin in Klausenburg. Der politische Geheimdienst hatte sie unter Druck gesetzt. Er forderte von ihr, \u00fcber ihre Kommilitonen und Freunde zu berichten. Sie eigerte sich.<br \/>\n<em>Hannes Elischer, Die Walkm\u00fchlgasse<\/em><\/p>\n<p>Wenn aber der laue Sommerwind das Laub der Linden im Garten von Fr\u00e4ulein Schullerus und das des uralten Nussbaumes im Hof von Tante Clara, unserer lieben Nachbarin, sanft streichelt, erreicht das geheimnisvolle Rauschen \u00fcber Hunderte und Tausende Kilometer Entfernung unsere Seelen und erinnert uns an die Kinder, die wir einmal waren &#8230;<br \/>\n<em>Adrian Ernster, Die Grabengasse<\/em><\/p>\n<div class=\"entry-content cf\">\n<p>Lieferbare Titel von <strong><a href=\"https:\/\/wp.pop-verlag.com\/?page_id=2997\">Dagmar Dusil:<\/a><\/strong><\/p>\n<ul>\n<li><strong><a href=\"http:\/\/wp.pop-verlag.com\/?page_id=2988\">R. G. Waldeck<\/a>: Ath\u00e9n\u00e9e Palace. <a href=\"http:\/\/wp.pop-verlag.com\/?p=2984\">Hitlers \u201eNeue Ordnung\u201c kommt nach Rum\u00e4nien<\/a><br \/>\n<\/strong>Mit einem Nachwort des amerikanischen Diplomaten, Historikers und versierten Rum\u00e4nien Kenners Ernest H. Latham, Jr.Aus dem Amerikanischen von <strong><a href=\"http:\/\/wp.pop-verlag.com\/?page_id=2997\">Dagmar Dusil<\/a><\/strong> und Dr. <a href=\"http:\/\/wp.pop-verlag.com\/?page_id=3001\"><strong>Gerlinde Roth<\/strong><\/a>. Pop Epik. ISBN: 978-3-86356-218-2, 472 Seiten, \u20ac[D]24,50<\/li>\n<li><a href=\"https:\/\/wp.pop-verlag.com\/?p=4026\"><strong>Auf leisen Sohlen. Ann\u00e4herungen an Katzendorf<\/strong><\/a>. Die POP-Verlag-Fragmentariumreihe, Bd. 10. ISBN: 978-3-86356-262-5, 286 Seiten, \u20ac[D]18,50<\/li>\n<li><a href=\"https:\/\/wp.pop-verlag.com\/?p=4285\"><strong>Looking Back Through the Kitchen Window<\/strong><\/a>. Die POP-Verlag-Fragmentariumreihe, Bd. 14. ISBN: 978-3-86356-279-3, 260 Seiten, \u20ac[D]16,50<\/li>\n<li><a href=\"https:\/\/wp.pop-verlag.com\/?p=4522\"><strong>So is(s)t Hermannstadt<\/strong>.<\/a> Die POP-Verlag-Fragmentariumreihe, Bd. 15. ISBN: 978-3-86356-282-3,186 Seiten, \u20ac[D]13,80<\/li>\n<li><strong><a href=\"https:\/\/wp.pop-verlag.com\/?page_id=2997\"> Dagmar Dusil<\/a><\/strong> \/<a href=\"https:\/\/wp.pop-verlag.com\/?page_id=5864\"><strong> Ioana Ieronim<\/strong><\/a>:\u00a0<strong><a href=\"https:\/\/wp.pop-verlag.com\/?p=5873\">Beleuchtete Busse in denen keiner sa\u00df \/ \u015ei trec autobuze goale<\/a>.<\/strong> Gedichte. Illustration: <a href=\"https:\/\/wp.pop-verlag.com\/?page_id=5869\"><strong>Gerhild W\u00e4chter<\/strong><\/a>. Nachwort von <a href=\"https:\/\/wp.pop-verlag.com\/?page_id=3027\"><strong>Emil Hurezeanu<\/strong><\/a>. Reihe Lyrik Bd. 164, 124 Seiten,\u00a0 ISBN 978-3-86356-339-4; \u20ac[D]19,90<\/li>\n<li><strong>Entbl\u00e4tterte Zeit.\u00a0Kurzgeschichten<\/strong>. Reihe Epik . Bd. 131, 196 Seiten,\u00a0 ISBN 978-3-86356-359-2; \u20ac[D]16,50<\/li>\n<li><strong>Mit Erinnerungen gepflastert.\u00a0Eine Anthologie von <a href=\"https:\/\/wp.pop-verlag.com\/?p=6281\">Dagmar Dusil<\/a>.<\/strong> Kartoniert, mit Schutzumschlag (bedruckt). Reihe Fragmentarium, Bd. 28. ISBN: 978-3-86356-367-7, 410 Seiten, \u20ac[D]25,00<\/li>\n<\/ul>\n<\/div>\n","protected":false},"excerpt":{"rendered":"<p>Dagmar Dusil (Hg.):\u00a0Mit Erinnerungen gepflastert.\u00a0Eine Anthologie von Dagmar Dusil. Kartoniert, mit Schutzumschlag (bedruckt). Reihe Fragmentarium, Bd. 28. ISBN: 978-3-86356-367-7, 410 Seiten, \u20ac[D]25,00 | Emil Hurezeanu | Nora Iuga | Frieder Schuller | Monica Fronius | Hellmut Seiler|Heinz Acker | J\u00fcrgen &hellip; <a class=\"more-link\" href=\"https:\/\/wp.pop-verlag.com\/?p=6281\">Weiterlesen <span class=\"meta-nav\">&rarr;<\/span><\/a><\/p>\n","protected":false},"author":2,"featured_media":0,"comment_status":"closed","ping_status":"closed","sticky":false,"template":"","format":"standard","meta":{"_jetpack_memberships_contains_paid_content":false,"footnotes":""},"categories":[527,21,29],"tags":[727,708,428,709,726,714,716,649,696,724,719,100,713,715,701,707,698,540,705,27,717,722,699,703,706,430,702,725,648,723,712,704,700,697,720,644,718,271,721,351,539,246,247,710,358,303,711],"class_list":["post-6281","post","type-post","status-publish","format-standard","hentry","category-e-erscheinungsjahr-2022","category-deutsch-rumaenische-literatur","category-fragmentarium-sammlung","tag-adrian-ernster","tag-angela-baciu","tag-bamberg","tag-bernd-fabritius","tag-brigitte-hermann","tag-dagmar-dusil","tag-dietfried-zink","tag-dorfschreiberin","tag-emil-hurezeanu","tag-erika-schneider","tag-erika-schunn","tag-frieder-schuller","tag-gerhard-dabi","tag-gerlinde-schuller","tag-hannes-elischer","tag-heini-hoechsmann","tag-hellmut-seilerheinz-acker","tag-hermanstadt","tag-horst-fleischer","tag-horst-samson","tag-ingrid-loew","tag-joachim-wittstock","tag-juergen-schlezack","tag-juergen-schuster","tag-jutta-caplat","tag-katzendorf","tag-kurt-h-binder","tag-kurt-thomas-ziegler","tag-literatur","tag-manfred-huber","tag-marianne-acker","tag-marianne-huegel","tag-michael-astner","tag-monica-fronius","tag-monika-reiner","tag-nora-iuga","tag-peter-betsy","tag-pop-verlag","tag-rudi-klubitschko","tag-rumaeniendeutsche-literatur","tag-rumaeniendeutschen","tag-sibiu","tag-siebenbuergen","tag-sieglinde-bottesch","tag-suedosteuropa","tag-traian-pop","tag-walter-johrend"],"jetpack_sharing_enabled":true,"jetpack_featured_media_url":"","_links":{"self":[{"href":"https:\/\/wp.pop-verlag.com\/index.php?rest_route=\/wp\/v2\/posts\/6281","targetHints":{"allow":["GET"]}}],"collection":[{"href":"https:\/\/wp.pop-verlag.com\/index.php?rest_route=\/wp\/v2\/posts"}],"about":[{"href":"https:\/\/wp.pop-verlag.com\/index.php?rest_route=\/wp\/v2\/types\/post"}],"author":[{"embeddable":true,"href":"https:\/\/wp.pop-verlag.com\/index.php?rest_route=\/wp\/v2\/users\/2"}],"replies":[{"embeddable":true,"href":"https:\/\/wp.pop-verlag.com\/index.php?rest_route=%2Fwp%2Fv2%2Fcomments&post=6281"}],"version-history":[{"count":9,"href":"https:\/\/wp.pop-verlag.com\/index.php?rest_route=\/wp\/v2\/posts\/6281\/revisions"}],"predecessor-version":[{"id":6294,"href":"https:\/\/wp.pop-verlag.com\/index.php?rest_route=\/wp\/v2\/posts\/6281\/revisions\/6294"}],"wp:attachment":[{"href":"https:\/\/wp.pop-verlag.com\/index.php?rest_route=%2Fwp%2Fv2%2Fmedia&parent=6281"}],"wp:term":[{"taxonomy":"category","embeddable":true,"href":"https:\/\/wp.pop-verlag.com\/index.php?rest_route=%2Fwp%2Fv2%2Fcategories&post=6281"},{"taxonomy":"post_tag","embeddable":true,"href":"https:\/\/wp.pop-verlag.com\/index.php?rest_route=%2Fwp%2Fv2%2Ftags&post=6281"}],"curies":[{"name":"wp","href":"https:\/\/api.w.org\/{rel}","templated":true}]}}