{"id":6272,"date":"2022-08-03T07:19:03","date_gmt":"2022-08-03T07:19:03","guid":{"rendered":"https:\/\/wp.pop-verlag.com\/?p=6272"},"modified":"2022-08-03T07:39:32","modified_gmt":"2022-08-03T07:39:32","slug":"traian-pop-traian-posledni-sneh-der-letzte-schnee","status":"publish","type":"post","link":"https:\/\/wp.pop-verlag.com\/?p=6272","title":{"rendered":"Traian Pop Traian: Posledni sn\u011bh \/ Der letzte Schnee"},"content":{"rendered":"<p><img loading=\"lazy\" decoding=\"async\" class=\"alignleft size-medium wp-image-6275\" src=\"https:\/\/wp.pop-verlag.com\/wp-content\/uploads\/2022\/08\/978-3-86356-365-3_BuB-191x300.jpg\" alt=\"\" width=\"191\" height=\"300\" srcset=\"https:\/\/wp.pop-verlag.com\/wp-content\/uploads\/2022\/08\/978-3-86356-365-3_BuB-191x300.jpg 191w, https:\/\/wp.pop-verlag.com\/wp-content\/uploads\/2022\/08\/978-3-86356-365-3_BuB-768x1206.jpg 768w, https:\/\/wp.pop-verlag.com\/wp-content\/uploads\/2022\/08\/978-3-86356-365-3_BuB-652x1024.jpg 652w, https:\/\/wp.pop-verlag.com\/wp-content\/uploads\/2022\/08\/978-3-86356-365-3_BuB.jpg 1654w\" sizes=\"auto, (max-width: 191px) 100vw, 191px\" \/><\/p>\n<div class=\"entry-content cf\">\n<p><span class=\"readonlyText multiple\"><strong><a href=\"http:\/\/wp.pop-verlag.com\/?page_id=2088\"> Traian Pop Traian<\/a><\/strong>: <\/span><a href=\"https:\/\/wp.pop-verlag.com\/?p=6272\"><em>Posledni sn\u011bh \/ Der letzte Schnee<\/em><\/a><\/p>\n<p>Basnje \/ serbsce-n\u011bmsce. Gedichte \/ sorbisch-deutsch. Grafiki \/ Grafiken: Bo\u017eena Nawka-Kunysz. Wudawa\u0107el \/ Herausgeber: Benedikt Dyrlich<\/p>\n<p>Serbske p\u0159ebasnjenja z n\u011bm\u010diny \/ Sorbische Nachdichtungen aus dem Deutschen: <a href=\"https:\/\/wp.pop-verlag.com\/?page_id=915\">Benedikt Dyrlich<\/a> [B. D.] und Dorothea \u0160o\u0142\u0107ina\/Scholze [D. \u0160.]. N\u011bmske p\u0159ebasnjenja z rumun\u0161\u0107iny \/ Deutsche \u00dcbersetzungen aus dem Rum\u00e4nischen von Horst Fassel [H. F.], Edith Konradt [E. K.], Johann Lippet [J. L.], und Dieter Schlesak [D. S.]<\/p>\n<p>Wjacore serbske p\u0159enjesenja z\u0142o\u017euja so na rumunsko-n\u011bmsku ediciju Absolute Macht, Ludwigsburg 2018. Etliche sorbische \u00dcbertragungen st\u00fctzen sich auf die rum\u00e4nisch-deutsche Edition Absolute Macht, Ludwigsburg 2018.<\/p>\n<p>Zb\u011brka bu sp\u011bchowana wot Za\u0142o\u017eby za serbski lud, kotra\u017e d\u00f3stawa l\u011btne p\u0159ira\u017eki Zwjazka, Swobodneho stata Sakskeje a Kraja Braniborskeje. Diese Ver\u00f6ffentlichung wurde gef\u00f6rdert von der Stiftung f\u00fcr das sorbische Volk, die j\u00e4hrliche Zuwendungen des Bundes, des Freistaates Sachsen und des Landes Brandenburg erh\u00e4lt.<\/p>\n<p>Reihe Lyrik . Band 176,\u00a0 153 Seiten, \u20ac[D]18,50<br \/>\nISBN 978-3-86356-365-3<\/p>\n<p><em>Basnik a rebel, nak\u0142adnik a wupu\u0107owar, diskjokej a d\u017aiwad\u017aelnik, wudawa\u0107el a redaktor.<\/em><br \/>\n<em>Z tutymi a dal\u0161imi wop\u0159ije\u0107emi hod\u017ai so Traian Pop Traian jadriwje charakterizowa\u0107. Ja sam pak rady swojemu p\u0159e\u0107elej a koleze z gildy pisacych z wutroby p\u0159idam: Traian s\u0142u\u0161a ze swojim 18. decembra 2002 za\u0142o\u017eenym nak\u0142adnistwom, kotremu\u017e Pop Verlag r\u011bkaja, sobu k naj- p\u0142\u00f3dni\u0161im sp\u011bchowarjam noweje wuchodno- a ju\u017enoeuropskeje literatury w N\u011bmskej a w tutym wob\u0142uku mjeztym te\u017e k spu\u0161\u0107omnym wudawa\u0107elam serbskeho pismowstwa.<\/em><\/p>\n<p><em>Dichter und Rebell, Verleger und Auswanderer, Musiker und Theatermann, Herausgeber und Redakteur. Mit diesen und weiteren Etiketten l\u00e4sst sich Traian Pop Traian markig charakterisieren. Ich selbst f\u00fcge indes meinem Freund und Kollegen aus der Dichtergilde von Herzen hinzu: Traian z\u00e4hlt mit seinem am 18 Dezember 2002 gegr\u00fcndeten Pop-Verlag zu den produktivsten F\u00f6rderern neuer ost- und s\u00fcdeurop\u00e4ischer Literatur in Deutschland und in diesem Rahmen auch zu einem nachhaltigen Herausgeber des sorbischen Schrifttums.<\/em><br \/>\nBenedikt Dyrlich<\/p>\n<p><span class=\"readonlyText multiple\">Lieferbare Titel von\u00a0<strong><a href=\"http:\/\/wp.pop-verlag.com\/?page_id=2088\">Traian Pop Traian<\/a><\/strong>:<\/span><\/p>\n<ul>\n<li><a href=\"http:\/\/wp.pop-verlag.com\/?p=153\"><strong>\u201eDie 53. Woche\u201c<\/strong><\/a><br \/>\nGedichte, aus dem Rum\u00e4nischen \u00fcbertragen von Gerhardt Csejka, Horst Fassel, Edith Konradt, Johann Lippet und Dieter Schlesak.edition monrepos. 133 Seiten; ISBN 978-3-86356-062-1; \u20ac[D]15,00<\/li>\n<li><strong><a href=\"http:\/\/wp.pop-verlag.com\/?page_id=1683\">Heidrun Hamersky<\/a>, <a href=\"http:\/\/wp.pop-verlag.com\/?page_id=579\">Ilse Hehn,<\/a> <a href=\"http:\/\/wp.pop-verlag.com\/?page_id=1681\">Wolfgang Schlott<\/a> (Hrsg.): <a href=\"http:\/\/wp.pop-verlag.com\/?p=1678\">\u201eDie Sehnsucht, die ist mir so leicht\u201c Schreiben im Exil. <\/a><\/strong>Fragmentarium; 282 Seiten, ISBN 978-3-86356-131-4, 19,90 \u20ac<\/li>\n<li><a href=\"http:\/\/wp.pop-verlag.com\/?p=2077\"><strong>\u201eFundus \/ Stoc\u201c<\/strong><\/a>.Gedichte. Deutsch \/ Rum\u00e4nisch.Mit einem Vorwort von <a href=\"http:\/\/wp.pop-verlag.com\/?page_id=2083\"><strong>C\u0103t\u0103lin Dorian Florescu.<\/strong><\/a>Ins Rum\u00e4nische \u00fcbersetzt von <strong><a href=\"http:\/\/wp.pop-verlag.com\/?page_id=2088\">Traian Pop Traian.<\/a><\/strong>86 Seiten; ISBN: 978-3-86356-149-9; \u20ac[D]14,00<\/li>\n<li><a href=\"http:\/\/wp.pop-verlag.com\/?page_id=2088\"><strong>Traian Pop Traian<\/strong><\/a> &amp; <a href=\"http:\/\/wp.pop-verlag.com\/?page_id=2411\"><strong>Liviu Tulbure<\/strong><\/a>: <strong><a href=\"http:\/\/wp.pop-verlag.com\/?p=2407\">Bleierne Fl\u00fcgel. <\/a><\/strong>Gedichte und Bilder. edition monrepos Band 15. 86 Seiten, ISBN 978-3-86356-168-0; \u20ac [D] 16,90<\/li>\n<li><span class=\"readonlyText multiple\"><a href=\"http:\/\/wp.pop-verlag.com\/?p=2930\"><strong>Absolute Macht. <\/strong><\/a><\/span>Roman(z)e(n) aus einem vertraulichen Tagebuch.Roman(\u0163)e dintr-un jurnal discret. Deutsch-Rum\u00e4nisch.\u00dcbersetzungen aus dem Rum\u00e4nischen von Gerhardt Csejka, Horst Fassel, Edith Konradt, Johann Lippet, Horst Samson, Georg Scherg und Dieter Schlesak. Orpheus Reihe Band 9.394 Seiten, ISBN 978-3-86356-204-5, \u20ac[D]29,00<\/li>\n<li><a href=\"https:\/\/wp.pop-verlag.com\/?p=6272\"><em>Posledni sn\u011bh \/ Der letzte Schnee.\u00a0<\/em><\/a>Basnje \/ serbsce-n\u011bmsce. Gedichte \/ sorbisch-deutsch. Grafiki \/ Grafiken: Bo\u017eena Nawka-Kunysz. Reihe Lyrik . Band 176,\u00a0 153 Seiten, ISBN 978-3-86356-365-3, \u20ac[D]18,50<\/li>\n<\/ul>\n<\/div>\n","protected":false},"excerpt":{"rendered":"<p>Traian Pop Traian: Posledni sn\u011bh \/ Der letzte Schnee Basnje \/ serbsce-n\u011bmsce. Gedichte \/ sorbisch-deutsch. Grafiki \/ Grafiken: Bo\u017eena Nawka-Kunysz. Wudawa\u0107el \/ Herausgeber: Benedikt Dyrlich Serbske p\u0159ebasnjenja z n\u011bm\u010diny \/ Sorbische Nachdichtungen aus dem Deutschen: Benedikt Dyrlich [B. D.] und &hellip; <a class=\"more-link\" href=\"https:\/\/wp.pop-verlag.com\/?p=6272\">Weiterlesen <span class=\"meta-nav\">&rarr;<\/span><\/a><\/p>\n","protected":false},"author":2,"featured_media":0,"comment_status":"closed","ping_status":"closed","sticky":false,"template":"","format":"standard","meta":{"_jetpack_memberships_contains_paid_content":false,"footnotes":""},"categories":[527,21,179,205,8,1],"tags":[686,214,687,132,694,690,239,67,695,688,65,64,66,691,693,689,347,244,351,692,358,557,345,303],"class_list":["post-6272","post","type-post","status-publish","format-standard","hentry","category-e-erscheinungsjahr-2022","category-deutsch-rumaenische-literatur","category-l-russische-literatur","category-sorbische-literatur","category-pop-lyrik","category-uncategorized","tag-686","tag-banat","tag-bautzen","tag-benedikt-dyrlich","tag-bozena-nawka-kunysz","tag-brasov","tag-ceausescu","tag-dieter-schlesak","tag-dorothea-solcina","tag-dresden","tag-edith-konradt","tag-horst-fassel","tag-johann-lippet","tag-kronstadt","tag-ludmila-budarjowa","tag-ludwigsnurg","tag-osteuropa","tag-rumaenien","tag-rumaeniendeutsche-literatur","tag-sorben","tag-suedosteuropa","tag-temeswar","tag-timisoara","tag-traian-pop"],"jetpack_sharing_enabled":true,"jetpack_featured_media_url":"","_links":{"self":[{"href":"https:\/\/wp.pop-verlag.com\/index.php?rest_route=\/wp\/v2\/posts\/6272","targetHints":{"allow":["GET"]}}],"collection":[{"href":"https:\/\/wp.pop-verlag.com\/index.php?rest_route=\/wp\/v2\/posts"}],"about":[{"href":"https:\/\/wp.pop-verlag.com\/index.php?rest_route=\/wp\/v2\/types\/post"}],"author":[{"embeddable":true,"href":"https:\/\/wp.pop-verlag.com\/index.php?rest_route=\/wp\/v2\/users\/2"}],"replies":[{"embeddable":true,"href":"https:\/\/wp.pop-verlag.com\/index.php?rest_route=%2Fwp%2Fv2%2Fcomments&post=6272"}],"version-history":[{"count":5,"href":"https:\/\/wp.pop-verlag.com\/index.php?rest_route=\/wp\/v2\/posts\/6272\/revisions"}],"predecessor-version":[{"id":6278,"href":"https:\/\/wp.pop-verlag.com\/index.php?rest_route=\/wp\/v2\/posts\/6272\/revisions\/6278"}],"wp:attachment":[{"href":"https:\/\/wp.pop-verlag.com\/index.php?rest_route=%2Fwp%2Fv2%2Fmedia&parent=6272"}],"wp:term":[{"taxonomy":"category","embeddable":true,"href":"https:\/\/wp.pop-verlag.com\/index.php?rest_route=%2Fwp%2Fv2%2Fcategories&post=6272"},{"taxonomy":"post_tag","embeddable":true,"href":"https:\/\/wp.pop-verlag.com\/index.php?rest_route=%2Fwp%2Fv2%2Ftags&post=6272"}],"curies":[{"name":"wp","href":"https:\/\/api.w.org\/{rel}","templated":true}]}}