{"id":6238,"date":"2022-06-30T14:49:47","date_gmt":"2022-06-30T14:49:47","guid":{"rendered":"https:\/\/wp.pop-verlag.com\/?p=6238"},"modified":"2022-07-04T07:45:36","modified_gmt":"2022-07-04T07:45:36","slug":"6238","status":"publish","type":"post","link":"https:\/\/wp.pop-verlag.com\/?p=6238","title":{"rendered":"Klaus Martens: Hirnk\u00fcbel"},"content":{"rendered":"<p><strong><img loading=\"lazy\" decoding=\"async\" class=\"alignleft size-medium wp-image-6252\" src=\"https:\/\/wp.pop-verlag.com\/wp-content\/uploads\/2022\/06\/978-3-86356-362-2_A_BuB-191x300.jpg\" alt=\"\" width=\"191\" height=\"300\" srcset=\"https:\/\/wp.pop-verlag.com\/wp-content\/uploads\/2022\/06\/978-3-86356-362-2_A_BuB-191x300.jpg 191w, https:\/\/wp.pop-verlag.com\/wp-content\/uploads\/2022\/06\/978-3-86356-362-2_A_BuB-768x1206.jpg 768w, https:\/\/wp.pop-verlag.com\/wp-content\/uploads\/2022\/06\/978-3-86356-362-2_A_BuB-652x1024.jpg 652w, https:\/\/wp.pop-verlag.com\/wp-content\/uploads\/2022\/06\/978-3-86356-362-2_A_BuB.jpg 1654w\" sizes=\"auto, (max-width: 191px) 100vw, 191px\" \/> <img loading=\"lazy\" decoding=\"async\" class=\"alignleft size-medium wp-image-6254\" src=\"https:\/\/wp.pop-verlag.com\/wp-content\/uploads\/2022\/06\/978-3-86356-362-2_B-205x300.jpg\" alt=\"\" width=\"205\" height=\"300\" srcset=\"https:\/\/wp.pop-verlag.com\/wp-content\/uploads\/2022\/06\/978-3-86356-362-2_B-205x300.jpg 205w, https:\/\/wp.pop-verlag.com\/wp-content\/uploads\/2022\/06\/978-3-86356-362-2_B-768x1124.jpg 768w, https:\/\/wp.pop-verlag.com\/wp-content\/uploads\/2022\/06\/978-3-86356-362-2_B-700x1024.jpg 700w, https:\/\/wp.pop-verlag.com\/wp-content\/uploads\/2022\/06\/978-3-86356-362-2_B.jpg 1654w\" sizes=\"auto, (max-width: 205px) 100vw, 205px\" \/>Klaus Martens:\u00a0<\/strong><em>Hirnk\u00fcbel. <\/em>Reihe Lyrik Bd. 175 . 87 S., <label class=\"control-label\">ISBN: <\/label><span class=\"readonlyText\">978-3-86356-362-2, \u20ac[D]<\/span> 16,50<\/p>\n<p>Diese erh\u00f6hte Aufmerksamkeit fu\u0308r innere, h\u00e4ufig fast unsichtbare Zusammenh\u00e4nge ist es, was Klaus Martens Gedichte im Innersten verbinden und sie so zu einem sinnvollen Ganzen f\u00fcgen: einer melancholischen, aber doch nicht hoffnungslosen Hommage an den nach bestem Wissen und Gewissen gef\u00fchrten Lebenskampf, wie Thomas Mann es einmal formulierte.<br \/>\n<em>Stefanie Golisch<\/em><\/p>\n<p>\u201eEs spricht f\u00fcr den Lyriker Martens, dass er sich nicht in einen Schublade stecken l\u00e4sst und er andererseits nicht meint, zu allem etwas sagen zu m\u00fcssen. Mit Worten k\u00e4mpft er allenthalben gegen Flachheit und Abstumpfung. Er trotzt der Selbstvergessenheit und deren Waffen &#8230; Ein H\u00f6hlenforscher ist dieser Martens, der wei\u00df, dass man lange graben muss, um das Ich und seine Empfindungs- werkzeuge wieder freizulegen. Wie hei\u00dft es in einem der sch\u00f6nsten Gedichte (\u201eSpeleologe\u201c)? \u201eDoch irgendwann \/ wird Licht hineingetragen, wird Verstecktes \/ aus dir heraus gegraben, gedreht und unter- sucht, \/ geflickt oder so belassen, wie es ist, dort drinnen, \/ in der Spelunke, wo du geborgen warst.\u201c<br \/>\n<em>Christoph Schreiner<\/em><\/p>\n","protected":false},"excerpt":{"rendered":"<p>Klaus Martens:\u00a0Hirnk\u00fcbel. Reihe Lyrik Bd. 175 . 87 S., ISBN: 978-3-86356-362-2, \u20ac[D] 16,50 Diese erh\u00f6hte Aufmerksamkeit fu\u0308r innere, h\u00e4ufig fast unsichtbare Zusammenh\u00e4nge ist es, was Klaus Martens Gedichte im Innersten verbinden und sie so zu einem sinnvollen Ganzen f\u00fcgen: einer &hellip; <a class=\"more-link\" href=\"https:\/\/wp.pop-verlag.com\/?p=6238\">Weiterlesen <span class=\"meta-nav\">&rarr;<\/span><\/a><\/p>\n","protected":false},"author":2,"featured_media":0,"comment_status":"closed","ping_status":"closed","sticky":false,"template":"","format":"standard","meta":{"_jetpack_memberships_contains_paid_content":false,"footnotes":""},"categories":[527,20,8,1],"tags":[663,664],"class_list":["post-6238","post","type-post","status-publish","format-standard","hentry","category-e-erscheinungsjahr-2022","category-deutsche-literatur","category-pop-lyrik","category-uncategorized","tag-kategorien-literaturwissenschaftlerhochschullehrer-universitaet-des-saarlandes","tag-saarbrueckenautorlyrikessayherausgeberuebersetzer-aus-dem-englischenuebersetzer-ins-deutschemitglied-im-pen-zentrum-deutschlandliteratur-deutschdeutschergeboren-1944mann"],"jetpack_sharing_enabled":true,"jetpack_featured_media_url":"","_links":{"self":[{"href":"https:\/\/wp.pop-verlag.com\/index.php?rest_route=\/wp\/v2\/posts\/6238","targetHints":{"allow":["GET"]}}],"collection":[{"href":"https:\/\/wp.pop-verlag.com\/index.php?rest_route=\/wp\/v2\/posts"}],"about":[{"href":"https:\/\/wp.pop-verlag.com\/index.php?rest_route=\/wp\/v2\/types\/post"}],"author":[{"embeddable":true,"href":"https:\/\/wp.pop-verlag.com\/index.php?rest_route=\/wp\/v2\/users\/2"}],"replies":[{"embeddable":true,"href":"https:\/\/wp.pop-verlag.com\/index.php?rest_route=%2Fwp%2Fv2%2Fcomments&post=6238"}],"version-history":[{"count":3,"href":"https:\/\/wp.pop-verlag.com\/index.php?rest_route=\/wp\/v2\/posts\/6238\/revisions"}],"predecessor-version":[{"id":6255,"href":"https:\/\/wp.pop-verlag.com\/index.php?rest_route=\/wp\/v2\/posts\/6238\/revisions\/6255"}],"wp:attachment":[{"href":"https:\/\/wp.pop-verlag.com\/index.php?rest_route=%2Fwp%2Fv2%2Fmedia&parent=6238"}],"wp:term":[{"taxonomy":"category","embeddable":true,"href":"https:\/\/wp.pop-verlag.com\/index.php?rest_route=%2Fwp%2Fv2%2Fcategories&post=6238"},{"taxonomy":"post_tag","embeddable":true,"href":"https:\/\/wp.pop-verlag.com\/index.php?rest_route=%2Fwp%2Fv2%2Ftags&post=6238"}],"curies":[{"name":"wp","href":"https:\/\/api.w.org\/{rel}","templated":true}]}}