{"id":6231,"date":"2022-06-28T08:54:51","date_gmt":"2022-06-28T08:54:51","guid":{"rendered":"https:\/\/wp.pop-verlag.com\/?p=6231"},"modified":"2022-07-05T12:49:35","modified_gmt":"2022-07-05T12:49:35","slug":"6231","status":"publish","type":"post","link":"https:\/\/wp.pop-verlag.com\/?p=6231","title":{"rendered":"Matthias Buth (Hg.): Der Himmel \u00fcber Philomena"},"content":{"rendered":"<div class=\"entry-content cf\">\n<p><strong><img loading=\"lazy\" decoding=\"async\" class=\"alignleft size-medium wp-image-6234\" src=\"https:\/\/wp.pop-verlag.com\/wp-content\/uploads\/2022\/06\/978-3-86356-351-6_BuB-191x300.jpg\" alt=\"\" width=\"191\" height=\"300\" srcset=\"https:\/\/wp.pop-verlag.com\/wp-content\/uploads\/2022\/06\/978-3-86356-351-6_BuB-191x300.jpg 191w, https:\/\/wp.pop-verlag.com\/wp-content\/uploads\/2022\/06\/978-3-86356-351-6_BuB-768x1206.jpg 768w, https:\/\/wp.pop-verlag.com\/wp-content\/uploads\/2022\/06\/978-3-86356-351-6_BuB-652x1024.jpg 652w, https:\/\/wp.pop-verlag.com\/wp-content\/uploads\/2022\/06\/978-3-86356-351-6_BuB.jpg 1654w\" sizes=\"auto, (max-width: 191px) 100vw, 191px\" \/><img loading=\"lazy\" decoding=\"async\" class=\"alignleft size-medium wp-image-6235\" src=\"https:\/\/wp.pop-verlag.com\/wp-content\/uploads\/2022\/06\/978-3-86356-351-6_B-205x300.jpg\" alt=\"\" width=\"205\" height=\"300\" srcset=\"https:\/\/wp.pop-verlag.com\/wp-content\/uploads\/2022\/06\/978-3-86356-351-6_B-205x300.jpg 205w, https:\/\/wp.pop-verlag.com\/wp-content\/uploads\/2022\/06\/978-3-86356-351-6_B-768x1124.jpg 768w, https:\/\/wp.pop-verlag.com\/wp-content\/uploads\/2022\/06\/978-3-86356-351-6_B-700x1024.jpg 700w, https:\/\/wp.pop-verlag.com\/wp-content\/uploads\/2022\/06\/978-3-86356-351-6_B.jpg 1654w\" sizes=\"auto, (max-width: 205px) 100vw, 205px\" \/><a href=\"https:\/\/wp.pop-verlag.com\/?page_id=4812\">Matthias Buth<\/a> (Hg.)<\/strong>: <strong>Der Himmel \u00fcber Philomena. Auschwitz sieht uns an. Eine Anthologie zur Kulturgeschichte.<\/strong> edition philomena \u2013 B\u00fccher des Philomena-Franz-Forums e.V.<br \/>\nBand 1, 226 S,.ISBN 978-3-86356-351-6, \u20ac[D]19,50<\/p>\n<\/div>\n<p>| Markus Bauer |<br \/>\n| Helmut Braun |<br \/>\n| Klaus-Michael Bogdal |<br \/>\n|<a href=\"https:\/\/wp.pop-verlag.com\/?page_id=4812\">Matthias Buth<\/a> | Hajo Jahn |<br \/>\n| Rainer Maria Klass |<br \/>\n| Kolja Lessing | Kurt Roessler | Claudia Roth | Paul Schendzielorz | Marina Weisband |<\/p>\n<p>Philomena Franz ist Deutschlands Mutter Courage. Sie hat Herz, Geist und Horizont.<br \/>\nEinhundert Jahre alt zu werden ist fast schon ein Wunder. Die Kon- zentrationslager von Auschwitz- Birkenau und Ravensbr\u00fcck zu \u00fcberleben umso mehr. Sie wurde 1922 in Biberach geboren, ihre Mutter eine J\u00fcdin, ihr Vater ein Sinto aus Tours, dem nahen Frankreich. Ihre Familie wurde von unseren Vorfahren rassistisch verfolgt als \u201edie anderen\u201c. Dabei sind Sinti vor 600 Jahren nach Europa gekommen und so auch nach Deutschland, so wie vor 250 Jahren Roma zu uns kamen. Sie sind Deutsche, aber die national- sozialistischen Deutschen grenz- ten aus, verfolgten und ermor- deten. Und viele Mitmenschen stigmatisieren sie immer noch.<br \/>\nAus der Familie von Philomena Franz \u00fcberlebten nur wenige. Wie etwa 500.000 Sinti und Roma. Sie schaffte es zu widerstehen mit allem, wozu sie f\u00e4hig war und ist: durch den Glauben an Gott und durch das Lied. Denn sie sang im KZ, zur Ermutigung f\u00fcr sich und andere. Ihr ausgebildeter Sopran, ihr Lied, hat gerettet, als sie der Welt abhandengekommen war.<br \/>\nPhilomena Franz, Frau Europas, ausgezeichnet mit dem Bundesverdienstkreuz und dem Ver- dienstorden von NRW liest bis auf den heutigen Tag aus ihrem eindrucksvollen Buch \u201eZwischen Liebe und Hass\u201c im In- und Ausland und verbreitet in Schulen und Universit\u00e4ten ihre Lebensbotschaft \u201eWenn wir hassen, verlieren wir. Wenn wir lieben, werden wir reich\u201c.<br \/>\nEin Dreiklang bestimmt ihr Selbstverst\u00e4ndnis: Sintiza, Gott, Deutschland. Und so hat sie uns allen ein Licht im dunklen Tunnel von Auschwitz entz\u00fcndet. Und so k\u00f6nnen wir dieses Grauen annehmen, ohne daran am Deutschsein zu verzweifeln. Uns allen ist auf der Ged\u00e4chtnishaut der Holocaust eint\u00e4towiert. Wir wissen, was Genozid ist und kennen Celans Vers \u201eDer Tod ist ein Meister aus Deutschland\u201c. Daraus erw\u00e4chst unsere Verantwortung f\u00fcr Kultur und Geschichte. Dieser stellen sich die Autorinnen und Autoren dieses Sammelbandes. Der \u201eHimmel \u00fcber Philomena\u201c ist unser Dach. Er f\u00fchrt zu den Veranstaltungen anl\u00e4sslich des hundertsten Geburtstages von Philomena Franz in R\u00f6srath. Was f\u00fcr ein Gl\u00fcck, diese tapfere Frau mit Geist und Gem\u00fct in unserer Mitte zu wissen.<br \/>\nMatthias Buth<\/p>\n<p>Lieferbare Titel von <strong><a href=\"https:\/\/wp.pop-verlag.com\/?page_id=4812\">Matthias Buth<\/a><\/strong>:<\/p>\n<ul>\n<li><a href=\"https:\/\/wp.pop-verlag.com\/?p=4804\"><strong>Der Schnee stellt seine Leiter an die Ringmauer<\/strong><\/a>. Poetische Ann\u00e4herungen an Rum\u00e4nien und andere Welten. Mit einem Nachwort von Markus Bauer.Reihe Fragmentarium, Bd. 19. ISBN 978-3-86356-294-6,180 Seiten, \u20ac[D]19,50<\/li>\n<li><strong><a href=\"https:\/\/wp.pop-verlag.com\/?p=5767\">Der Himmel \u00fcber R\u00f6srath<\/a>. <\/strong>Reihe Fragmentarium Bd. 21, 210 S,.ISBN 978-3-86356-318-9, \u20ac[D]19,50<\/li>\n<li><strong>Der Himmel \u00fcber Philomena. Auschwitz sieht uns an. Eine Anthologie zur Kulturgeschichte.<\/strong> edition philomena \u2013 B\u00fccher des Philomena-Franz-Forums e.V.<br \/>\nBand 1, 226 S,.ISBN 978-3-86356-351-6, \u20ac[D]19,50<\/li>\n<\/ul>\n","protected":false},"excerpt":{"rendered":"<p>Matthias Buth (Hg.): Der Himmel \u00fcber Philomena. Auschwitz sieht uns an. Eine Anthologie zur Kulturgeschichte. edition philomena \u2013 B\u00fccher des Philomena-Franz-Forums e.V. Band 1, 226 S,.ISBN 978-3-86356-351-6, \u20ac[D]19,50 | Markus Bauer | | Helmut Braun | | Klaus-Michael Bogdal | &hellip; <a class=\"more-link\" href=\"https:\/\/wp.pop-verlag.com\/?p=6231\">Weiterlesen <span class=\"meta-nav\">&rarr;<\/span><\/a><\/p>\n","protected":false},"author":2,"featured_media":0,"comment_status":"closed","ping_status":"closed","sticky":false,"template":"","format":"standard","meta":{"_jetpack_memberships_contains_paid_content":false,"footnotes":""},"categories":[527,685],"tags":[682,679,670,665,684,675,678,669,681,672,671,683,680,392,271,676,667,386,666,303,668,673,674,677],"class_list":["post-6231","post","type-post","status-publish","format-standard","hentry","category-e-erscheinungsjahr-2022","category-edition-philomena","tag-auschwitz","tag-claudia-roth","tag-der-tod-ist-ein-meister-aus-deutschland","tag-edition-philomena","tag-frau-europas","tag-hajo-jahn","tag-kurt-roessler","tag-kz","tag-marina-weisband","tag-markus-bauer","tag-matthias-buth","tag-mutter-courage","tag-paul-schendzielorz","tag-philomena-franz","tag-pop-verlag","tag-rainer-maria-klass","tag-roma","tag-roesrath","tag-sinti","tag-traian-pop","tag-zigeuner","tag-helmut-braun","tag-klaus-michael-bogdal","tag-kolja-lessing"],"jetpack_sharing_enabled":true,"jetpack_featured_media_url":"","_links":{"self":[{"href":"https:\/\/wp.pop-verlag.com\/index.php?rest_route=\/wp\/v2\/posts\/6231","targetHints":{"allow":["GET"]}}],"collection":[{"href":"https:\/\/wp.pop-verlag.com\/index.php?rest_route=\/wp\/v2\/posts"}],"about":[{"href":"https:\/\/wp.pop-verlag.com\/index.php?rest_route=\/wp\/v2\/types\/post"}],"author":[{"embeddable":true,"href":"https:\/\/wp.pop-verlag.com\/index.php?rest_route=\/wp\/v2\/users\/2"}],"replies":[{"embeddable":true,"href":"https:\/\/wp.pop-verlag.com\/index.php?rest_route=%2Fwp%2Fv2%2Fcomments&post=6231"}],"version-history":[{"count":7,"href":"https:\/\/wp.pop-verlag.com\/index.php?rest_route=\/wp\/v2\/posts\/6231\/revisions"}],"predecessor-version":[{"id":6262,"href":"https:\/\/wp.pop-verlag.com\/index.php?rest_route=\/wp\/v2\/posts\/6231\/revisions\/6262"}],"wp:attachment":[{"href":"https:\/\/wp.pop-verlag.com\/index.php?rest_route=%2Fwp%2Fv2%2Fmedia&parent=6231"}],"wp:term":[{"taxonomy":"category","embeddable":true,"href":"https:\/\/wp.pop-verlag.com\/index.php?rest_route=%2Fwp%2Fv2%2Fcategories&post=6231"},{"taxonomy":"post_tag","embeddable":true,"href":"https:\/\/wp.pop-verlag.com\/index.php?rest_route=%2Fwp%2Fv2%2Ftags&post=6231"}],"curies":[{"name":"wp","href":"https:\/\/api.w.org\/{rel}","templated":true}]}}