{"id":6217,"date":"2022-05-17T06:28:27","date_gmt":"2022-05-17T06:28:27","guid":{"rendered":"https:\/\/wp.pop-verlag.com\/?p=6217"},"modified":"2022-08-30T06:49:33","modified_gmt":"2022-08-30T06:49:33","slug":"dagmar-dusil-entblaetterte-zeit","status":"publish","type":"post","link":"https:\/\/wp.pop-verlag.com\/?p=6217","title":{"rendered":"Dagmar Dusil: Entbl\u00e4tterte Zeit"},"content":{"rendered":"<div class=\"entry-content cf\">\n<p><img loading=\"lazy\" decoding=\"async\" class=\"alignleft size-medium wp-image-6218\" src=\"https:\/\/wp.pop-verlag.com\/wp-content\/uploads\/2022\/05\/978-3-86356-359-2_BuB-191x300.jpg\" alt=\"\" width=\"191\" height=\"300\" srcset=\"https:\/\/wp.pop-verlag.com\/wp-content\/uploads\/2022\/05\/978-3-86356-359-2_BuB-191x300.jpg 191w, https:\/\/wp.pop-verlag.com\/wp-content\/uploads\/2022\/05\/978-3-86356-359-2_BuB-768x1206.jpg 768w, https:\/\/wp.pop-verlag.com\/wp-content\/uploads\/2022\/05\/978-3-86356-359-2_BuB-652x1024.jpg 652w, https:\/\/wp.pop-verlag.com\/wp-content\/uploads\/2022\/05\/978-3-86356-359-2_BuB.jpg 1654w\" sizes=\"auto, (max-width: 191px) 100vw, 191px\" \/> <img loading=\"lazy\" decoding=\"async\" class=\"alignleft size-medium wp-image-6219\" src=\"https:\/\/wp.pop-verlag.com\/wp-content\/uploads\/2022\/05\/978-3-86356-359-2_B-205x300.jpg\" alt=\"\" width=\"205\" height=\"300\" srcset=\"https:\/\/wp.pop-verlag.com\/wp-content\/uploads\/2022\/05\/978-3-86356-359-2_B-205x300.jpg 205w, https:\/\/wp.pop-verlag.com\/wp-content\/uploads\/2022\/05\/978-3-86356-359-2_B-768x1124.jpg 768w, https:\/\/wp.pop-verlag.com\/wp-content\/uploads\/2022\/05\/978-3-86356-359-2_B-700x1024.jpg 700w, https:\/\/wp.pop-verlag.com\/wp-content\/uploads\/2022\/05\/978-3-86356-359-2_B.jpg 1654w\" sizes=\"auto, (max-width: 205px) 100vw, 205px\" \/><strong><a href=\"https:\/\/wp.pop-verlag.com\/?page_id=2997\">Dagmar Dusil:<\/a><\/strong>\u00a0<strong>Entbl\u00e4tterte Zeit.\u00a0Kurzgeschichten<\/strong>. Reihe Epik . Bd. 131, 196 Seiten,\u00a0 ISBN 978-3-86356-359-2; \u20ac[D]16,50<\/p>\n<p>&nbsp;<\/p>\n<p>&nbsp;<\/p>\n<p>Und sei die einzelne Szene auch noch so skurril, das \u00dcbel auch noch so bedr\u00fcckend, strahlen sogar die zwielichtigen Gestalten dieser Prosa pure unwiderstehliche Menschlichkeit aus. (<em>Gabriel H. Decuble<\/em>)<\/p>\n<p>Entbl\u00e4tterte Zeit ist Dagmar Dusils zweiter Kurzgeschichtenband. Von den Bewohnern eines Dorfes, die sich mit der Ankunft eines Paketes am Wendepunkt ihres Lebens w\u00e4hnen, von Inga und ihrer von Metallen gepr\u00e4gten Kindheit, vom Hund Liberty, der beinahe eine politische Krise ausl\u00f6st, vom Wettermacher und seinen Wolkenkanonen, von der tr\u00fcgerischen Idylle eines Bergdorfes, wo W\u00e4lder abgeholzt werden, von der Siebzehnj\u00e4hrigen, die einen Hundertmeterlauf vor sich hat und das Ziel nie erreichen m\u00f6chte, von Mioara, die zu Marie wird und im Zwischendasein der auseinander driftenden Identit\u00e4ten gefangen ist.<\/p>\n<p><em>Vor den Fenstern der St\u00e4dti schen Druckerei schlug er sein Nachtlager auf einem Gitterrost auf, aus dem wohltuende W\u00e4rme str\u00f6mte. Tags\u00fcber sammelte er Zeitungen, in denen viel \u00fcber den Sieg des Sozialismus zu lesen war, und auf denen er sich nachts ausstreckte. <\/em><br \/>\n<em>\u00bbWarum\u00ab, fragten ihn wiederholt seine beiden Geschwister, nachdem sie ihn ausfindig gemacht hatten, \u00bbwarum tust du uns das an?\u00ab <\/em><br \/>\n<em>Dann l\u00e4chelte der Wettermacher leise vor sich hin, es war ein weiches L\u00e4cheln, behutsam, wie ein entschl\u00fcpfter Vogel sa\u00df es auf seinen Lippen, und er sagte mit ruhiger Stimme: \u00bbEs wird ein gro\u00dfer Sommer werden.\u00ab Er sprach die Worte langsam und klar und deutlich und die Geschwister gingen unverrichteter Dinge wieder nach Hause.<\/em><\/p>\n<\/div>\n<div class=\"entry-content cf\">\n<p>Lieferbare Titel von <strong><a href=\"https:\/\/wp.pop-verlag.com\/?page_id=2997\">Dagmar Dusil:<\/a><\/strong><\/p>\n<ul>\n<li><strong><a href=\"http:\/\/wp.pop-verlag.com\/?page_id=2988\">R. G. Waldeck<\/a>: Ath\u00e9n\u00e9e Palace. <a href=\"http:\/\/wp.pop-verlag.com\/?p=2984\">Hitlers \u201eNeue Ordnung\u201c kommt nach Rum\u00e4nien<\/a><br \/>\n<\/strong>Mit einem Nachwort des amerikanischen Diplomaten, Historikers und versierten Rum\u00e4nien Kenners Ernest H. Latham, Jr.Aus dem Amerikanischen von <strong><a href=\"http:\/\/wp.pop-verlag.com\/?page_id=2997\">Dagmar Dusil<\/a><\/strong> und Dr. <a href=\"http:\/\/wp.pop-verlag.com\/?page_id=3001\"><strong>Gerlinde Roth<\/strong><\/a>. Pop Epik. ISBN: 978-3-86356-218-2, 472 Seiten, \u20ac[D]24,50<\/li>\n<li><a href=\"https:\/\/wp.pop-verlag.com\/?p=4026\"><strong>Auf leisen Sohlen. Ann\u00e4herungen an Katzendorf<\/strong><\/a>. Die POP-Verlag-Fragmentariumreihe, Bd. 10. ISBN: 978-3-86356-262-5, 286 Seiten, \u20ac[D]18,50<\/li>\n<li><a href=\"https:\/\/wp.pop-verlag.com\/?p=4285\"><strong>Looking Back Through the Kitchen Window<\/strong><\/a>. Die POP-Verlag-Fragmentariumreihe, Bd. 14. ISBN: 978-3-86356-279-3, 260 Seiten, \u20ac[D]16,50<\/li>\n<li><a href=\"https:\/\/wp.pop-verlag.com\/?p=4522\"><strong>So is(s)t Hermannstadt<\/strong>.<\/a> Die POP-Verlag-Fragmentariumreihe, Bd. 15. ISBN: 978-3-86356-282-3,186 Seiten, \u20ac[D]13,80<\/li>\n<li><strong><a href=\"https:\/\/wp.pop-verlag.com\/?page_id=2997\"> Dagmar Dusil<\/a><\/strong> \/<a href=\"https:\/\/wp.pop-verlag.com\/?page_id=5864\"><strong> Ioana Ieronim<\/strong><\/a>:\u00a0<strong><a href=\"https:\/\/wp.pop-verlag.com\/?p=5873\">Beleuchtete Busse in denen keiner sa\u00df \/ \u015ei trec autobuze goale<\/a>.<\/strong> Gedichte. Illustration: <a href=\"https:\/\/wp.pop-verlag.com\/?page_id=5869\"><strong>Gerhild W\u00e4chter<\/strong><\/a>. Nachwort von <a href=\"https:\/\/wp.pop-verlag.com\/?page_id=3027\"><strong>Emil Hurezeanu<\/strong><\/a>. Reihe Lyrik Bd. 164, 124 Seiten,\u00a0 ISBN 978-3-86356-339-4; \u20ac[D]19,90<\/li>\n<li><strong>Entbl\u00e4tterte Zeit.\u00a0Kurzgeschichten<\/strong>. Reihe Epik . Bd. 131, 196 Seiten,\u00a0 ISBN 978-3-86356-359-2; \u20ac[D]16,50<\/li>\n<li><a href=\"https:\/\/wp.pop-verlag.com\/?p=6281\"><strong>Mit Erinnerungen gepflastert.\u00a0Eine Anthologie von Dagmar Dusil. <\/strong><\/a>Kartoniert, mit Schutzumschlag (bedruckt). Reihe Fragmentarium, Bd. 28. ISBN: 978-3-86356-367-7, 410 Seiten, \u20ac[D]25,00<\/li>\n<\/ul>\n<\/div>\n","protected":false},"excerpt":{"rendered":"<p>Dagmar Dusil:\u00a0Entbl\u00e4tterte Zeit.\u00a0Kurzgeschichten. Reihe Epik . Bd. 131, 196 Seiten,\u00a0 ISBN 978-3-86356-359-2; \u20ac[D]16,50 &nbsp; &nbsp; Und sei die einzelne Szene auch noch so skurril, das \u00dcbel auch noch so bedr\u00fcckend, strahlen sogar die zwielichtigen Gestalten dieser Prosa pure unwiderstehliche Menschlichkeit &hellip; <a class=\"more-link\" href=\"https:\/\/wp.pop-verlag.com\/?p=6217\">Weiterlesen <span class=\"meta-nav\">&rarr;<\/span><\/a><\/p>\n","protected":false},"author":2,"featured_media":0,"comment_status":"closed","ping_status":"closed","sticky":false,"template":"","format":"standard","meta":{"_jetpack_memberships_contains_paid_content":false,"footnotes":""},"categories":[527,21,9],"tags":[428,649,540,430,648,271,351,539,246,247,358,303],"class_list":["post-6217","post","type-post","status-publish","format-standard","hentry","category-e-erscheinungsjahr-2022","category-deutsch-rumaenische-literatur","category-pop-epik","tag-bamberg","tag-dorfschreiberin","tag-hermanstadt","tag-katzendorf","tag-literatur","tag-pop-verlag","tag-rumaeniendeutsche-literatur","tag-rumaeniendeutschen","tag-sibiu","tag-siebenbuergen","tag-suedosteuropa","tag-traian-pop"],"jetpack_sharing_enabled":true,"jetpack_featured_media_url":"","_links":{"self":[{"href":"https:\/\/wp.pop-verlag.com\/index.php?rest_route=\/wp\/v2\/posts\/6217","targetHints":{"allow":["GET"]}}],"collection":[{"href":"https:\/\/wp.pop-verlag.com\/index.php?rest_route=\/wp\/v2\/posts"}],"about":[{"href":"https:\/\/wp.pop-verlag.com\/index.php?rest_route=\/wp\/v2\/types\/post"}],"author":[{"embeddable":true,"href":"https:\/\/wp.pop-verlag.com\/index.php?rest_route=\/wp\/v2\/users\/2"}],"replies":[{"embeddable":true,"href":"https:\/\/wp.pop-verlag.com\/index.php?rest_route=%2Fwp%2Fv2%2Fcomments&post=6217"}],"version-history":[{"count":7,"href":"https:\/\/wp.pop-verlag.com\/index.php?rest_route=\/wp\/v2\/posts\/6217\/revisions"}],"predecessor-version":[{"id":6296,"href":"https:\/\/wp.pop-verlag.com\/index.php?rest_route=\/wp\/v2\/posts\/6217\/revisions\/6296"}],"wp:attachment":[{"href":"https:\/\/wp.pop-verlag.com\/index.php?rest_route=%2Fwp%2Fv2%2Fmedia&parent=6217"}],"wp:term":[{"taxonomy":"category","embeddable":true,"href":"https:\/\/wp.pop-verlag.com\/index.php?rest_route=%2Fwp%2Fv2%2Fcategories&post=6217"},{"taxonomy":"post_tag","embeddable":true,"href":"https:\/\/wp.pop-verlag.com\/index.php?rest_route=%2Fwp%2Fv2%2Ftags&post=6217"}],"curies":[{"name":"wp","href":"https:\/\/api.w.org\/{rel}","templated":true}]}}