{"id":6203,"date":"2022-05-16T04:57:00","date_gmt":"2022-05-16T04:57:00","guid":{"rendered":"https:\/\/wp.pop-verlag.com\/?p=6203"},"modified":"2022-05-19T06:52:57","modified_gmt":"2022-05-19T06:52:57","slug":"ana-blandiana","status":"publish","type":"post","link":"https:\/\/wp.pop-verlag.com\/?p=6203","title":{"rendered":"Ana Blandiana: Variationen \u00fcber ein gegebenes Thema"},"content":{"rendered":"<p><strong><img loading=\"lazy\" decoding=\"async\" class=\"alignleft size-medium wp-image-6209\" src=\"https:\/\/wp.pop-verlag.com\/wp-content\/uploads\/2022\/05\/978-3-86356-364-6_BuB-191x300.jpg\" alt=\"\" width=\"191\" height=\"300\" srcset=\"https:\/\/wp.pop-verlag.com\/wp-content\/uploads\/2022\/05\/978-3-86356-364-6_BuB-191x300.jpg 191w, https:\/\/wp.pop-verlag.com\/wp-content\/uploads\/2022\/05\/978-3-86356-364-6_BuB-768x1206.jpg 768w, https:\/\/wp.pop-verlag.com\/wp-content\/uploads\/2022\/05\/978-3-86356-364-6_BuB-652x1024.jpg 652w, https:\/\/wp.pop-verlag.com\/wp-content\/uploads\/2022\/05\/978-3-86356-364-6_BuB.jpg 1654w\" sizes=\"auto, (max-width: 191px) 100vw, 191px\" \/> <img loading=\"lazy\" decoding=\"async\" class=\"alignleft size-medium wp-image-6210\" src=\"https:\/\/wp.pop-verlag.com\/wp-content\/uploads\/2022\/05\/978-3-86356-364-6_B-205x300.jpg\" alt=\"\" width=\"205\" height=\"300\" srcset=\"https:\/\/wp.pop-verlag.com\/wp-content\/uploads\/2022\/05\/978-3-86356-364-6_B-205x300.jpg 205w, https:\/\/wp.pop-verlag.com\/wp-content\/uploads\/2022\/05\/978-3-86356-364-6_B-768x1124.jpg 768w, https:\/\/wp.pop-verlag.com\/wp-content\/uploads\/2022\/05\/978-3-86356-364-6_B-700x1024.jpg 700w, https:\/\/wp.pop-verlag.com\/wp-content\/uploads\/2022\/05\/978-3-86356-364-6_B.jpg 1654w\" sizes=\"auto, (max-width: 205px) 100vw, 205px\" \/><a href=\"https:\/\/wp.pop-verlag.com\/?page_id=2888\" target=\"_blank\" rel=\"noopener\">Ana Blandiana:<\/a> <a href=\"https:\/\/wp.pop-verlag.com\/?p=6203\" target=\"_blank\" rel=\"noopener\">Variationen \u00fcber ein gegebenes Thema \/ Varia\u021biuni pe o tem\u0103 dat\u0103<\/a><\/strong> Gedichte. Deutsch \/ Rum\u00e4nisch. Aus dem Rum\u00e4nischen und mit einem Nachwort von<br \/>\nRuxandra Niculescu.\u00a0Reihe Lyrik Bd. 170. 149 S., Kartoniert, mit Schutzumschlag (bedruckt). <label class=\"control-label\">ISBN: <\/label><span class=\"readonlyText\">978-3-86356-364-6, \u20ac[D]<\/span> 18,50<\/p>\n<p>&nbsp;<\/p>\n<p><em>ES schneit!<\/em><br \/>\n<em>Also werde ich dich sehen<\/em><br \/>\n<em>weil deine unsichtbare <\/em><em>Silhouette<\/em><br \/>\n<em>unter dem Schnee Form <\/em><em>annimmt.<\/em><br \/>\n<em>Bleib stehen, ich flehe dich an<\/em><br \/>\n<em>damit der Schnee sich<\/em><br \/>\n<em>auf die Schultern auf den Kopf<\/em><br \/>\n<em>und in die Haare setzt.<\/em><\/p>\n<p><em>Ich will dich nur sehen<\/em><br \/>\n<em>wahrhaftig.<\/em><br \/>\n<em>Ich wei\u00df, ich darf <\/em><br \/>\n<em>dich nicht streicheln<\/em><br \/>\n<em>denn unter meiner warmen Hand<\/em><br \/>\n<em>w\u00fcrde dein Schneeumriss <\/em><br \/>\n<em>schmelzen.<\/em><br \/>\n<em>Es schneit <\/em><br \/>\n<em>aus gefrorener Urzeit<\/em><br \/>\n<em>und es badet uns <\/em><br \/>\n<em>klirrende K\u00e4lte<\/em><br \/>\n<em>in z\u00e4rtlichem Untergang.<\/em><\/p>\n<p>&nbsp;<\/p>\n<p>In einer Zeit, in der die Menschheit biologische und mentale Experimente anstrebt und nicht einmal davor zur\u00fcckscheut, mit Hilfe von riskanten Technologien eine Verschmelzung von Mensch und Maschine zu planen, um das Leben um jedem Preis zu verl\u00e4ngern bzw. eines Tages Unsterblichkeit zu erlangen, glaubt eine Dichterin, dass Liebe die einzige universelle Kraft ist, die den Tod \u00fcberwindet.<br \/>\n<em>Ruxandra Niculescu<\/em><\/p>\n<p>Lieferbare Titel von <a href=\"http:\/\/wp.pop-verlag.com\/?page_id=2888\"><strong>Ana Blandiana:<\/strong><\/a><\/p>\n<p><a href=\"http:\/\/wp.pop-verlag.com\/?p=2884\"><strong>\u2013 <\/strong><\/a><strong><a href=\"http:\/\/wp.pop-verlag.com\/?p=2884\">Geschlossene Kirchen &amp;\u00a0<span class=\"st\"><em>Biserici \u00eenchise.\u00a0<\/em><\/span><\/a><\/strong>Gedichte. Nach einer Auswahl und mit einem Nachwort von <a href=\"https:\/\/wp.pop-verlag.com\/?page_id=3182\"><strong>Katharina Kilzer<\/strong><\/a> (Hrsg.). \u00dcbersetzungen aus dem Rum\u00e4nischen von <strong><a href=\"https:\/\/wp.pop-verlag.com\/?page_id=3184\">Maria Herlo<\/a><\/strong>, <a href=\"https:\/\/wp.pop-verlag.com\/?page_id=3182\"><strong>Katharina Kilzer<\/strong><\/a> und <strong><a href=\"https:\/\/wp.pop-verlag.com\/?page_id=734\">Horst Samson<\/a><\/strong>. Deutsch-Rum\u00e4nisch. Orpheus Reihe Band 9. ISBN 978-3-86356-185-7; 210 Seiten, \u20ac[D]18,50<\/p>\n<p>\u2013 <a href=\"https:\/\/www.bawuelon.com\/bawuelon-28\/\"><strong>BAW\u00dcLON 4\/2017 (28)<\/strong><\/a><\/p>\n<p>&#8211;\u00a0 <a href=\"https:\/\/www.edition-matrix.com\/matrix-1-2020-59-%e2%80%a2-anna-blandiana-%e2%80%a2-sie-koennte-die-naechste-nobelpreistraegerin-sein\/\"><strong>MATRIX 1\/2020 (59) \u2022 Anna Blandiana \u2022 Sie k\u00f6nnte die n\u00e4chste Nobelpreistr\u00e4gerin sein<\/strong><\/a><\/p>\n<ul>\n<li><strong>\u00a0<a href=\"https:\/\/wp.pop-verlag.com\/?p=5470\">Mein Vaterland A4 \/ Patria mea A4<\/a><\/strong>. Gedichte. Deutsch \/ Rum\u00e4nisch. \u00dcbersetzungen aus dem Rum\u00e4nischen von <strong><a href=\"https:\/\/wp.pop-verlag.com\/?page_id=3184\">Maria Herlo<\/a><\/strong>, <a href=\"https:\/\/wp.pop-verlag.com\/?page_id=3182\"><strong>Katharina Kilzer<\/strong><\/a> und <strong><a href=\"https:\/\/wp.pop-verlag.com\/?page_id=734\">Horst Samson<\/a><\/strong>.\u00a0Reihe Lyrik Bd. 154. 155 S., Kartoniert, mit Schutzumschlag (bedruckt). <label class=\"control-label\">ISBN: <\/label><span class=\"readonlyText\">978-3-86356-300-4, \u20ac[D]<\/span> 19,90<\/li>\n<li><strong>Herr der M\u00fchle<\/strong>. \u00dcbersetzungen aus dem Rum\u00e4nischen von\u00a0Hans Bergel], Horst Fassel, <strong><a href=\"https:\/\/wp.pop-verlag.com\/?page_id=3184\">Maria Herlo<\/a><\/strong>, Franz Hodjak,<a href=\"https:\/\/wp.pop-verlag.com\/?page_id=3182\"><strong>Katharina Kilzer<\/strong><\/a>, Rolf-Frieder Marmont, Ruxandra Niculescu,<br \/>\nDieter Roth, <strong><a href=\"https:\/\/wp.pop-verlag.com\/?page_id=734\">Horst Samson<\/a><\/strong>, Dieter Schlesak, Bettina Schuller, und Joachim Wittstock.<\/li>\n<li>Reihe Lyrik Bd. 154 S., Kartoniert, mit Schutzumschlag (bedruckt). <label class=\"control-label\">ISBN: <\/label><span class=\"readonlyText\">978-3-86356-217-5, \u20ac[D]<\/span> 19,10<\/li>\n<li><a href=\"https:\/\/wp.pop-verlag.com\/?p=6203\" target=\"_blank\" rel=\"noopener\"><strong>Variationen \u00fcber ein gegebenes Thema \/ Varia\u021biuni pe o tem\u0103 dat\u0103<\/strong><\/a> Gedichte. Deutsch \/ Rum\u00e4nisch. Aus dem Rum\u00e4nischen und mit einem Nachwort von Ruxandra Niculescu.\u00a0Reihe Lyrik Bd. 170. 149 S., Kartoniert, mit Schutzumschlag (bedruckt). <label class=\"control-label\">ISBN: <\/label><span class=\"readonlyText\">978-3-86356-364-6, \u20ac[D]<\/span> 18,50<\/li>\n<\/ul>\n","protected":false},"excerpt":{"rendered":"<p>Ana Blandiana: Variationen \u00fcber ein gegebenes Thema \/ Varia\u021biuni pe o tem\u0103 dat\u0103 Gedichte. Deutsch \/ Rum\u00e4nisch. Aus dem Rum\u00e4nischen und mit einem Nachwort von Ruxandra Niculescu.\u00a0Reihe Lyrik Bd. 170. 149 S., Kartoniert, mit Schutzumschlag (bedruckt). ISBN: 978-3-86356-364-6, \u20ac[D] 18,50 &hellip; <a class=\"more-link\" href=\"https:\/\/wp.pop-verlag.com\/?p=6203\">Weiterlesen <span class=\"meta-nav\">&rarr;<\/span><\/a><\/p>\n","protected":false},"author":2,"featured_media":0,"comment_status":"closed","ping_status":"closed","sticky":false,"template":"","format":"standard","meta":{"_jetpack_memberships_contains_paid_content":false,"footnotes":""},"categories":[527,23,22,8],"tags":[362,662,651,654,659,658,648,653,257,661,655,652,271,656,657,244,660,650],"class_list":["post-6203","post","type-post","status-publish","format-standard","hentry","category-e-erscheinungsjahr-2022","category-ost-suedosteuropaeische-literatur","category-rumaenische-literatur","category-pop-lyrik","tag-autor","tag-blandiana","tag-dissident","tag-ehrenbuerger-von-timisoara","tag-frau","tag-geboren-1942","tag-literatur","tag-literatur-rumaenisch","tag-lyrik","tag-lyrikerin","tag-mitglied-der-ehrenlegion-ritter","tag-opfer-der-diktatur-der-sozialistischen-republik-rumaenien","tag-pop-verlag","tag-pseudonym","tag-rumaene","tag-rumaenien","tag-schriftstellerin","tag--buergerrechtler"],"jetpack_sharing_enabled":true,"jetpack_featured_media_url":"","_links":{"self":[{"href":"https:\/\/wp.pop-verlag.com\/index.php?rest_route=\/wp\/v2\/posts\/6203","targetHints":{"allow":["GET"]}}],"collection":[{"href":"https:\/\/wp.pop-verlag.com\/index.php?rest_route=\/wp\/v2\/posts"}],"about":[{"href":"https:\/\/wp.pop-verlag.com\/index.php?rest_route=\/wp\/v2\/types\/post"}],"author":[{"embeddable":true,"href":"https:\/\/wp.pop-verlag.com\/index.php?rest_route=\/wp\/v2\/users\/2"}],"replies":[{"embeddable":true,"href":"https:\/\/wp.pop-verlag.com\/index.php?rest_route=%2Fwp%2Fv2%2Fcomments&post=6203"}],"version-history":[{"count":6,"href":"https:\/\/wp.pop-verlag.com\/index.php?rest_route=\/wp\/v2\/posts\/6203\/revisions"}],"predecessor-version":[{"id":6224,"href":"https:\/\/wp.pop-verlag.com\/index.php?rest_route=\/wp\/v2\/posts\/6203\/revisions\/6224"}],"wp:attachment":[{"href":"https:\/\/wp.pop-verlag.com\/index.php?rest_route=%2Fwp%2Fv2%2Fmedia&parent=6203"}],"wp:term":[{"taxonomy":"category","embeddable":true,"href":"https:\/\/wp.pop-verlag.com\/index.php?rest_route=%2Fwp%2Fv2%2Fcategories&post=6203"},{"taxonomy":"post_tag","embeddable":true,"href":"https:\/\/wp.pop-verlag.com\/index.php?rest_route=%2Fwp%2Fv2%2Ftags&post=6203"}],"curies":[{"name":"wp","href":"https:\/\/api.w.org\/{rel}","templated":true}]}}