{"id":620,"date":"2015-09-26T08:12:38","date_gmt":"2015-09-26T08:12:38","guid":{"rendered":"http:\/\/wp.pop-verlag.com\/?p=620"},"modified":"2015-09-26T12:26:17","modified_gmt":"2015-09-26T12:26:17","slug":"rezension-stefanie-golisch-anstelle-des-mondes","status":"publish","type":"post","link":"https:\/\/wp.pop-verlag.com\/?p=620","title":{"rendered":"Rezension Stefanie Golisch: &#8222;Anstelle des Mondes&#8220;"},"content":{"rendered":"<p><a href=\"http:\/\/wp.pop-verlag.com\/wp-content\/uploads\/2015\/08\/stefaniegolisch_anstelle.jpg\"><img loading=\"lazy\" decoding=\"async\" class=\"alignnone size-medium wp-image-506\" src=\"http:\/\/wp.pop-verlag.com\/wp-content\/uploads\/2015\/08\/stefaniegolisch_anstelle-211x300.jpg\" alt=\"stefaniegolisch_anstelle\" width=\"211\" height=\"300\" \/><\/a><br \/>\n<strong>Eine schmerzhaft sch\u00f6ne Geschichte<\/strong><br \/>\nStefanie Golisch hat eine hochpoetische Erz\u00e4hlung aus Widerspr\u00fcchen gewebt.<\/p>\n<p><strong>Elke Engelhardt<\/strong><br \/>\nver\u00f6ffentlicht auf <strong><a href=\"http:\/\/www.fixpoetry.com\/feuilleton\/kritiken\/stefanie-golisch\/anstelle-des-mondes\" target=\"_blank\">fixpoetry<\/a><\/strong><\/p>\n","protected":false},"excerpt":{"rendered":"<p>Eine schmerzhaft sch\u00f6ne Geschichte Stefanie Golisch hat eine hochpoetische Erz\u00e4hlung aus Widerspr\u00fcchen gewebt. Elke Engelhardt ver\u00f6ffentlicht auf fixpoetry &hellip; <a class=\"more-link\" href=\"https:\/\/wp.pop-verlag.com\/?p=620\">Weiterlesen <span class=\"meta-nav\">&rarr;<\/span><\/a><\/p>\n","protected":false},"author":1,"featured_media":0,"comment_status":"closed","ping_status":"closed","sticky":false,"template":"","format":"standard","meta":{"_jetpack_memberships_contains_paid_content":false,"footnotes":""},"categories":[2,13],"tags":[195,200],"class_list":["post-620","post","type-post","status-publish","format-standard","hentry","category-rezensionen","category-rezensionen-epik","tag-anstelle-des-mondes","tag-stefnie-golisch"],"jetpack_sharing_enabled":true,"jetpack_featured_media_url":"","_links":{"self":[{"href":"https:\/\/wp.pop-verlag.com\/index.php?rest_route=\/wp\/v2\/posts\/620","targetHints":{"allow":["GET"]}}],"collection":[{"href":"https:\/\/wp.pop-verlag.com\/index.php?rest_route=\/wp\/v2\/posts"}],"about":[{"href":"https:\/\/wp.pop-verlag.com\/index.php?rest_route=\/wp\/v2\/types\/post"}],"author":[{"embeddable":true,"href":"https:\/\/wp.pop-verlag.com\/index.php?rest_route=\/wp\/v2\/users\/1"}],"replies":[{"embeddable":true,"href":"https:\/\/wp.pop-verlag.com\/index.php?rest_route=%2Fwp%2Fv2%2Fcomments&post=620"}],"version-history":[{"count":2,"href":"https:\/\/wp.pop-verlag.com\/index.php?rest_route=\/wp\/v2\/posts\/620\/revisions"}],"predecessor-version":[{"id":624,"href":"https:\/\/wp.pop-verlag.com\/index.php?rest_route=\/wp\/v2\/posts\/620\/revisions\/624"}],"wp:attachment":[{"href":"https:\/\/wp.pop-verlag.com\/index.php?rest_route=%2Fwp%2Fv2%2Fmedia&parent=620"}],"wp:term":[{"taxonomy":"category","embeddable":true,"href":"https:\/\/wp.pop-verlag.com\/index.php?rest_route=%2Fwp%2Fv2%2Fcategories&post=620"},{"taxonomy":"post_tag","embeddable":true,"href":"https:\/\/wp.pop-verlag.com\/index.php?rest_route=%2Fwp%2Fv2%2Ftags&post=620"}],"curies":[{"name":"wp","href":"https:\/\/api.w.org\/{rel}","templated":true}]}}