{"id":6152,"date":"2022-03-17T12:28:05","date_gmt":"2022-03-17T12:28:05","guid":{"rendered":"https:\/\/wp.pop-verlag.com\/?p=6152"},"modified":"2022-03-21T08:20:32","modified_gmt":"2022-03-21T08:20:32","slug":"6152","status":"publish","type":"post","link":"https:\/\/wp.pop-verlag.com\/?p=6152","title":{"rendered":"Anton Sterbling: Ende einer Pandemie und weitere Erz\u00e4hlungen"},"content":{"rendered":"<div class=\"entry-content cf\">\n<p><strong><img loading=\"lazy\" decoding=\"async\" class=\"alignleft size-medium wp-image-6157\" src=\"https:\/\/wp.pop-verlag.com\/wp-content\/uploads\/2022\/03\/978-3-86356-357-8_B-205x300.jpg\" alt=\"\" width=\"205\" height=\"300\" srcset=\"https:\/\/wp.pop-verlag.com\/wp-content\/uploads\/2022\/03\/978-3-86356-357-8_B-205x300.jpg 205w, https:\/\/wp.pop-verlag.com\/wp-content\/uploads\/2022\/03\/978-3-86356-357-8_B-768x1124.jpg 768w, https:\/\/wp.pop-verlag.com\/wp-content\/uploads\/2022\/03\/978-3-86356-357-8_B-700x1024.jpg 700w, https:\/\/wp.pop-verlag.com\/wp-content\/uploads\/2022\/03\/978-3-86356-357-8_B.jpg 1654w\" sizes=\"auto, (max-width: 205px) 100vw, 205px\" \/> <img loading=\"lazy\" decoding=\"async\" class=\"alignleft size-medium wp-image-6156\" src=\"https:\/\/wp.pop-verlag.com\/wp-content\/uploads\/2022\/03\/978-3-86356-357-8-BuB-191x300.jpg\" alt=\"\" width=\"191\" height=\"300\" srcset=\"https:\/\/wp.pop-verlag.com\/wp-content\/uploads\/2022\/03\/978-3-86356-357-8-BuB-191x300.jpg 191w, https:\/\/wp.pop-verlag.com\/wp-content\/uploads\/2022\/03\/978-3-86356-357-8-BuB-768x1206.jpg 768w, https:\/\/wp.pop-verlag.com\/wp-content\/uploads\/2022\/03\/978-3-86356-357-8-BuB-652x1024.jpg 652w, https:\/\/wp.pop-verlag.com\/wp-content\/uploads\/2022\/03\/978-3-86356-357-8-BuB.jpg 1654w\" sizes=\"auto, (max-width: 191px) 100vw, 191px\" \/><a href=\"http:\/\/wp.pop-verlag.com\/?page_id=2593\">Anton Sterbling<\/a>:\u00a0<a href=\"https:\/\/wp.pop-verlag.com\/?p=6152\">Ende einer Pandemie und weitere Erz\u00e4hlungen<\/a><\/strong><\/p>\n<p>Kartoniert mit Schutzumschlag (bedruckt).\u00a0 Reihe Epik Bd. 131; ISBN: 978-3-86356-357-8; 183 Seiten, \u20ac[D]16,50<a href=\"http:\/\/www.pop-verlag-shop.com\/epages\/64741473.sf\/de_DE\/?ObjectPath=\/Shops\/64741473\/Products\/86356357\" target=\"_blank\" rel=\"noopener\"><img loading=\"lazy\" decoding=\"async\" class=\"alignleft wp-image-5574 size-full\" src=\"https:\/\/wp.pop-verlag.com\/wp-content\/uploads\/2020\/12\/in-den-Warenkorb.jpg\" alt=\"\" width=\"163\" height=\"32\" \/><\/a><\/p>\n<p>&nbsp;<\/p>\n<p>&nbsp;<\/p>\n<p>&nbsp;<\/p>\n<p>&nbsp;<\/p>\n<p>&nbsp;<\/p>\n<p>Der Band umfasst vier Erz\u00e4hlungen. \u00bbEnde einer Pandemie\u00ab handelt vom tr\u00fcgerischen Ende der mit entsprechenden bedr\u00fcckenden kollektiven Erfahrungen einhergehenden merkw\u00fcrdigen Heimsuchungen, die ohne befreienden Ausgang bleiben. \u00bbDer Aktivist\u00ab vermittelt Einblicke in das durch einen schweren Unfall gebrochene Leben eines politischen Aktivisten, der aus einer Aussiedlerfamilie stammt, und bringt uns dessen Denk- und Erfahrungswelt wie auch dessen sp\u00e4tere Erinnerungen und Einsichten n\u00e4her. Die Erz\u00e4hlung \u00bbDorina\u00ab geht der merkw\u00fcrdigen Geschichte einer jungen Frau nach, die unbedingt von einem einsamen Bergbauernhof, aus den H\u00e4nden ihres gewaltt\u00e4tigen Mannes und seiner drei Br\u00fcder, in die Freiheit des Liebesgl\u00fccks entf\u00fchrt werden wollte. Auch so etwas geht selten gut aus. \u00bbIm Zug an der Grenze oder Undine geht wieder\u00ab nimmt den Leser auf eine bizarre Grenzfahrt in einer angehaltenen Zeit, ohne weitere Erkl\u00e4rungen und Perspektiven mit. Die in diesem Band vorgelegten Erz\u00e4hlungen k\u00f6nnen jeweils f\u00fcr sich gelesen werden, sie sind allerdings erneut \u00fcber einige hintergr\u00fcndige Motive und Figurationen mit bestimmten Erz\u00e4hlstr\u00e4ngen und imagin\u00e4ren Bezugspunkten der ersten beiden Erz\u00e4hlb\u00e4nde \u00bbKlimadelirium\u00ab und \u00bbDie versunkene Republik\u00ab verkn\u00fcpft.<\/p>\n<p>\u00bbDas Staunen der Rezensentin ist gro\u00df: Womit ein Erz\u00e4hler vom \u201eBalkan\u201c, der eigentlich emeritierter Soziologie-Professor ist, aufwarten kann \u2013 unglaublich! Und was die Melonengasse in einem banatschw\u00e4bischen Dorf an gespenstischen Familiengeschichten birgt, ist so verr\u00fcckt wie die Realit\u00e4t selbst. Anton Sterbling hat Letztere gut beobachtet und in Fiktion gegossen. Den Band voller Skurrilit\u00e4ten widmet er seinen \u201eFreunden der ehemaligen Aktionsgruppe Banat\u201c \u2013 \u00fcberp\u00fcnktlich zum 50. Jubil\u00e4um der Gruppe im M\u00e4rz 2022.\u00ab<\/p>\n<p>Dr. Ingeborg Sz\u00f6ll\u00f6si in <em>Allgemeinen Deutschen Zeitung<\/em> und <em>Banater Post<\/em><\/p>\n<p>\u00bb\u201eDas Anliegen dieser Erz\u00e4hlungen ist die k\u00fcnstlerische Erfindung des eher Unwahrscheinliche, aber doch nicht ganz Unm\u00f6glichen\u201c, schreibt der Autor in seinem Vorwort. Das trifft recht gut den Tenor des gesamten Bandes, dessen Titelgeschichte schon gleich mit dem ersten Satz sprachlich sehr an Franz Kafka erinnert. (\u2026) Sie k\u00f6nnte t\u00e4uschen \u00fcber die brillante Intelligenz dieses Autors, ebenso wie die scheinbare Naivit\u00e4t des Ich-Erz\u00e4hlers. Diese sachliche Sprache erzeugt Distanz, bewirkt aber auch so etwas wie Objektivit\u00e4t.\u00ab<\/p>\n<p>Widmar Puhl in <em>Baw\u00fclon 1\/2021 (41)<\/em><\/p>\n<p>Lieferbare Titel von<a href=\"http:\/\/wp.pop-verlag.com\/?page_id=2593\"><strong>\u00a0Anton Sterbling<\/strong><\/a>:<\/p>\n<ul>\n<li><strong><a href=\"http:\/\/wp.pop-verlag.com\/?p=470\">\u201eGrenzg\u00e4nge, Heimat, Wanderungen<\/a><\/strong>\u201c . Narrative \u00fcber das zerbrochene. Sinnmuster der Vergangenheit. ISBN 978-3-86356-054-6, 170 Seiten, \u20ac[D]14,80<\/li>\n<li><strong>Horst Samson<\/strong> <strong>&amp; <a href=\"http:\/\/wp.pop-verlag.com\/?page_id=2593\">Anton Sterbling<\/a><\/strong> (Hrsg.):<a href=\"http:\/\/wp.pop-verlag.com\/?p=2670\"><strong> \u201eDie Sprache, die auf das Nichts folgt, die kennen wir nicht. S\u00e4tze und Texte f\u00fcr Richard Wagner.\u201c<\/strong> <\/a>Mit Grafiken und Malereien von Walter Andreas Kirchner. Fragmentarium Reihe. 320 Seiten,\u00a0ISBN: 978-3-86356-174-1,\u00a0 \u20ac[D] 23,00<\/li>\n<li><strong>\u00dcber deutsche Dichter, Schriftsteller und Intellektuelle aus Rum\u00e4nien. <\/strong>Autorenportraits, Essays und Rezensionen.<a href=\"https:\/\/wp.pop-verlag.com\/?p=2670\">Richard Wagner<\/a>, Herta M\u00fcller, Paul Schuster, <a href=\"https:\/\/wp.pop-verlag.com\/?page_id=742\">Johann Lippet<\/a>, <a href=\"https:\/\/wp.pop-verlag.com\/?page_id=964\">Hellmut Seiler<\/a>, <a href=\"https:\/\/wp.pop-verlag.com\/?page_id=734\">Horst Samson<\/a>, Ilse Hehn,\u00a0Werner Kremm.Pop Universitas, Bd. 14, ISBN 978-3-86356-251-9, 216 Seiten, \u20ac[D]16,50<\/li>\n<li><strong><a href=\"https:\/\/wp.pop-verlag.com\/?p=4566\">Entr\u00fcckung in den Kopfstand<\/a><\/strong>. Gedichte und Texte 1968 bis 2019. Lyrikreihe Bd. 141; ISBN 978-3-86356-283-0; 141 Seiten, \u20ac[D]15,00<\/li>\n<li><strong><a href=\"https:\/\/wp.pop-verlag.com\/?p=5187\">Klimadelirium und andere furchtbare Erz\u00e4hlungen<\/a><\/strong>. Reihe Epik Bd. 113; ISBN: 978-3-86356-303-5; 244 Seiten, \u20ac[D]16,90<\/li>\n<li><strong><a href=\"https:\/\/wp.pop-verlag.com\/?p=5611\">Die versunkene Republik.\u00a0<\/a><\/strong>Erz\u00e4hlungen. Reihe: EPIK, Bd. 119. ISBN 978-3-86356-321-9, Pop Verlag, Ludwigsburg 2021, 280 Seiten. \u20ac[D]18,50.<\/li>\n<li><a href=\"https:\/\/wp.pop-verlag.com\/?p=6152\"><strong>Ende einer Pandemie und weitere Erz\u00e4hlungen<\/strong><\/a>. Kartoniert mit Schutzumschlag (bedruckt).\u00a0 Reihe Epik Bd. 131; ISBN: 978-3-86356-357-8; 183 Seiten, \u20ac[D]16,50<\/li>\n<\/ul>\n<\/div>\n","protected":false},"excerpt":{"rendered":"<p>Anton Sterbling:\u00a0Ende einer Pandemie und weitere Erz\u00e4hlungen Kartoniert mit Schutzumschlag (bedruckt).\u00a0 Reihe Epik Bd. 131; ISBN: 978-3-86356-357-8; 183 Seiten, \u20ac[D]16,50 &nbsp; &nbsp; &nbsp; &nbsp; &nbsp; Der Band umfasst vier Erz\u00e4hlungen. \u00bbEnde einer Pandemie\u00ab handelt vom tr\u00fcgerischen Ende der mit entsprechenden &hellip; <a class=\"more-link\" href=\"https:\/\/wp.pop-verlag.com\/?p=6152\">Weiterlesen <span class=\"meta-nav\">&rarr;<\/span><\/a><\/p>\n","protected":false},"author":2,"featured_media":0,"comment_status":"closed","ping_status":"closed","sticky":false,"template":"","format":"standard","meta":{"_jetpack_memberships_contains_paid_content":false,"footnotes":""},"categories":[527,21,20,9,1],"tags":[349,409,567,352,350,354,348,239,353,564,360,568,361,570,565,346,569,355,347,566,271,244,351,245,358,345,303,359,357,356],"class_list":["post-6152","post","type-post","status-publish","format-standard","hentry","category-e-erscheinungsjahr-2022","category-deutsch-rumaenische-literatur","category-deutsche-literatur","category-pop-epik","category-uncategorized","tag-aktionsgruppe-banat","tag-anton-sterbling","tag-aussiedlerfamilie","tag-banater-republik","tag-banater-schwaben","tag-baraganverschleppung","tag-berner-zeitung","tag-ceausescu","tag-deportation","tag-erfahrungen","tag-exil","tag-freiheit","tag-gefaengnis","tag-grenzfahrt","tag-heimsuchungen","tag-herta-mueller","tag-liebesgluecks","tag-militaerdienst","tag-osteuropa","tag-politischen-aktivisten","tag-pop-verlag","tag-rumaenien","tag-rumaeniendeutsche-literatur","tag-securitate","tag-suedosteuropa","tag-timisoara","tag-traian-pop","tag-vergangenheit","tag-zweiten-weltkrieg","tag-zwischenkriegszeit"],"jetpack_sharing_enabled":true,"jetpack_featured_media_url":"","_links":{"self":[{"href":"https:\/\/wp.pop-verlag.com\/index.php?rest_route=\/wp\/v2\/posts\/6152","targetHints":{"allow":["GET"]}}],"collection":[{"href":"https:\/\/wp.pop-verlag.com\/index.php?rest_route=\/wp\/v2\/posts"}],"about":[{"href":"https:\/\/wp.pop-verlag.com\/index.php?rest_route=\/wp\/v2\/types\/post"}],"author":[{"embeddable":true,"href":"https:\/\/wp.pop-verlag.com\/index.php?rest_route=\/wp\/v2\/users\/2"}],"replies":[{"embeddable":true,"href":"https:\/\/wp.pop-verlag.com\/index.php?rest_route=%2Fwp%2Fv2%2Fcomments&post=6152"}],"version-history":[{"count":10,"href":"https:\/\/wp.pop-verlag.com\/index.php?rest_route=\/wp\/v2\/posts\/6152\/revisions"}],"predecessor-version":[{"id":6172,"href":"https:\/\/wp.pop-verlag.com\/index.php?rest_route=\/wp\/v2\/posts\/6152\/revisions\/6172"}],"wp:attachment":[{"href":"https:\/\/wp.pop-verlag.com\/index.php?rest_route=%2Fwp%2Fv2%2Fmedia&parent=6152"}],"wp:term":[{"taxonomy":"category","embeddable":true,"href":"https:\/\/wp.pop-verlag.com\/index.php?rest_route=%2Fwp%2Fv2%2Fcategories&post=6152"},{"taxonomy":"post_tag","embeddable":true,"href":"https:\/\/wp.pop-verlag.com\/index.php?rest_route=%2Fwp%2Fv2%2Ftags&post=6152"}],"curies":[{"name":"wp","href":"https:\/\/api.w.org\/{rel}","templated":true}]}}