{"id":6137,"date":"2022-02-25T06:43:17","date_gmt":"2022-02-25T06:43:17","guid":{"rendered":"https:\/\/wp.pop-verlag.com\/?p=6137"},"modified":"2022-02-25T07:13:04","modified_gmt":"2022-02-25T07:13:04","slug":"horst-samson-der-tod-ist-noch-am-leben","status":"publish","type":"post","link":"https:\/\/wp.pop-verlag.com\/?p=6137","title":{"rendered":"Horst Samson: Der Tod ist noch am Leben"},"content":{"rendered":"<p><img loading=\"lazy\" decoding=\"async\" class=\"alignleft size-medium wp-image-6138\" src=\"https:\/\/wp.pop-verlag.com\/wp-content\/uploads\/2022\/02\/978-3-86356-355-4_BuB-191x300.jpg\" alt=\"\" width=\"191\" height=\"300\" srcset=\"https:\/\/wp.pop-verlag.com\/wp-content\/uploads\/2022\/02\/978-3-86356-355-4_BuB-191x300.jpg 191w, https:\/\/wp.pop-verlag.com\/wp-content\/uploads\/2022\/02\/978-3-86356-355-4_BuB-768x1206.jpg 768w, https:\/\/wp.pop-verlag.com\/wp-content\/uploads\/2022\/02\/978-3-86356-355-4_BuB-652x1024.jpg 652w, https:\/\/wp.pop-verlag.com\/wp-content\/uploads\/2022\/02\/978-3-86356-355-4_BuB.jpg 1654w\" sizes=\"auto, (max-width: 191px) 100vw, 191px\" \/> <strong><a href=\"http:\/\/wp.pop-verlag.com\/?page_id=734\">Horst Samson<\/a><\/strong>: <a href=\"https:\/\/wp.pop-verlag.com\/?p=6137\">Der Tod ist noch am Leben<\/a>. Gedichte. Mit 23 Zeichnungen von <a href=\"https:\/\/wp.pop-verlag.com\/?page_id=6140\">Gert Fabritius<\/a>. Lyrikreihe Bd. 174; ISBN 978-3-86356-355-4; 196 Seiten, \u20ac[D]23,00<\/p>\n<p>\u201eEs ist alles l\u00e4cherlich, wenn man an den Tod denkt\u201c, schrieb Thomas Bernhard. Der Tod geht seinen Weg. Er wei\u00df, was er tut. Sein Handwerk wurde ihm in die Wiege gelegt, eine Begabung. Oft spielt der Tod mit dem Leben. Er ist ein Herumtreiber, ein Flaneur. Manche halten ihn f\u00fcr einen Blender, aber er ist ein Meister. Sein Ged\u00e4chtnis ist fabelhaft, er vergisst keinen. Der Tod hat eine gespaltene Pers\u00f6nlichkeit, tritt oft an mehreren Orten gleichzeitig auf. Pl\u00f6tzlich zeigt er im Nachtclub seine K\u00fcnste, auch im Licht der Sonne ist niemand vor ihm sicher. Und manche m\u00fcssen erst gar nicht mehr das Bett verlassen. Er ist nicht w\u00e4hlerisch. Es gibt gr\u00f6\u00dfere Schrecken als den Tod. Der arbeitet pr\u00e4zise. Er flunkert nicht, er st\u00fcmpert nicht. Nur das Leben qu\u00e4lt. Der Tod ist der Frieden selber. Heimatlos in der Tr\u00e4ne sehen wir dem Tod bei der Arbeit zu. Er lehrt uns das Verflie\u00dfen, den Zerfall, das Vergehen. Das Leben, sagt er, hat keine Chance, es ist ein langsames, aber sicheres Sterben. Der Tod ist sein eigenes Geheimnis. Gegen die Kraft der Poesie aber ist er machtlos.<br \/>\n<em>Horst Samson<\/em><\/p>\n<p><span class=\"readonlyText multiple\">Lieferbare Titel von<\/span> <strong><a href=\"http:\/\/wp.pop-verlag.com\/?page_id=734\">Horst Samson<\/a><\/strong>:<\/p>\n<ul>\n<li><strong>\u201e<a href=\"http:\/\/wp.pop-verlag.com\/?p=134\" target=\"_blank\" rel=\"noopener\">Und wenn du willst, vergiss<\/a>\u201c<\/strong> , 2010, Gedichte. Pop Lyrik. 126 Seiten, 14,90 \u20ac<br \/>\nISBN 978-3-937139-92-0<\/li>\n<li><strong>\u201e<a href=\"http:\/\/wp.pop-verlag.com\/?p=164\" target=\"_blank\" rel=\"noopener\">Kein Schweigen bleibt ungeh\u00f6rt<\/a>\u201c<\/strong>, 2013, Gedichte. Pop Lyrik. 161 Seiten, 14,99 \u20ac<br \/>\nISBN 978-3-86356-055-3<\/li>\n<li>\u201e<a href=\"http:\/\/wp.pop-verlag.com\/?p=941\" target=\"_blank\" rel=\"noopener\">Heimat \u2013 gerettete Zunge. Visionen und Fiktionen deutschsprachiger Autoren aus Rum\u00e4nien<\/a>\u201c, 2013,\u00a0Eine literarische Begegnung. Mit einem Vorwort von Prof. Dr. Wolfgang Schlott. <strong><a href=\"http:\/\/wp.pop-verlag.com\/?page_id=734\">Horst Samson<\/a> (Hrsg.), <span class=\"readonlyText\">Ingmar Brantsch,<\/span><span class=\"readonlyText\">Hans Bergel, Walter <\/span><span class=\"readonlyText\">Engel,Ilse <\/span><span class=\"readonlyText\">Hehn, Franz <\/span><span class=\"readonlyText\">Heinz, Klaus <\/span><span class=\"readonlyText\">Hensel, Franz <\/span><span class=\"readonlyText\">Hodjak, Johann <\/span><span class=\"readonlyText\">Lippet, <\/span><label class=\"control-label\"><\/label><span class=\"readonlyText\">Dieter Schlesak, Olivia <\/span><span class=\"readonlyText\">Spiridon, <\/span><span class=\"readonlyText\">Horst Samson, <\/span><span class=\"readonlyText\">Peter Motzan, <\/span><span class=\"readonlyText\">Gerhard Ortinau,\u00a0<\/span><span class=\"readonlyText\">Friedrich Schuller, <\/span><span class=\"readonlyText\">Hellmut Seiler, Balthasar <\/span><span class=\"readonlyText\">Waitz<\/span><\/strong>:<strong>\u00a0<\/strong> Heimat \u2013 gerettete Zunge. Visionen und Fiktionen deutschsprachiger Autoren aus Rum\u00e4nien.\u00a0 (UNIVERSITAS Sammlung) 373 S. ISBN:\u00a0 978-3-86356-051-5, \u20ac [D] 25,\u2013 \u20ac [AT] 25,\u2013 SFr [CH] 35,-<\/li>\n<li><strong>\u201e<a href=\"http:\/\/wp.pop-verlag.com\/?p=564\" target=\"_blank\" rel=\"noopener\">Das Imagin\u00e4re und unsere Anwesenheit darin<\/a>\u201c<\/strong>. Gedichte. Pop Lyrik. 179 Seiten, 17,80 \u20ac<br \/>\nISBN 978-3-86356-097-3<\/li>\n<li><strong>Horst Samson<\/strong> <strong>&amp; <a href=\"http:\/\/wp.pop-verlag.com\/?page_id=2593\">Anton Sterbling<\/a><\/strong> (Hrsg.):<a href=\"http:\/\/wp.pop-verlag.com\/?p=2670\"><strong> \u201eDie Sprache, die auf das Nichts folgt, die kennen wir nicht. S\u00e4tze und Texte f\u00fcr Richard Wagner.\u201c<\/strong> <\/a>Mit Grafiken und Malereien von Walter Andreas Kirchner. Fragmentarium Reihe. 320 Seiten,\u00a0ISBN: 978-3-86356-174-1,\u00a0 \u20ac[D] 23,00<\/li>\n<li><a href=\"https:\/\/wp.pop-verlag.com\/?page_id=734\"><strong>Horst Samson<\/strong><\/a>: <a href=\"https:\/\/wp.pop-verlag.com\/?p=3580\"><strong>Heimat als Versuchung \u2013 Das nackte Leben<\/strong>.<\/a> Literarisches Lesebuch \u2013<br \/>\nGedichte, Prosa, Literaturkritiken, Interviews. Reihe Lesezeichen Band 4. ISBN: 978-3-86356-196-3, 486 Seiten, 24,50\u20ac<\/li>\n<li><a href=\"http:\/\/wp.pop-verlag.com\/?page_id=2593\"><strong>\u00a0Anton Sterbling<\/strong><\/a>:<strong><a href=\"https:\/\/wp.pop-verlag.com\/?p=4009\">\u00dcber deutsche Dichter, Schriftsteller und Intellektuelle aus Rum\u00e4nien<\/a>. <\/strong>Autorenportraits, Essays und Rezensionen.<a href=\"https:\/\/wp.pop-verlag.com\/?p=2670\">Richard Wagner<\/a>, Herta M\u00fcller, Paul Schuster, <a href=\"https:\/\/wp.pop-verlag.com\/?page_id=742\">Johann Lippet<\/a>, <a href=\"https:\/\/wp.pop-verlag.com\/?page_id=964\">Hellmut Seiler<\/a>, <a href=\"https:\/\/wp.pop-verlag.com\/?page_id=734\">Horst Samson<\/a>, Ilse Hehn,\u00a0Werner Kremm.Pop Universitas, Bd. 14, ISBN 978-3-86356-251-9, 216 Seiten, \u20ac[D]16,50<\/li>\n<li><strong><a href=\"https:\/\/wp.pop-verlag.com\/?page_id=734\">Horst Samson<\/a><\/strong>: <a href=\"https:\/\/wp.pop-verlag.com\/?p=4143\"><strong>Heimat als Versuchung \u2013 Das nackte Leben<\/strong>.<\/a> 2. erweiterte Auflage. Literarisches Lesebuch \u2013 Gedichte, Prosa, Literaturkritiken, Interviews. Reihe Lesezeichen Band 4. ISBN: 978-3-86356-263-2, 532 Seiten, 25,90\u20ac<\/li>\n<li><a href=\"https:\/\/wp.pop-verlag.com\/?p=4596\"><strong>Das Meer im Rausch.<\/strong> <\/a>Gedichte und Bilder. Lyrikreihe Bd. 140; ISBN 978-3-86356-285-4; 175 Seiten, \u20ac[D]19,90<\/li>\n<li><strong><a href=\"https:\/\/wp.pop-verlag.com\/?p=5884\">In der Sprache brennt noch Licht<\/a>.<\/strong> Gedichter. Lyrikreihe Bd. 165; ISBN 978-3-86356-337-0; 195 Seiten, \u20ac[D]19,90<\/li>\n<li><strong><a href=\"https:\/\/wp.pop-verlag.com\/?p=6137\">Der Tod ist noch am Leben<\/a><\/strong>. Gedichte. Mit 23 Zeichnungen von <a href=\"https:\/\/wp.pop-verlag.com\/?page_id=6140\">Gert Fabritius<\/a>. Lyrikreihe Bd. 174; ISBN 978-3-86356-355-4; 196 Seiten, \u20ac[D]23,00<\/li>\n<\/ul>\n","protected":false},"excerpt":{"rendered":"<p>Horst Samson: Der Tod ist noch am Leben. Gedichte. Mit 23 Zeichnungen von Gert Fabritius. Lyrikreihe Bd. 174; ISBN 978-3-86356-355-4; 196 Seiten, \u20ac[D]23,00 \u201eEs ist alles l\u00e4cherlich, wenn man an den Tod denkt\u201c, schrieb Thomas Bernhard. Der Tod geht seinen &hellip; <a class=\"more-link\" href=\"https:\/\/wp.pop-verlag.com\/?p=6137\">Weiterlesen <span class=\"meta-nav\">&rarr;<\/span><\/a><\/p>\n","protected":false},"author":2,"featured_media":0,"comment_status":"closed","ping_status":"closed","sticky":false,"template":"","format":"standard","meta":{"_jetpack_memberships_contains_paid_content":false,"footnotes":""},"categories":[527,21,20,23,8],"tags":[349,435,214,560,239,554,405,556,555,346,553,552,347,271,213,244,245,247,561,562,345,563],"class_list":["post-6137","post","type-post","status-publish","format-standard","hentry","category-e-erscheinungsjahr-2022","category-deutsch-rumaenische-literatur","category-deutsche-literatur","category-ost-suedosteuropaeische-literatur","category-pop-lyrik","tag-aktionsgruppe-banat","tag-auswanderung","tag-banat","tag-baragan","tag-ceausescu","tag-dacia","tag-deportationen","tag-frankfurt","tag-hanau","tag-herta-mueller","tag-kriterion","tag-neuer-weg","tag-osteuropa","tag-pop-verlag","tag-richard-wagner","tag-rumaenien","tag-securitate","tag-siebenbuergen","tag-ss","tag-teremia","tag-timisoara","tag-traian-pop-rumaenien"],"jetpack_sharing_enabled":true,"jetpack_featured_media_url":"","_links":{"self":[{"href":"https:\/\/wp.pop-verlag.com\/index.php?rest_route=\/wp\/v2\/posts\/6137","targetHints":{"allow":["GET"]}}],"collection":[{"href":"https:\/\/wp.pop-verlag.com\/index.php?rest_route=\/wp\/v2\/posts"}],"about":[{"href":"https:\/\/wp.pop-verlag.com\/index.php?rest_route=\/wp\/v2\/types\/post"}],"author":[{"embeddable":true,"href":"https:\/\/wp.pop-verlag.com\/index.php?rest_route=\/wp\/v2\/users\/2"}],"replies":[{"embeddable":true,"href":"https:\/\/wp.pop-verlag.com\/index.php?rest_route=%2Fwp%2Fv2%2Fcomments&post=6137"}],"version-history":[{"count":3,"href":"https:\/\/wp.pop-verlag.com\/index.php?rest_route=\/wp\/v2\/posts\/6137\/revisions"}],"predecessor-version":[{"id":6143,"href":"https:\/\/wp.pop-verlag.com\/index.php?rest_route=\/wp\/v2\/posts\/6137\/revisions\/6143"}],"wp:attachment":[{"href":"https:\/\/wp.pop-verlag.com\/index.php?rest_route=%2Fwp%2Fv2%2Fmedia&parent=6137"}],"wp:term":[{"taxonomy":"category","embeddable":true,"href":"https:\/\/wp.pop-verlag.com\/index.php?rest_route=%2Fwp%2Fv2%2Fcategories&post=6137"},{"taxonomy":"post_tag","embeddable":true,"href":"https:\/\/wp.pop-verlag.com\/index.php?rest_route=%2Fwp%2Fv2%2Ftags&post=6137"}],"curies":[{"name":"wp","href":"https:\/\/api.w.org\/{rel}","templated":true}]}}