{"id":5961,"date":"2021-09-15T06:53:07","date_gmt":"2021-09-15T06:53:07","guid":{"rendered":"https:\/\/wp.pop-verlag.com\/?p=5961"},"modified":"2021-10-01T14:58:03","modified_gmt":"2021-10-01T14:58:03","slug":"irena-habalik-male-dein-schweigen","status":"publish","type":"post","link":"https:\/\/wp.pop-verlag.com\/?p=5961","title":{"rendered":"Irena Habalik: Male dein Schweigen"},"content":{"rendered":"<p><img loading=\"lazy\" decoding=\"async\" class=\"alignleft size-medium wp-image-5977\" src=\"https:\/\/wp.pop-verlag.com\/wp-content\/uploads\/2021\/09\/978-3-86356-325-7_A_BuB-191x300.jpg\" alt=\"\" width=\"191\" height=\"300\" srcset=\"https:\/\/wp.pop-verlag.com\/wp-content\/uploads\/2021\/09\/978-3-86356-325-7_A_BuB-191x300.jpg 191w, https:\/\/wp.pop-verlag.com\/wp-content\/uploads\/2021\/09\/978-3-86356-325-7_A_BuB-768x1206.jpg 768w, https:\/\/wp.pop-verlag.com\/wp-content\/uploads\/2021\/09\/978-3-86356-325-7_A_BuB-652x1024.jpg 652w, https:\/\/wp.pop-verlag.com\/wp-content\/uploads\/2021\/09\/978-3-86356-325-7_A_BuB.jpg 1654w\" sizes=\"auto, (max-width: 191px) 100vw, 191px\" \/><strong><a href=\"https:\/\/wp.pop-verlag.com\/?page_id=5979\">Irena Habalik<\/a>: <a href=\"https:\/\/wp.pop-verlag.com\/?p=5961\">Male dein Schweigen<\/a><\/strong><\/p>\n<p>Reihe Lyrik, Band 156, 130 Seiten, ISBN 978-3-86356-325-7, \u20ac [D]16,50<\/p>\n<p><span class=\"readonlyText multiple\">Lieferbare Titel von <a href=\"https:\/\/wp.pop-verlag.com\/?page_id=5979\"><strong>Irena Habalik<\/strong><\/a>:<br \/>\n<\/span><\/p>\n<p>&#8211; <a href=\"https:\/\/wp.pop-verlag.com\/?p=5961\"><strong>Male dein Schweigen<\/strong><\/a>. Reihe Lyrik Band 156, 130 Seiten, ISBN 978-3-86356-325-7, \u20ac [D]16,50<\/p>\n<p>Es ist klar, dass hier neue poetologische Aspekte zur Darstellung gelangen. Viele Texte wirken grotesk, surreal, verspielt, humoristisch oder ironisch, auch aphoristisch, mit auf den Kopf gestellten Sprichw\u00f6rtern garniert. Die pers\u00f6nlichen und gesellschaftlichen Widerspr\u00fcche und Schw\u00e4chen, die in verschiedenen Varianten in diesen Gedichten zum Vorschein kommen, verdeutlichen auch den destabilisierenden Zustand der Gegenwart mit seinen gesellschaftlichen und politischen Unordnungen. Die Gedichte von Irena Habalik sind eigentlich auch allegorische Bilder, die Entfremdung von Mensch und Sein zu verdeutlichen versuchen. Es ist leider noch nicht \u201ealler Tage Engel\u201c, wie in einem Gedicht zu lesen ist.<\/p>\n","protected":false},"excerpt":{"rendered":"<p>Irena Habalik: Male dein Schweigen Reihe Lyrik, Band 156, 130 Seiten, ISBN 978-3-86356-325-7, \u20ac [D]16,50 Lieferbare Titel von Irena Habalik: &#8211; Male dein Schweigen. Reihe Lyrik Band 156, 130 Seiten, ISBN 978-3-86356-325-7, \u20ac [D]16,50 Es ist klar, dass hier neue &hellip; <a class=\"more-link\" href=\"https:\/\/wp.pop-verlag.com\/?p=5961\">Weiterlesen <span class=\"meta-nav\">&rarr;<\/span><\/a><\/p>\n","protected":false},"author":2,"featured_media":0,"comment_status":"closed","ping_status":"closed","sticky":false,"template":"","format":"standard","meta":{"_jetpack_memberships_contains_paid_content":false,"footnotes":""},"categories":[248,8,1],"tags":[458,459,420,419,461,453,454,457,347,418,452,271,417,455,456,451,460,462],"class_list":["post-5961","post","type-post","status-publish","format-standard","hentry","category-e-erscheinungsjahr-2021","category-pop-lyrik","category-uncategorized","tag-aphoristisch","tag-auf-den-kopf-gestellten-sprichwoertern","tag-corona","tag-covid-19","tag-entfremdung-von-mensch-und-sein","tag-gegensaetze-und-irritationen","tag-grotesk","tag-humoristisch-oder-ironisch","tag-osteuropa","tag-pandemie","tag-polen","tag-pop-verlag","tag-schutzmaske","tag-surreal","tag-verspielt","tag-wien","tag-zustand-der-gegenwart-gesellschaftlichen-und-politischen-unordnungen","tag-aller-tage-engel"],"jetpack_sharing_enabled":true,"jetpack_featured_media_url":"","_links":{"self":[{"href":"https:\/\/wp.pop-verlag.com\/index.php?rest_route=\/wp\/v2\/posts\/5961","targetHints":{"allow":["GET"]}}],"collection":[{"href":"https:\/\/wp.pop-verlag.com\/index.php?rest_route=\/wp\/v2\/posts"}],"about":[{"href":"https:\/\/wp.pop-verlag.com\/index.php?rest_route=\/wp\/v2\/types\/post"}],"author":[{"embeddable":true,"href":"https:\/\/wp.pop-verlag.com\/index.php?rest_route=\/wp\/v2\/users\/2"}],"replies":[{"embeddable":true,"href":"https:\/\/wp.pop-verlag.com\/index.php?rest_route=%2Fwp%2Fv2%2Fcomments&post=5961"}],"version-history":[{"count":4,"href":"https:\/\/wp.pop-verlag.com\/index.php?rest_route=\/wp\/v2\/posts\/5961\/revisions"}],"predecessor-version":[{"id":5983,"href":"https:\/\/wp.pop-verlag.com\/index.php?rest_route=\/wp\/v2\/posts\/5961\/revisions\/5983"}],"wp:attachment":[{"href":"https:\/\/wp.pop-verlag.com\/index.php?rest_route=%2Fwp%2Fv2%2Fmedia&parent=5961"}],"wp:term":[{"taxonomy":"category","embeddable":true,"href":"https:\/\/wp.pop-verlag.com\/index.php?rest_route=%2Fwp%2Fv2%2Fcategories&post=5961"},{"taxonomy":"post_tag","embeddable":true,"href":"https:\/\/wp.pop-verlag.com\/index.php?rest_route=%2Fwp%2Fv2%2Ftags&post=5961"}],"curies":[{"name":"wp","href":"https:\/\/api.w.org\/{rel}","templated":true}]}}