{"id":5873,"date":"2021-08-12T03:56:57","date_gmt":"2021-08-12T03:56:57","guid":{"rendered":"https:\/\/wp.pop-verlag.com\/?p=5873"},"modified":"2021-08-15T14:26:36","modified_gmt":"2021-08-15T14:26:36","slug":"dagmar-dusil-ioana-ieronim-beleuchtete-busse-in-denen-keiner-sass-si-trec-autobuze-goale","status":"publish","type":"post","link":"https:\/\/wp.pop-verlag.com\/?p=5873","title":{"rendered":"Dagmar Dusil \/ Ioana Ieronim: Beleuchtete Busse in denen keiner sa\u00df \/ \u015ei trec autobuze goale"},"content":{"rendered":"<p><strong><a href=\"https:\/\/wp.pop-verlag.com\/?3d-flip-book=bub_978-3-86356-339-4\"><img loading=\"lazy\" decoding=\"async\" class=\"alignleft size-medium wp-image-5874\" src=\"https:\/\/wp.pop-verlag.com\/wp-content\/uploads\/2021\/08\/978-3-86356-339-4_A_BuB-191x300.jpg\" alt=\"\" width=\"191\" height=\"300\" srcset=\"https:\/\/wp.pop-verlag.com\/wp-content\/uploads\/2021\/08\/978-3-86356-339-4_A_BuB-191x300.jpg 191w, https:\/\/wp.pop-verlag.com\/wp-content\/uploads\/2021\/08\/978-3-86356-339-4_A_BuB-768x1206.jpg 768w, https:\/\/wp.pop-verlag.com\/wp-content\/uploads\/2021\/08\/978-3-86356-339-4_A_BuB-652x1024.jpg 652w, https:\/\/wp.pop-verlag.com\/wp-content\/uploads\/2021\/08\/978-3-86356-339-4_A_BuB.jpg 1654w\" sizes=\"auto, (max-width: 191px) 100vw, 191px\" \/><\/a><img loading=\"lazy\" decoding=\"async\" class=\"alignleft size-medium wp-image-5881\" src=\"https:\/\/wp.pop-verlag.com\/wp-content\/uploads\/2021\/08\/978-3-86356-339-4_B-205x300.jpg\" alt=\"\" width=\"205\" height=\"300\" srcset=\"https:\/\/wp.pop-verlag.com\/wp-content\/uploads\/2021\/08\/978-3-86356-339-4_B-205x300.jpg 205w, https:\/\/wp.pop-verlag.com\/wp-content\/uploads\/2021\/08\/978-3-86356-339-4_B-768x1124.jpg 768w, https:\/\/wp.pop-verlag.com\/wp-content\/uploads\/2021\/08\/978-3-86356-339-4_B-700x1024.jpg 700w, https:\/\/wp.pop-verlag.com\/wp-content\/uploads\/2021\/08\/978-3-86356-339-4_B.jpg 1654w\" sizes=\"auto, (max-width: 205px) 100vw, 205px\" \/><a href=\"https:\/\/wp.pop-verlag.com\/?page_id=2997\">Dagmar Dusil<\/a><\/strong> \/<a href=\"https:\/\/wp.pop-verlag.com\/?page_id=5864\"><strong> Ioana Ieronim<\/strong><\/a>:\u00a0<a href=\"https:\/\/wp.pop-verlag.com\/?p=5873\"><strong>Beleuchtete Busse in denen keiner sa\u00df \/ \u015ei trec autobuze goale.<\/strong><\/a> Gedichte. Illustration:\u00a0 . Nachwort von <a href=\"https:\/\/wp.pop-verlag.com\/?page_id=3027\"><strong>Emil Hurezeanu<\/strong><\/a>. Reihe Lyrik Bd. 164, 124 Seiten,\u00a0 ISBN 978-3-86356-339-4; \u20ac[D]19,90<\/p>\n<p>F\u00fcr die rum\u00e4nische \u00dcbersetzung der Gedichte Dagmar Dusils zeichnet Ioana Ieronim, deren Gedichte aus dem Rum\u00e4nischen von Dagmar Dusil ins Deutsch \u00fcbertragen wurden. Der Ferndialog, der w\u00e4hrend der Zeit der Pandemie zwischen Bamberg und Washington D.C. stattgefunden hat, beinhaltete nicht nur den Austausch der Gedichte sondern auch eine intensive und fruchtbare Zusammenarbeit w\u00e4hrend der \u00dcbersetzungsphase.<\/p>\n<p>Dies ist in tieferem Sinn nicht blo\u00df ein zweisprachiger Gedichtband. Zwei Dichterinnen, Dagmar Dusil und Ioana Ieronim und dann von neuem Ioana Ieronim und Dagmar Dusil, wechseln, einander erg\u00e4n- zend, mit ihrer menschlichen und poetische Sprache ab, rebellieren gemeinsam und jede f\u00fcr sich in ihrem eigenen linguistischen und metaphorischen Original, aber auch in dessen Spiegelbild in der \u00dcbersetzung, in einem Tandem kr\u00e4ftiger und verbl\u00fcffender Z\u00e4rtlichkeit, Melancholie, Wut. Ihre Poesie stellt sich dem Tod, der diesmal, wie in einem Gedicht von Dagmar Dusil, eine Krone tr\u00e4gt.<br \/>\nIoana Ieronim lebt in Rum\u00e4nien, aber auch in den USA.<br \/>\n(&#8230;)<br \/>\nDagmar Dusil ist eine unverwechselbare Schriftstellerin. Ge- boren in Hermannstadt, ist sie Deutsche und in Rum\u00e4nien aufgewachsen, wo sie ihre poetische Sensibilit\u00e4t kultiviert hat. Bei der Umsiedlung nach Deutschland ging sie in die eigene Topografie der deutschen Kultur und Sprache \u00fcber. Sie kehrt immer wieder aus Bamberg nach und zu Her- mannstadt zur\u00fcck durch B\u00fccher poetischer Erinnerungen, ganz gleich, ob sie \u00fcber Stra\u00dfen, Pl\u00e4tze, Fenster oder st\u00e4dtische Gesellig- keit schreibt: Restaurants, Aromen, D\u00fcfte, fr\u00fchere und aktuelle Namen der Stra\u00dfen.<br \/>\n(&#8230;)<\/p>\n<p>Hier pr\u00e4sentieren sich zwei befreundete Dichterinnen, lyrisch und kulturell blutsverwandt, kongenial in der sorgf\u00e4ltig geteilten Empathie durch die \u00dcbersetzung der anderen sowie in einer Art metaphorischer Panik, die gut beherrscht und fast w\u00fcrdig daherkommt inmitten einer bedrohlichen und vergebenden Welt. Noch. Zumindest bis jeden- falls und zum Gl\u00fcck dieser wunderbare Gedichtband erschienen ist.<\/p>\n<p>Hinzu gesellen sich die Schwarz-Wei\u00df-Zeichnungen von Gerhild W\u00e4chter, die an die Kriegsgrafik von Picasso erinnern. Pr\u00e4zise ausgef\u00fchrt, setzen sie sich eher selbst als den sie umgebenden Gedichten einen robusten und notwendigen Kontrapunkt.<br \/>\nMeine \u00e4lteren oder neueren Freundinnen, denen ich mal n\u00e4her stand, mal von ihnen mitleidlos getrennt war durch Jahre, Orte, unsere B\u00fccher und B\u00fccher anderer, kehren jetzt gemeinsam zur\u00fcck und umarmen unsere Erinnerungen, das fr\u00fchere, aber auch das neue, unbekannte Leid. Ein sicherer und Wunder wirkender Impfstoff.<br \/>\n<em>Emil Hurezeanu<\/em><\/p>\n<p>Lieferbare Titel von <strong><a href=\"https:\/\/wp.pop-verlag.com\/?page_id=2997\">Dagmar Dusil<\/a><\/strong><\/p>\n<ul>\n<li><strong><a href=\"http:\/\/wp.pop-verlag.com\/?page_id=2988\">R. G. Waldeck<\/a>: Ath\u00e9n\u00e9e Palace. <a href=\"http:\/\/wp.pop-verlag.com\/?p=2984\">Hitlers \u201eNeue Ordnung\u201c kommt nach Rum\u00e4nien<\/a><br \/>\n<\/strong>Mit einem Nachwort des amerikanischen Diplomaten, Historikers und versierten Rum\u00e4nien Kenners Ernest H. Latham, Jr.Aus dem Amerikanischen von <strong><a href=\"http:\/\/wp.pop-verlag.com\/?page_id=2997\">Dagmar Dusil<\/a> <\/strong> und Dr. <a href=\"http:\/\/wp.pop-verlag.com\/?page_id=3001\"><strong>Gerlinde Roth<\/strong><\/a>. Pop Epik. ISBN: 978-3-86356-218-2, 472 Seiten, \u20ac[D]24,50<\/li>\n<li><a href=\"https:\/\/wp.pop-verlag.com\/?p=4026\"><strong>Auf leisen Sohlen. Ann\u00e4herungen an Katzendorf<\/strong><\/a>. Die POP-Verlag-Fragmentariumreihe, Bd. 10. ISBN: 978-3-86356-262-5, 286 Seiten, \u20ac[D]18,50<\/li>\n<li><a href=\"https:\/\/wp.pop-verlag.com\/?p=4285\">\u00a0<strong>Looking Back Through the Kitchen Window<\/strong><\/a>. Die POP-Verlag-Fragmentariumreihe, Bd. 14. ISBN: 978-3-86356-279-3, 260 Seiten, \u20ac[D]16,50<\/li>\n<li><a href=\"https:\/\/wp.pop-verlag.com\/?p=4522\"><strong>So is(s)t Hermannstadt<\/strong>.<\/a> Die POP-Verlag-Fragmentariumreihe, Bd. 15. ISBN: 978-3-86356-282-3,186 Seiten, \u20ac[D]13,80<\/li>\n<li><strong><a href=\"https:\/\/wp.pop-verlag.com\/?page_id=2997\"> Dagmar Dusil<\/a><\/strong> \/<a href=\"https:\/\/wp.pop-verlag.com\/?page_id=5864\"><strong> Ioana Ieronim<\/strong><\/a>:\u00a0<strong><a href=\"https:\/\/wp.pop-verlag.com\/?p=5873\">Beleuchtete Busse in denen keiner sa\u00df \/ \u015ei trec autobuze goale<\/a>.<\/strong> Gedichte. Illustration: <a href=\"https:\/\/wp.pop-verlag.com\/?page_id=5869\"><strong>Gerhild W\u00e4chter<\/strong><\/a>. Nachwort von <a href=\"https:\/\/wp.pop-verlag.com\/?page_id=3027\"><strong>Emil Hurezeanu<\/strong><\/a>. Reihe Lyrik Bd. 164, 124 Seiten,\u00a0 ISBN 978-3-86356-339-4; \u20ac[D]19,90<\/li>\n<\/ul>\n<p>Lieferbare Titel von <a href=\"https:\/\/wp.pop-verlag.com\/?page_id=5864\"><strong>Ioana Ieronim<\/strong><\/a>:<\/p>\n<ul>\n<li><strong><a href=\"https:\/\/wp.pop-verlag.com\/?page_id=2997\">Dagmar Dusil<\/a><\/strong> \/<a href=\"https:\/\/wp.pop-verlag.com\/?page_id=5864\"><strong> Ioana Ieronim<\/strong><\/a>:\u00a0<strong><a href=\"https:\/\/wp.pop-verlag.com\/?p=5873\">Beleuchtete Busse in denen keiner sa\u00df \/ \u015ei trec autobuze goale<\/a>.<\/strong> Gedichte. Illustration: <a href=\"https:\/\/wp.pop-verlag.com\/?page_id=5869\"><strong>Gerhild W\u00e4chter<\/strong><\/a>. Nachwort von <a href=\"https:\/\/wp.pop-verlag.com\/?page_id=3027\"><strong>Emil Hurezeanu<\/strong><\/a>. Reihe Lyrik Bd. 164, 124 Seiten,\u00a0 ISBN 978-3-86356-339-4; \u20ac[D]19,9<\/li>\n<\/ul>\n<p>Lieferbare Titel von <a href=\"https:\/\/wp.pop-verlag.com\/?page_id=5869\"><strong>Gerhild W\u00e4chter:<\/strong><\/a><\/p>\n<ul>\n<li><strong><a href=\"https:\/\/wp.pop-verlag.com\/?page_id=2997\">Dagmar Dusil<\/a><\/strong> \/<a href=\"https:\/\/wp.pop-verlag.com\/?page_id=5864\"><strong> Ioana Ieronim<\/strong><\/a>:\u00a0<strong><a href=\"https:\/\/wp.pop-verlag.com\/?p=5873\">Beleuchtete Busse in denen keiner sa\u00df \/ \u015ei trec autobuze goale<\/a>.<\/strong> Gedichte. Illustration: <a href=\"https:\/\/wp.pop-verlag.com\/?page_id=5869\"><strong>Gerhild W\u00e4chter<\/strong><\/a>. Nachwort von <a href=\"https:\/\/wp.pop-verlag.com\/?page_id=3027\"><strong>Emil Hurezeanu<\/strong><\/a>. Reihe Lyrik Bd. 164, 124 Seiten,\u00a0 ISBN 978-3-86356-339-4; \u20ac[D]19,90<\/li>\n<\/ul>\n","protected":false},"excerpt":{"rendered":"<p>Dagmar Dusil \/ Ioana Ieronim:\u00a0Beleuchtete Busse in denen keiner sa\u00df \/ \u015ei trec autobuze goale. Gedichte. Illustration:\u00a0 . Nachwort von Emil Hurezeanu. Reihe Lyrik Bd. 164, 124 Seiten,\u00a0 ISBN 978-3-86356-339-4; \u20ac[D]19,90 F\u00fcr die rum\u00e4nische \u00dcbersetzung der Gedichte Dagmar Dusils zeichnet &hellip; <a class=\"more-link\" href=\"https:\/\/wp.pop-verlag.com\/?p=5873\">Weiterlesen <span class=\"meta-nav\">&rarr;<\/span><\/a><\/p>\n","protected":false},"author":2,"featured_media":0,"comment_status":"closed","ping_status":"closed","sticky":false,"template":"","format":"standard","meta":{"_jetpack_memberships_contains_paid_content":false,"footnotes":""},"categories":[248,21,23,22,8],"tags":[424,428,421,239,420,419,433,434,241,425,430,431,427,347,418,244,417,246,432,423,426,429],"class_list":["post-5873","post","type-post","status-publish","format-standard","hentry","category-e-erscheinungsjahr-2021","category-deutsch-rumaenische-literatur","category-ost-suedosteuropaeische-literatur","category-rumaenische-literatur","category-pop-lyrik","tag-bakterien","tag-bamberg","tag-bukarest","tag-ceausescu","tag-corona","tag-covid-19","tag-fulbright","tag-gedok","tag-hermannstadt","tag-insekten","tag-katzendorf","tag-kogge","tag-menschen","tag-osteuropa","tag-pandemie","tag-rumaenien","tag-schutzmaske","tag-sibiu","tag-usa","tag-viren","tag-voegel","tag-washington"],"jetpack_sharing_enabled":true,"jetpack_featured_media_url":"","_links":{"self":[{"href":"https:\/\/wp.pop-verlag.com\/index.php?rest_route=\/wp\/v2\/posts\/5873","targetHints":{"allow":["GET"]}}],"collection":[{"href":"https:\/\/wp.pop-verlag.com\/index.php?rest_route=\/wp\/v2\/posts"}],"about":[{"href":"https:\/\/wp.pop-verlag.com\/index.php?rest_route=\/wp\/v2\/types\/post"}],"author":[{"embeddable":true,"href":"https:\/\/wp.pop-verlag.com\/index.php?rest_route=\/wp\/v2\/users\/2"}],"replies":[{"embeddable":true,"href":"https:\/\/wp.pop-verlag.com\/index.php?rest_route=%2Fwp%2Fv2%2Fcomments&post=5873"}],"version-history":[{"count":10,"href":"https:\/\/wp.pop-verlag.com\/index.php?rest_route=\/wp\/v2\/posts\/5873\/revisions"}],"predecessor-version":[{"id":5916,"href":"https:\/\/wp.pop-verlag.com\/index.php?rest_route=\/wp\/v2\/posts\/5873\/revisions\/5916"}],"wp:attachment":[{"href":"https:\/\/wp.pop-verlag.com\/index.php?rest_route=%2Fwp%2Fv2%2Fmedia&parent=5873"}],"wp:term":[{"taxonomy":"category","embeddable":true,"href":"https:\/\/wp.pop-verlag.com\/index.php?rest_route=%2Fwp%2Fv2%2Fcategories&post=5873"},{"taxonomy":"post_tag","embeddable":true,"href":"https:\/\/wp.pop-verlag.com\/index.php?rest_route=%2Fwp%2Fv2%2Ftags&post=5873"}],"curies":[{"name":"wp","href":"https:\/\/api.w.org\/{rel}","templated":true}]}}