{"id":5857,"date":"2021-08-11T13:47:23","date_gmt":"2021-08-11T13:47:23","guid":{"rendered":"https:\/\/wp.pop-verlag.com\/?p=5857"},"modified":"2021-08-19T05:57:58","modified_gmt":"2021-08-19T05:57:58","slug":"adrian-sangeorzan-maskierte-welt","status":"publish","type":"post","link":"https:\/\/wp.pop-verlag.com\/?p=5857","title":{"rendered":"Adrian S\u00e2ngeorzan: Maskierte Welt"},"content":{"rendered":"<p><img loading=\"lazy\" decoding=\"async\" class=\"alignleft wp-image-5859 size-medium\" src=\"https:\/\/wp.pop-verlag.com\/wp-content\/uploads\/2021\/08\/978-3-86356-341-7_BuB-191x300.jpg\" alt=\"\" width=\"191\" height=\"300\" srcset=\"https:\/\/wp.pop-verlag.com\/wp-content\/uploads\/2021\/08\/978-3-86356-341-7_BuB-191x300.jpg 191w, https:\/\/wp.pop-verlag.com\/wp-content\/uploads\/2021\/08\/978-3-86356-341-7_BuB-768x1206.jpg 768w, https:\/\/wp.pop-verlag.com\/wp-content\/uploads\/2021\/08\/978-3-86356-341-7_BuB-652x1024.jpg 652w, https:\/\/wp.pop-verlag.com\/wp-content\/uploads\/2021\/08\/978-3-86356-341-7_BuB.jpg 1654w\" sizes=\"auto, (max-width: 191px) 100vw, 191px\" \/> <strong><a href=\"https:\/\/wp.pop-verlag.com\/?page_id=5851\">Adrian S\u00e2ngeorzan<\/a>: <a href=\"https:\/\/wp.pop-verlag.com\/?p=5857\">Maskierte Welt. <\/a><\/strong>Gedichte.\u00a0Aus dem Rum\u00e4nischen \u00fcbersetzt von <strong>Georg Aescht<\/strong>. Illustration: Sorin Bijan, Reihe Lyrik Bd. 159D, 95 Seiten,\u00a0 ISBN 978-3-86356-341-7; \u20ac[D]15,50<\/p>\n<p>Der Dichter kann lediglich aus seinen Versen verborgene Nester bauen, die nur jene entdecken, die nach Worten und nach keimenden Samenk\u00f6rnern suchen.<\/p>\n<p>(\u2026)<\/p>\n<p>An meinem Fenster f\u00e4hrt gerade ein Auto vor\u00fcber, in dem nur der Fahrer sitzt. Er tr\u00e4gt Maske und h\u00e4lt die Fenster geschlossen, obwohl die Fr\u00fchlingssonne w\u00e4rmt. Drau\u00dfen un- ter der Dachrinne desselben Hauses spielt sich etwas eigentlich weit Schrecklicheres ab. Ein riesenhafter Rabe hat den Augenblick genutzt und sich aus dem Nest eines Drosselpaares eines der nackten Jungen geschnappt, die mit aufgesperrten Schn\u00e4beln die F\u00fctterung erwarten. Der Rabe verschlingt es im Flug, w\u00e4hrend ihn der Singvogel, der mir die Brotkrumen fast aus der Hand frisst, besinnungslos angreift.<br \/>\nUm uns her, weit weg oder in der N\u00e4he, findet beinahe ununterbrochen ein unsichtbares Massaker statt.<br \/>\nViren, Bakterien, Insekten, V\u00f6gel, Menschen und unerf\u00fcllte Tr\u00e4ume werden st\u00e4ndig von den Raben der Gier und des Hungers geraubt und vertilgt.<\/p>\n<p>(\u2026)<\/p>\n<p>Ich glaube, wir werden noch lange Masken tragen, selbst wenn sie nicht mehr n\u00f6tig sind! Der Mas- kenzwang ist in Amerika vielerorts aufgehoben worden, aber die Leute laufen immer noch maskiert herum.<br \/>\nIch entsinne mich, wie sehr ich mich vor Jahren wunderte, wenn ich Menschen auf Flugh\u00e4fen oder ganze Reisegruppen mit Schutzmasken sah, welche die alten St\u00e4dte Europas oder die neuen Amerikas besichtigten.<br \/>\nAnfangs dachte ich, sie tr\u00fcgen sie wegen einer m\u00f6glichen Pollen- oder Pflanzenallergie oder als Schutz gegen den Staub einer allzu alten oder allzu neuen Geschichte. Die Masken erschienen eher wie ein Schutzschirm gegen die Umgebung. Nun sind wir soweit, dass wir sie alle tragen, als Teil einer Pflicht- uniform. Ich hatte mich daran gew\u00f6hnt, an Blicken und Stimmen Menschen zu erkennen, die aus einem anderen Territorium kamen. Jenem der Angst.<br \/>\nWenn wir nicht aufpassen, k\u00f6nnte die Maske zum Zubeh\u00f6r unserer Alltagskleidung werden. Zur Klei- dungsroutine wie die Krawatte f\u00fcr M\u00e4nner oder hochhackige Schuhe f\u00fcr Frauen.<\/p>\n<p>Adrian S\u00e2ngeorzan<\/p>\n<p>Lieferbare Titel von <strong><a href=\"https:\/\/wp.pop-verlag.com\/?page_id=5851\">Adrian S\u00e2ngeorzan<\/a><\/strong>:<\/p>\n<ul>\n<li><strong><a href=\"https:\/\/wp.pop-verlag.com\/?p=5842\">Maskierte Welt \/ Lume mascat\u0103.\u00a0<\/a><\/strong>Gedichte. (Dt.\/Rum.) Illustration: Sorin Bijan, Reihe Lyrik Bd. 159, 190 Seiten,<br \/>\nISBN 978-3-86356-327-1; \u20ac[D]17,50<\/li>\n<li><a href=\"https:\/\/wp.pop-verlag.com\/?p=5857\"><strong>Maskierte Welt. <\/strong><\/a>Gedichte. Illustration: Sorin Bijan, Reihe Lyrik Bd. 159D, 95 Seiten,\u00a0 ISBN 978-3-86356-341-7; \u20ac[D]15,50<\/li>\n<\/ul>\n","protected":false},"excerpt":{"rendered":"<p>Adrian S\u00e2ngeorzan: Maskierte Welt. Gedichte.\u00a0Aus dem Rum\u00e4nischen \u00fcbersetzt von Georg Aescht. Illustration: Sorin Bijan, Reihe Lyrik Bd. 159D, 95 Seiten,\u00a0 ISBN 978-3-86356-341-7; \u20ac[D]15,50 Der Dichter kann lediglich aus seinen Versen verborgene Nester bauen, die nur jene entdecken, die nach Worten &hellip; <a class=\"more-link\" href=\"https:\/\/wp.pop-verlag.com\/?p=5857\">Weiterlesen <span class=\"meta-nav\">&rarr;<\/span><\/a><\/p>\n","protected":false},"author":2,"featured_media":0,"comment_status":"closed","ping_status":"closed","sticky":false,"template":"","format":"standard","meta":{"_jetpack_memberships_contains_paid_content":false,"footnotes":""},"categories":[248,22,8],"tags":[424,421,239,420,419,425,427,422,347,418,244,417,423,426],"class_list":["post-5857","post","type-post","status-publish","format-standard","hentry","category-e-erscheinungsjahr-2021","category-rumaenische-literatur","category-pop-lyrik","tag-bakterien","tag-bukarest","tag-ceausescu","tag-corona","tag-covid-19","tag-insekten","tag-menschen","tag-new-york","tag-osteuropa","tag-pandemie","tag-rumaenien","tag-schutzmaske","tag-viren","tag-voegel"],"jetpack_sharing_enabled":true,"jetpack_featured_media_url":"","_links":{"self":[{"href":"https:\/\/wp.pop-verlag.com\/index.php?rest_route=\/wp\/v2\/posts\/5857","targetHints":{"allow":["GET"]}}],"collection":[{"href":"https:\/\/wp.pop-verlag.com\/index.php?rest_route=\/wp\/v2\/posts"}],"about":[{"href":"https:\/\/wp.pop-verlag.com\/index.php?rest_route=\/wp\/v2\/types\/post"}],"author":[{"embeddable":true,"href":"https:\/\/wp.pop-verlag.com\/index.php?rest_route=\/wp\/v2\/users\/2"}],"replies":[{"embeddable":true,"href":"https:\/\/wp.pop-verlag.com\/index.php?rest_route=%2Fwp%2Fv2%2Fcomments&post=5857"}],"version-history":[{"count":5,"href":"https:\/\/wp.pop-verlag.com\/index.php?rest_route=\/wp\/v2\/posts\/5857\/revisions"}],"predecessor-version":[{"id":5923,"href":"https:\/\/wp.pop-verlag.com\/index.php?rest_route=\/wp\/v2\/posts\/5857\/revisions\/5923"}],"wp:attachment":[{"href":"https:\/\/wp.pop-verlag.com\/index.php?rest_route=%2Fwp%2Fv2%2Fmedia&parent=5857"}],"wp:term":[{"taxonomy":"category","embeddable":true,"href":"https:\/\/wp.pop-verlag.com\/index.php?rest_route=%2Fwp%2Fv2%2Fcategories&post=5857"},{"taxonomy":"post_tag","embeddable":true,"href":"https:\/\/wp.pop-verlag.com\/index.php?rest_route=%2Fwp%2Fv2%2Ftags&post=5857"}],"curies":[{"name":"wp","href":"https:\/\/api.w.org\/{rel}","templated":true}]}}