{"id":5773,"date":"2021-06-09T03:10:17","date_gmt":"2021-06-09T03:10:17","guid":{"rendered":"https:\/\/wp.pop-verlag.com\/?p=5773"},"modified":"2022-03-21T08:21:25","modified_gmt":"2022-03-21T08:21:25","slug":"albert-bohn-und-anton-sterbling-hrsg-deportationen-literarische-blick%c2%adwinkel","status":"publish","type":"post","link":"https:\/\/wp.pop-verlag.com\/?p=5773","title":{"rendered":"Albert Bohn und Anton Sterbling (Hrsg.): Deportationen. Literarische Blick\u00adwinkel"},"content":{"rendered":"<p><strong><img loading=\"lazy\" decoding=\"async\" class=\"alignleft size-medium wp-image-5774\" src=\"https:\/\/wp.pop-verlag.com\/wp-content\/uploads\/2021\/06\/978-3-86356-333-2_A_BuB-191x300.jpg\" alt=\"\" width=\"191\" height=\"300\" srcset=\"https:\/\/wp.pop-verlag.com\/wp-content\/uploads\/2021\/06\/978-3-86356-333-2_A_BuB-191x300.jpg 191w, https:\/\/wp.pop-verlag.com\/wp-content\/uploads\/2021\/06\/978-3-86356-333-2_A_BuB-768x1206.jpg 768w, https:\/\/wp.pop-verlag.com\/wp-content\/uploads\/2021\/06\/978-3-86356-333-2_A_BuB-652x1024.jpg 652w, https:\/\/wp.pop-verlag.com\/wp-content\/uploads\/2021\/06\/978-3-86356-333-2_A_BuB.jpg 1654w\" sizes=\"auto, (max-width: 191px) 100vw, 191px\" \/>Albert Bohn und <a href=\"https:\/\/wp.pop-verlag.com\/?page_id=2593\" target=\"_blank\" rel=\"noopener\">Anton Sterbling<\/a> (Hrsg.)<\/strong>:<a href=\"https:\/\/wp.pop-verlag.com\/?p=5773\"> <strong>Deportationen<\/strong>. <strong>Literarische Blick\u00adwinkel<\/strong><\/a>. Reihe Fragmentarium Bd. 23, 277 S,.ISBN 978-3-86356-333-2, \u20ac[D]21,00.<\/p>\n<p>| <a href=\"https:\/\/wp.pop-verlag.com\/?page_id=5777\">Albert Bohn<\/a> | <a href=\"https:\/\/wp.pop-verlag.com\/?page_id=5782\">Rolf Bossert<\/a>| Helmuth Frauendorfer | <a href=\"https:\/\/wp.pop-verlag.com\/?page_id=579\" target=\"_blank\" rel=\"noopener\">Ilse Hehn<\/a> | <a href=\"https:\/\/wp.pop-verlag.com\/?page_id=742\" target=\"_blank\" rel=\"noopener\">Johann Lippet<\/a> | <a href=\"https:\/\/wp.pop-verlag.com\/?page_id=2088\" target=\"_blank\" rel=\"noopener\">Traian Pop Traian<\/a> | <a href=\"https:\/\/wp.pop-verlag.com\/?page_id=734\" target=\"_blank\" rel=\"noopener\">Horst Samson<\/a> | Hellmut Seiler | <a href=\"https:\/\/wp.pop-verlag.com\/?page_id=2593\" target=\"_blank\" rel=\"noopener\">Anton Sterbling<\/a> | <a href=\"https:\/\/wp.pop-verlag.com\/?p=2670\" target=\"_blank\" rel=\"noopener\">Richard Wagner<\/a> |<a href=\"https:\/\/wp.pop-verlag.com\/?page_id=968\"> Balthasar Waitz<\/a> |<\/p>\n<p>Deportationen, insbesondere in die Sowjetunion im Januar 1945 und in die B\u0103r\u0103gan\u00adsteppe im Fr\u00fchsommer 1951, bilden einschneidende Geschehnisse in der wechselhaften und leidvollen Geschichte der Deutschen aus Rum\u00e4nien im 20. Jahrhundert. Zugleich handelt es sich um lange Zeit in der \u00f6ffentlichen Diskussion und in der Literatur im kommunistischen Rum\u00e4nien tabuisierte Themen. Diese Anthologie versammelt \u00e4ltere und neuere literarische Arbeiten zum Problemkreis der Deportationen, die von ehema\u00adligen Mitgliedern der \u201eAktionsgruppe Banat\u201c wie auch Angeh\u00f6rigen ihres Freundes\u00adkreises stammen. In dem Band sind mit Gedichten oder Prosatexten: Albert Bohn, Rolf Bossert, Helmuth Frauendorfer, Ilse Hehn, Johann Lippet, Traian Pop, Horst Samson, Hellmut Seiler, Anton Sterbling, Richard Wagner und Balthasar Waitz vertreten.<\/p>\n<p>Lieferbare Titel von<a href=\"http:\/\/wp.pop-verlag.com\/?page_id=2593\"><strong>\u00a0Anton Sterbling<\/strong><\/a>:<\/p>\n<ul>\n<li><strong><a href=\"http:\/\/wp.pop-verlag.com\/?p=470\">\u201eGrenzg\u00e4nge, Heimat, Wanderungen<\/a><\/strong>\u201c . Narrative \u00fcber das zerbrochene. Sinnmuster der Vergangenheit. ISBN 978-3-86356-054-6, 170 Seiten, \u20ac[D]14,80<\/li>\n<li><strong>Horst Samson<\/strong> <strong>&amp; <a href=\"http:\/\/wp.pop-verlag.com\/?page_id=2593\">Anton Sterbling<\/a><\/strong> (Hrsg.):<a href=\"http:\/\/wp.pop-verlag.com\/?p=2670\"><strong> \u201eDie Sprache, die auf das Nichts folgt, die kennen wir nicht. S\u00e4tze und Texte f\u00fcr Richard Wagner.\u201c<\/strong> <\/a>Mit Grafiken und Malereien von Walter Andreas Kirchner. Fragmentarium Reihe. 320 Seiten,\u00a0ISBN: 978-3-86356-174-1,\u00a0 \u20ac[D] 23,00<\/li>\n<li><strong>\u00dcber deutsche Dichter, Schriftsteller und Intellektuelle aus Rum\u00e4nien. <\/strong>Autorenportraits, Essays und Rezensionen.<a href=\"https:\/\/wp.pop-verlag.com\/?p=2670\">Richard Wagner<\/a>, Herta M\u00fcller, Paul Schuster, <a href=\"https:\/\/wp.pop-verlag.com\/?page_id=742\">Johann Lippet<\/a>, <a href=\"https:\/\/wp.pop-verlag.com\/?page_id=964\">Hellmut Seiler<\/a>, <a href=\"https:\/\/wp.pop-verlag.com\/?page_id=734\">Horst Samson<\/a>, Ilse Hehn,\u00a0Werner Kremm.Pop Universitas, Bd. 14, ISBN 978-3-86356-251-9, 216 Seiten, \u20ac[D]16,50<\/li>\n<li><strong><a href=\"https:\/\/wp.pop-verlag.com\/?p=4566\">Entr\u00fcckung in den Kopfstand<\/a><\/strong>. Gedichte und Texte 1968 bis 2019. Lyrikreihe Bd. 141; ISBN 978-3-86356-283-0; 141 Seiten, \u20ac[D]15,00<\/li>\n<li><strong><a href=\"https:\/\/wp.pop-verlag.com\/?p=5187\">Klimadelirium und andere furchtbare Erz\u00e4hlungen<\/a><\/strong>. Reihe Epik Bd. 113; ISBN: 978-3-86356-303-5; 244 Seiten, \u20ac[D]16,90<\/li>\n<li><strong><a href=\"https:\/\/wp.pop-verlag.com\/?p=5611\">Die versunkene Republik.\u00a0<\/a><\/strong>Erz\u00e4hlungen. Reihe: EPIK, Bd. 119. ISBN 978-3-86356-321-9, Pop Verlag, Ludwigsburg 2021, 280 Seiten. \u20ac[D]18,50.<\/li>\n<li><a href=\"https:\/\/wp.pop-verlag.com\/?p=6152\"><strong>Ende einer Pandemie und weitere Erz\u00e4hlungen<\/strong><\/a>. Kartoniert mit Schutzumschlag (bedruckt).\u00a0 Reihe Epik Bd. 131; ISBN: 978-3-86356-357-8; 183 Seiten, \u20ac[D]16,50<\/li>\n<\/ul>\n<p>&nbsp;<\/p>\n","protected":false},"excerpt":{"rendered":"<p>Albert Bohn und Anton Sterbling (Hrsg.): Deportationen. Literarische Blick\u00adwinkel. Reihe Fragmentarium Bd. 23, 277 S,.ISBN 978-3-86356-333-2, \u20ac[D]21,00. | Albert Bohn | Rolf Bossert| Helmuth Frauendorfer | Ilse Hehn | Johann Lippet | Traian Pop Traian | Horst Samson | Hellmut &hellip; <a class=\"more-link\" href=\"https:\/\/wp.pop-verlag.com\/?p=5773\">Weiterlesen <span class=\"meta-nav\">&rarr;<\/span><\/a><\/p>\n","protected":false},"author":2,"featured_media":0,"comment_status":"closed","ping_status":"closed","sticky":false,"template":"","format":"standard","meta":{"_jetpack_memberships_contains_paid_content":false,"footnotes":""},"categories":[248,21,29],"tags":[402,404,349,406,409,103,214,403,405,101,408,27,93,66,213,407,244,247,61],"class_list":["post-5773","post","type-post","status-publish","format-standard","hentry","category-e-erscheinungsjahr-2021","category-deutsch-rumaenische-literatur","category-fragmentarium-sammlung","tag-402","tag-404","tag-aktionsgruppe-banat","tag-albert-bohn","tag-anton-sterbling","tag-balthasar-waitz","tag-banat","tag-baragan","tag-deportationen","tag-hellmut-seiler","tag-helmuth-frauendorfer","tag-horst-samson","tag-ilse-hehn","tag-johann-lippet","tag-richard-wagner","tag-rolf-bossert","tag-rumaenien","tag-siebenbuergen","tag-traian-pop-traian"],"jetpack_sharing_enabled":true,"jetpack_featured_media_url":"","_links":{"self":[{"href":"https:\/\/wp.pop-verlag.com\/index.php?rest_route=\/wp\/v2\/posts\/5773","targetHints":{"allow":["GET"]}}],"collection":[{"href":"https:\/\/wp.pop-verlag.com\/index.php?rest_route=\/wp\/v2\/posts"}],"about":[{"href":"https:\/\/wp.pop-verlag.com\/index.php?rest_route=\/wp\/v2\/types\/post"}],"author":[{"embeddable":true,"href":"https:\/\/wp.pop-verlag.com\/index.php?rest_route=\/wp\/v2\/users\/2"}],"replies":[{"embeddable":true,"href":"https:\/\/wp.pop-verlag.com\/index.php?rest_route=%2Fwp%2Fv2%2Fcomments&post=5773"}],"version-history":[{"count":6,"href":"https:\/\/wp.pop-verlag.com\/index.php?rest_route=\/wp\/v2\/posts\/5773\/revisions"}],"predecessor-version":[{"id":6173,"href":"https:\/\/wp.pop-verlag.com\/index.php?rest_route=\/wp\/v2\/posts\/5773\/revisions\/6173"}],"wp:attachment":[{"href":"https:\/\/wp.pop-verlag.com\/index.php?rest_route=%2Fwp%2Fv2%2Fmedia&parent=5773"}],"wp:term":[{"taxonomy":"category","embeddable":true,"href":"https:\/\/wp.pop-verlag.com\/index.php?rest_route=%2Fwp%2Fv2%2Fcategories&post=5773"},{"taxonomy":"post_tag","embeddable":true,"href":"https:\/\/wp.pop-verlag.com\/index.php?rest_route=%2Fwp%2Fv2%2Ftags&post=5773"}],"curies":[{"name":"wp","href":"https:\/\/api.w.org\/{rel}","templated":true}]}}