{"id":5767,"date":"2021-06-08T14:34:44","date_gmt":"2021-06-08T14:34:44","guid":{"rendered":"https:\/\/wp.pop-verlag.com\/?p=5767"},"modified":"2021-06-17T08:13:49","modified_gmt":"2021-06-17T08:13:49","slug":"matthias-buth-der-himmel-ueber-roesrath","status":"publish","type":"post","link":"https:\/\/wp.pop-verlag.com\/?p=5767","title":{"rendered":"Matthias Buth: Der Himmel \u00fcber R\u00f6srath"},"content":{"rendered":"<p><strong><img loading=\"lazy\" decoding=\"async\" class=\"alignleft size-medium wp-image-5768\" src=\"https:\/\/wp.pop-verlag.com\/wp-content\/uploads\/2021\/06\/978-3-86356-318-9_A_BuB-191x300.jpg\" alt=\"\" width=\"191\" height=\"300\" srcset=\"https:\/\/wp.pop-verlag.com\/wp-content\/uploads\/2021\/06\/978-3-86356-318-9_A_BuB-191x300.jpg 191w, https:\/\/wp.pop-verlag.com\/wp-content\/uploads\/2021\/06\/978-3-86356-318-9_A_BuB-768x1206.jpg 768w, https:\/\/wp.pop-verlag.com\/wp-content\/uploads\/2021\/06\/978-3-86356-318-9_A_BuB-652x1024.jpg 652w, https:\/\/wp.pop-verlag.com\/wp-content\/uploads\/2021\/06\/978-3-86356-318-9_A_BuB.jpg 1654w\" sizes=\"auto, (max-width: 191px) 100vw, 191px\" \/>\u00a0Matthias Buth<\/strong>: <a href=\"https:\/\/wp.pop-verlag.com\/?p=5767\"><strong>Der Himmel \u00fcber R\u00f6srath<\/strong><\/a><\/p>\n<p>Reihe Fragmentarium Bd. 21, 210 S,.ISBN 978-3-86356-318-9, \u20ac[D]19,50<\/p>\n<p>Mit dem \u201eHimmel \u00fcber R\u00f6srath\u201c meldet sich erneut der Lyriker Matthias Buth in seiner zweiten favorisierten Gattung zu Wort, dem literarischen Essay. Diese seit Michel de Montaigne immer wieder durch K\u00fcnstler und Intellektuelle erstellte Symbiose aus Aufsatz, Er\u00f6rterung und Dichtung wird ganz bewusst als Ann\u00e4herung gew\u00e4hlt, um den Gegenst\u00e4nden, Menschen, Erfahrungen, Themen und Stimmen des gesamten Bandes gerecht werden zu k\u00f6nnen, also: Dichter und Dichterinnen und deren Werke, die j\u00fcngere Zeitgeschichte, das Reisen, das Erinnern und die vielf\u00e4ltigen Begegnungen und Gespr\u00e4che, die der Autor immer wieder gef\u00fchrt hat und die in R\u00f6srath einen Kulminationspunkt gefunden haben.<br \/>\n<em>Torsten Vo\u00df<\/em><\/p>\n<p>Lieferbare Titel von\u00a0<strong>Matthias Buth<\/strong>:<\/p>\n<ul>\n<li><a href=\"https:\/\/wp.pop-verlag.com\/?p=4804\"><strong>Der Schnee stellt seine Leiter an die Ringmauer<\/strong><\/a>. Poetische Ann\u00e4herungen an Rum\u00e4nien und andere Welten. Mit einem Nachwort von Markus Bauer.Reihe Fragmentarium, Bd. 19. ISBN 978-3-86356-294-6,180 Seiten, \u20ac[D]19,50<\/li>\n<li><strong><a href=\"https:\/\/wp.pop-verlag.com\/?p=5767\">Der Himmel \u00fcber R\u00f6srath<\/a>. <\/strong>Reihe Fragmentarium Bd. 21, 210 S,.ISBN 978-3-86356-318-9, \u20ac[D]19,50<\/li>\n<\/ul>\n","protected":false},"excerpt":{"rendered":"<p>\u00a0Matthias Buth: Der Himmel \u00fcber R\u00f6srath Reihe Fragmentarium Bd. 21, 210 S,.ISBN 978-3-86356-318-9, \u20ac[D]19,50 Mit dem \u201eHimmel \u00fcber R\u00f6srath\u201c meldet sich erneut der Lyriker Matthias Buth in seiner zweiten favorisierten Gattung zu Wort, dem literarischen Essay. Diese seit Michel de &hellip; <a class=\"more-link\" href=\"https:\/\/wp.pop-verlag.com\/?p=5767\">Weiterlesen <span class=\"meta-nav\">&rarr;<\/span><\/a><\/p>\n","protected":false},"author":2,"featured_media":0,"comment_status":"closed","ping_status":"closed","sticky":false,"template":"","format":"standard","meta":{"_jetpack_memberships_contains_paid_content":false,"footnotes":""},"categories":[248,20,29],"tags":[400,396,390,393,388,391,398,401,399,397,392,386,395,387,394,389,328],"class_list":["post-5767","post","type-post","status-publish","format-standard","hentry","category-e-erscheinungsjahr-2021","category-deutsche-literatur","category-fragmentarium-sammlung","tag-alexander-adrions","tag-axel-vieregg","tag-bernhard-pfletschinger","tag-conrady","tag-frank-ruprecht","tag-hans-daiber","tag-hoffnungsthal","tag-kalmusweiher","tag-kriegsgefangen","tag-olivier-messiaen","tag-philomena-franz","tag-roesrath","tag-schlesien","tag-walter-hinck","tag-wichelhaus","tag-wolfgang-schiffer","tag-wuppertal"],"jetpack_sharing_enabled":true,"jetpack_featured_media_url":"","_links":{"self":[{"href":"https:\/\/wp.pop-verlag.com\/index.php?rest_route=\/wp\/v2\/posts\/5767","targetHints":{"allow":["GET"]}}],"collection":[{"href":"https:\/\/wp.pop-verlag.com\/index.php?rest_route=\/wp\/v2\/posts"}],"about":[{"href":"https:\/\/wp.pop-verlag.com\/index.php?rest_route=\/wp\/v2\/types\/post"}],"author":[{"embeddable":true,"href":"https:\/\/wp.pop-verlag.com\/index.php?rest_route=\/wp\/v2\/users\/2"}],"replies":[{"embeddable":true,"href":"https:\/\/wp.pop-verlag.com\/index.php?rest_route=%2Fwp%2Fv2%2Fcomments&post=5767"}],"version-history":[{"count":4,"href":"https:\/\/wp.pop-verlag.com\/index.php?rest_route=\/wp\/v2\/posts\/5767\/revisions"}],"predecessor-version":[{"id":5810,"href":"https:\/\/wp.pop-verlag.com\/index.php?rest_route=\/wp\/v2\/posts\/5767\/revisions\/5810"}],"wp:attachment":[{"href":"https:\/\/wp.pop-verlag.com\/index.php?rest_route=%2Fwp%2Fv2%2Fmedia&parent=5767"}],"wp:term":[{"taxonomy":"category","embeddable":true,"href":"https:\/\/wp.pop-verlag.com\/index.php?rest_route=%2Fwp%2Fv2%2Fcategories&post=5767"},{"taxonomy":"post_tag","embeddable":true,"href":"https:\/\/wp.pop-verlag.com\/index.php?rest_route=%2Fwp%2Fv2%2Ftags&post=5767"}],"curies":[{"name":"wp","href":"https:\/\/api.w.org\/{rel}","templated":true}]}}