{"id":5739,"date":"2021-06-01T19:01:37","date_gmt":"2021-06-01T19:01:37","guid":{"rendered":"https:\/\/wp.pop-verlag.com\/?p=5739"},"modified":"2021-06-02T04:53:23","modified_gmt":"2021-06-02T04:53:23","slug":"barbara-zeizinger-bevor-das-herz-schlaegt","status":"publish","type":"post","link":"https:\/\/wp.pop-verlag.com\/?p=5739","title":{"rendered":"Barbara Zeizinger: Bevor das Herz schl\u00e4gt"},"content":{"rendered":"<p><span class=\"readonlyText multiple\"><strong><img loading=\"lazy\" decoding=\"async\" class=\"alignleft size-medium wp-image-5743\" src=\"https:\/\/wp.pop-verlag.com\/wp-content\/uploads\/2021\/06\/978-3-86356-329-5_A_BuB-191x300.jpg\" alt=\"\" width=\"191\" height=\"300\" srcset=\"https:\/\/wp.pop-verlag.com\/wp-content\/uploads\/2021\/06\/978-3-86356-329-5_A_BuB-191x300.jpg 191w, https:\/\/wp.pop-verlag.com\/wp-content\/uploads\/2021\/06\/978-3-86356-329-5_A_BuB-768x1206.jpg 768w, https:\/\/wp.pop-verlag.com\/wp-content\/uploads\/2021\/06\/978-3-86356-329-5_A_BuB-652x1024.jpg 652w, https:\/\/wp.pop-verlag.com\/wp-content\/uploads\/2021\/06\/978-3-86356-329-5_A_BuB.jpg 1654w\" sizes=\"auto, (max-width: 191px) 100vw, 191px\" \/><a href=\"https:\/\/wp.pop-verlag.com\/?page_id=979\">Barbara Zeizinger<\/a><\/strong>:<\/span> <strong>Bevor das Herz schl\u00e4gt<\/strong>. Roman<\/p>\n<p>Reihe Epik Bd.120<br \/>\n280 Seiten, ISBN 978-3-86356-329-5, \u20ac[D] 19,50<\/p>\n<p>&#8222;Schon als Kind hat Eva den Blick auf die Gleise geliebt. Auch jetzt steht sie in Weinheim wieder am Fenster ihres ehemaligen Zimmers. Immer noch ist die Stra\u00dfe nur einseitig bebaut, so kann sie \u00fcber die Gr\u00fcnfl\u00e4che mit den wenigen B\u00fcschen auf der anderen Seite weit in die Ebene nach Westen schauen. Dorthin, wo sich abends ein r\u00f6tlicher Streifen erstreckte, und sie als Jugendliche ihre Gedanken fliegen lie\u00df, w\u00e4hrend sie zusah, wie das Blau der D\u00e4mmerung in Dunkelheit \u00fcber-<br \/>\nging und der Himmel allm\u00e4hlich mit Sternen \u00fcbers\u00e4t war.&#8220;<\/p>\n<p>\u00bbToni war pl\u00f6tzlich weg. Wie vom Erdboden verschluckt. Einfach weg.\u00ab<br \/>\nDer Roman erz\u00e4hlt von drei Protagonisten: Eva, einer Erzieherin und alleinerziehenden Mutter der f\u00fcnfj\u00e4hrigen Toni, ihrem Freund Julian, einem Architekten, und dem Herzchirurgen Konrad, der Tonis Vater ist. Alle drei haben sich in ihrem Leben eingerichtet, kommen scheinbar gut zurecht. Als jedoch Toni bei einem Ausflug mit Julian spurlos verschwindet und die Polizei fieberhaft nach ihr sucht, werden sie mit ihrer Vergangenheit konfrontiert und m\u00fcssen erkennen, inwieweit verdr\u00e4ngte Probleme ihr Handeln bestimmen und was die Essenz ihres Lebens ist.<br \/>\nDie Gegenwart spielt 2018 in Darmstadt an einem Tag. Die Vergangenheit erstreckt sich \u00fcber mehrere Jahrzehnte in Weinheim, Mannheim und K\u00f6ln.<br \/>\nMit psychologischem Feingef\u00fchl erz\u00e4hlt die Autorin vom Leben dieser drei Menschen, von ihren Hoffnungen, W\u00fcnschen und Niederlagen.<\/p>\n<p><span class=\"readonlyText multiple\">Lieferbare Titel von <a href=\"http:\/\/wp.pop-verlag.com\/?page_id=979\"><strong>Barbara Zeizinger<\/strong><\/a>:<\/span><\/p>\n<p>\u201e<a href=\"http:\/\/wp.pop-verlag.com\/?p=155\">Weitwinkel nah<\/a>\u201c. Gedichte. Pop Lyrik. 75 Seiten, 12,99 \u20ac<br \/>\nISBN 978-3-86356-057-7<\/p>\n<p>\u201e<a href=\"http:\/\/wp.pop-verlag.com\/?p=161\">Am wei\u00dfen Kanal<\/a>\u201c. Roman. Pop Epik. 218 Seiten, 15,50 \u20ac<br \/>\nISBN 978-3-86356-094-2<\/p>\n<p><a href=\"http:\/\/wp.pop-verlag.com\/?p=1902\">\u201eWenn ich geblieben w\u00e4re\u201c<\/a>. Gedichte. Pop Lyrik. 84 Seiten, 14,00 \u20ac<br \/>\nISBN: 978-3-86356-179-6<\/p>\n<p><a href=\"https:\/\/wp.pop-verlag.com\/?p=3537\"><strong>\u2013 Er nannte mich Kl\u00e1rinka<\/strong><\/a>. Roman.Pop Epik. 302 Seiten, 19,90 \u20ac<br \/>\nISBN: 978-3-86356-242-7<\/p>\n","protected":false},"excerpt":{"rendered":"<p>Barbara Zeizinger: Bevor das Herz schl\u00e4gt. Roman Reihe Epik Bd.120 280 Seiten, ISBN 978-3-86356-329-5, \u20ac[D] 19,50 &#8222;Schon als Kind hat Eva den Blick auf die Gleise geliebt. Auch jetzt steht sie in Weinheim wieder am Fenster ihres ehemaligen Zimmers. Immer &hellip; <a class=\"more-link\" href=\"https:\/\/wp.pop-verlag.com\/?p=5739\">Weiterlesen <span class=\"meta-nav\">&rarr;<\/span><\/a><\/p>\n","protected":false},"author":2,"featured_media":0,"comment_status":"closed","ping_status":"closed","sticky":false,"template":"","format":"standard","meta":{"_jetpack_memberships_contains_paid_content":false,"footnotes":""},"categories":[248,20,9,1],"tags":[],"class_list":["post-5739","post","type-post","status-publish","format-standard","hentry","category-e-erscheinungsjahr-2021","category-deutsche-literatur","category-pop-epik","category-uncategorized"],"jetpack_sharing_enabled":true,"jetpack_featured_media_url":"","_links":{"self":[{"href":"https:\/\/wp.pop-verlag.com\/index.php?rest_route=\/wp\/v2\/posts\/5739","targetHints":{"allow":["GET"]}}],"collection":[{"href":"https:\/\/wp.pop-verlag.com\/index.php?rest_route=\/wp\/v2\/posts"}],"about":[{"href":"https:\/\/wp.pop-verlag.com\/index.php?rest_route=\/wp\/v2\/types\/post"}],"author":[{"embeddable":true,"href":"https:\/\/wp.pop-verlag.com\/index.php?rest_route=\/wp\/v2\/users\/2"}],"replies":[{"embeddable":true,"href":"https:\/\/wp.pop-verlag.com\/index.php?rest_route=%2Fwp%2Fv2%2Fcomments&post=5739"}],"version-history":[{"count":6,"href":"https:\/\/wp.pop-verlag.com\/index.php?rest_route=\/wp\/v2\/posts\/5739\/revisions"}],"predecessor-version":[{"id":5754,"href":"https:\/\/wp.pop-verlag.com\/index.php?rest_route=\/wp\/v2\/posts\/5739\/revisions\/5754"}],"wp:attachment":[{"href":"https:\/\/wp.pop-verlag.com\/index.php?rest_route=%2Fwp%2Fv2%2Fmedia&parent=5739"}],"wp:term":[{"taxonomy":"category","embeddable":true,"href":"https:\/\/wp.pop-verlag.com\/index.php?rest_route=%2Fwp%2Fv2%2Fcategories&post=5739"},{"taxonomy":"post_tag","embeddable":true,"href":"https:\/\/wp.pop-verlag.com\/index.php?rest_route=%2Fwp%2Fv2%2Ftags&post=5739"}],"curies":[{"name":"wp","href":"https:\/\/api.w.org\/{rel}","templated":true}]}}