{"id":5725,"date":"2021-06-01T13:01:39","date_gmt":"2021-06-01T13:01:39","guid":{"rendered":"https:\/\/wp.pop-verlag.com\/?p=5725"},"modified":"2021-06-01T18:43:08","modified_gmt":"2021-06-01T18:43:08","slug":"ewart-reder-die-hinteren-kapitel-der-beruehrung","status":"publish","type":"post","link":"https:\/\/wp.pop-verlag.com\/?p=5725","title":{"rendered":"Ewart Reder: Die hinteren Kapitel der Ber\u00fchrung"},"content":{"rendered":"<p><img loading=\"lazy\" decoding=\"async\" class=\"alignleft size-medium wp-image-5730\" src=\"https:\/\/wp.pop-verlag.com\/wp-content\/uploads\/2021\/06\/978-3-86356-326-4_A_BuB-191x300.jpg\" alt=\"\" width=\"191\" height=\"300\" srcset=\"https:\/\/wp.pop-verlag.com\/wp-content\/uploads\/2021\/06\/978-3-86356-326-4_A_BuB-191x300.jpg 191w, https:\/\/wp.pop-verlag.com\/wp-content\/uploads\/2021\/06\/978-3-86356-326-4_A_BuB-768x1206.jpg 768w, https:\/\/wp.pop-verlag.com\/wp-content\/uploads\/2021\/06\/978-3-86356-326-4_A_BuB-652x1024.jpg 652w, https:\/\/wp.pop-verlag.com\/wp-content\/uploads\/2021\/06\/978-3-86356-326-4_A_BuB.jpg 1654w\" sizes=\"auto, (max-width: 191px) 100vw, 191px\" \/><strong><a href=\"https:\/\/wp.pop-verlag.com\/?page_id=5733\">Ewart Reder<\/a>: <a href=\"https:\/\/wp.pop-verlag.com\/?p=5725\">Die hinteren Kapitel der Ber\u00fchrung<\/a><\/strong>. Gedichte<\/p>\n<p>Reihe Lyrik Bd. 158. Kartoniert mit Schutzumschlag,\u00a0 201 Seiten, ISBN: 978-3-86356-326-4, \u20ac[D]18,50<\/p>\n<p>Reder folgt der Spur seines Themas, den engen Beziehungen zu Menschen, Landschaften, St\u00e4dten, getrieben von der Neugier aufs Fremde.<br \/>\n<em>Frankfurter Allgemeine Zeitung<\/em><\/p>\n<p>Bei Ewart Reder k\u00f6nnen wir sehen, dass Poesie das Gegenteil von Sterben ist.<\/p>\n<p><em>Marica Bodro\u017ei\u0107<\/em><\/p>\n<p>Der Band pr\u00e4sentiert Ewart Reders Gedichte aus den letzten zehn Jahren. Ein vielseitiger Autor \u2013 unter anderem mit Romanen, Essays, Reportagen stark beachtet \u2013 setzt seine Anf\u00e4nge fort und damit den Anfang von Literatur: den Vers, die worthaltige Atemphase, das Sprechen in Bildern und Ankl\u00e4ngen, die direkte und schutzlose Mitteilung. Gegliedert in Kapitel ruft das Buch Erinnerungen auf, blickt \u00fcber Gew\u00e4sser, h\u00e4ngt Liebeserfahrungen nach, unterh\u00e4lt sich mit R\u00e4umen, reagiert auf Bildende Kunst, Beobachtungen, Nachrichten und vieles mehr.<br \/>\nDer Titel deutet es an: Lesende tasten hier zur\u00fcck ins Leben, aus der einge\u00fcbten Hygienedistanz wieder heraus, haben Ber\u00fchrung mit der Welt und das f\u00fchlt sich gut an. Ein Buch zur rechten Zeit also. Poesie als achtsame Begleiterin auf einem Weg, den noch niemand kennt, auf dem gute Worte und Ber\u00fchrungen mehr bedeuten werden als vorher.<\/p>\n<p>Das ist Magie: Da sind die Sinne am Werk, es sp\u00fclt und weht und rollt, man sieht die Bilder nicht nur, man h\u00f6rt sie.<\/p>\n<p><em>Margot Ehrich<\/em><\/p>\n<p>Ewart Reder hat ein Gleichgewichtsgesp\u00fcr, das kaum zwischen dem,<em> was er schreibt<\/em>, und dem, <em>was sich selbst schreibt<\/em>, unterscheidet. Einige Gedichte sind wie das Meer, das unsere nackten F\u00fc\u00dfe umsp\u00fclt, um sich im n\u00e4chsten Moment zur\u00fcckzuziehen. Wie der Sand, der zwischen den Fingern hindurchrieselt. Es gibt ein Ringen zwischen dem Autor und dem Schweigen. Manchmal gewinnt er. Manchmal das Schweigen. Es ist ein Weg, die Hilflosigkeit angesichts von Zerbrechlichkeit und Verg\u00e4nglichkeit anzuerkennen.<br \/>\n<em>T. T. Pop<\/em><\/p>\n<p>Lieferbare Titel von <a href=\"https:\/\/wp.pop-verlag.com\/?page_id=5733\"><strong>Ewart Reder<\/strong><\/a>:<\/p>\n<ul>\n<li><strong><a href=\"https:\/\/wp.pop-verlag.com\/?p=5725\">Die hinteren Kapitel der Ber\u00fchrung<\/a><\/strong>. Gedichte. Reihe Lyrik Bd. 158. Kartoniert mit Schutzumschlag,\u00a0 201 Seiten, ISBN: 978-3-86356-326-4, \u20ac[D]18,50<\/li>\n<\/ul>\n","protected":false},"excerpt":{"rendered":"<p>Ewart Reder: Die hinteren Kapitel der Ber\u00fchrung. Gedichte Reihe Lyrik Bd. 158. Kartoniert mit Schutzumschlag,\u00a0 201 Seiten, ISBN: 978-3-86356-326-4, \u20ac[D]18,50 Reder folgt der Spur seines Themas, den engen Beziehungen zu Menschen, Landschaften, St\u00e4dten, getrieben von der Neugier aufs Fremde. Frankfurter &hellip; <a class=\"more-link\" href=\"https:\/\/wp.pop-verlag.com\/?p=5725\">Weiterlesen <span class=\"meta-nav\">&rarr;<\/span><\/a><\/p>\n","protected":false},"author":2,"featured_media":0,"comment_status":"closed","ping_status":"closed","sticky":false,"template":"","format":"standard","meta":{"_jetpack_memberships_contains_paid_content":false,"footnotes":""},"categories":[248,20,8,1],"tags":[],"class_list":["post-5725","post","type-post","status-publish","format-standard","hentry","category-e-erscheinungsjahr-2021","category-deutsche-literatur","category-pop-lyrik","category-uncategorized"],"jetpack_sharing_enabled":true,"jetpack_featured_media_url":"","_links":{"self":[{"href":"https:\/\/wp.pop-verlag.com\/index.php?rest_route=\/wp\/v2\/posts\/5725","targetHints":{"allow":["GET"]}}],"collection":[{"href":"https:\/\/wp.pop-verlag.com\/index.php?rest_route=\/wp\/v2\/posts"}],"about":[{"href":"https:\/\/wp.pop-verlag.com\/index.php?rest_route=\/wp\/v2\/types\/post"}],"author":[{"embeddable":true,"href":"https:\/\/wp.pop-verlag.com\/index.php?rest_route=\/wp\/v2\/users\/2"}],"replies":[{"embeddable":true,"href":"https:\/\/wp.pop-verlag.com\/index.php?rest_route=%2Fwp%2Fv2%2Fcomments&post=5725"}],"version-history":[{"count":6,"href":"https:\/\/wp.pop-verlag.com\/index.php?rest_route=\/wp\/v2\/posts\/5725\/revisions"}],"predecessor-version":[{"id":5738,"href":"https:\/\/wp.pop-verlag.com\/index.php?rest_route=\/wp\/v2\/posts\/5725\/revisions\/5738"}],"wp:attachment":[{"href":"https:\/\/wp.pop-verlag.com\/index.php?rest_route=%2Fwp%2Fv2%2Fmedia&parent=5725"}],"wp:term":[{"taxonomy":"category","embeddable":true,"href":"https:\/\/wp.pop-verlag.com\/index.php?rest_route=%2Fwp%2Fv2%2Fcategories&post=5725"},{"taxonomy":"post_tag","embeddable":true,"href":"https:\/\/wp.pop-verlag.com\/index.php?rest_route=%2Fwp%2Fv2%2Ftags&post=5725"}],"curies":[{"name":"wp","href":"https:\/\/api.w.org\/{rel}","templated":true}]}}