{"id":5668,"date":"2021-05-10T06:59:11","date_gmt":"2021-05-10T06:59:11","guid":{"rendered":"https:\/\/wp.pop-verlag.com\/?p=5668"},"modified":"2021-05-12T06:31:42","modified_gmt":"2021-05-12T06:31:42","slug":"bela-buechl-vertrauliche-nachricht","status":"publish","type":"post","link":"https:\/\/wp.pop-verlag.com\/?p=5668","title":{"rendered":"B\u00e9la B\u00fcchl: Vertrauliche Nachricht"},"content":{"rendered":"<p><img loading=\"lazy\" decoding=\"async\" class=\"alignleft size-medium wp-image-5669\" src=\"https:\/\/wp.pop-verlag.com\/wp-content\/uploads\/2021\/05\/978-3-86356-331-8_A_BB-191x300.jpg\" alt=\"\" width=\"191\" height=\"300\" srcset=\"https:\/\/wp.pop-verlag.com\/wp-content\/uploads\/2021\/05\/978-3-86356-331-8_A_BB-191x300.jpg 191w, https:\/\/wp.pop-verlag.com\/wp-content\/uploads\/2021\/05\/978-3-86356-331-8_A_BB-768x1206.jpg 768w, https:\/\/wp.pop-verlag.com\/wp-content\/uploads\/2021\/05\/978-3-86356-331-8_A_BB-652x1024.jpg 652w, https:\/\/wp.pop-verlag.com\/wp-content\/uploads\/2021\/05\/978-3-86356-331-8_A_BB.jpg 1654w\" sizes=\"auto, (max-width: 191px) 100vw, 191px\" \/><strong><a href=\"https:\/\/wp.pop-verlag.com\/?page_id=5672\">B\u00e9la B\u00fcchl<\/a>: <a href=\"https:\/\/wp.pop-verlag.com\/?p=5668\">Vertrauliche Nachricht<\/a>. <\/strong>Biografische Erz\u00e4hlungen. Aus dem Ungarischen von Andrea Sch\u00e4ffer. Reihe Epik Bd.123, Kartoniert mit Schutzumschlag, 353 Seiten<br \/>\nISBN 978-3-86356-331-8, \u20ac[D]24,50<\/p>\n<p>Der im rum\u00e4nischen Banat geborene Autor B\u00e9la B\u00fcchl blickt in humoristischer Weise auf pr\u00e4gende Stationen in seinem Leben zur\u00fcck. Schaupl\u00e4tze sind das kommunistische Rum\u00e4nien der Nachkriegs\u00e4ra, Bayern als neue Heimat nach der Aussiedlung in die Bundesrepublik in den sp\u00e4ten Siebzigerjahren, und schlie\u00dflich der Bakony in Westungarn, wo \u2013 nun schon in der postkommunistischen Zeit \u2013 ein vom Autor erworbenes und ausgebautes Bauernanwesen, das als Sommerresidenz dient, zum Austragungsort f\u00fcr interkulturelle Verst\u00e4ndigung wird.<\/p>\n<p>B\u00e9la B\u00fcchl, Jahrgang 1938, wurde in Detta im rum\u00e4nischen Banat als \u00e4ltester Sohn einer angesehenen deutsch-ungarischen Familie geboren. Die einst wohlhabende Familie wurde nach dem Krieg enteignet und 1951 in die B\u0103r\u0103gan-Steppe deportiert. Der Autor, damals 13 Jahre alt, erlebte in der Deportation eine pr\u00e4gende Zeit, weil er unter anderem f\u00fcnf Jahre von allen schulischen Einrichtungen ausgeschlossen war. Nach der Befreiung aus der Zwangssiedlung studierte er am Konservatorium in Bukarest Gesang. 1978 ist er mit seiner Familie in die Bundesrepublik ausgereist, wo er an seinem neuen Wohnort M\u00fcnchen bis zu seiner Pensionierung Musik an einem Privatgymnasium unterrichtete. B\u00e9la B\u00fcchl lebt in M\u00fcnchen.<\/p>\n<p>Lieferbare Titel von <strong><a href=\"https:\/\/wp.pop-verlag.com\/?page_id=5672\">B\u00e9la B\u00fcchl<\/a>:<\/strong><\/p>\n<ul>\n<li><strong><a href=\"https:\/\/wp.pop-verlag.com\/?p=5668\">Vertrauliche Nachricht<\/a>. <\/strong>Biografische Erz\u00e4hlungen. Aus dem Ungarischen von Andrea Sch\u00e4ffer. Reihe Epik Bd.123, Kartoniert mit Schutzumschlag, 353 Seiten<br \/>\nISBN 978-3-86356-331-8, \u20ac[D]24,50<\/li>\n<\/ul>\n","protected":false},"excerpt":{"rendered":"<p>B\u00e9la B\u00fcchl: Vertrauliche Nachricht. Biografische Erz\u00e4hlungen. Aus dem Ungarischen von Andrea Sch\u00e4ffer. Reihe Epik Bd.123, Kartoniert mit Schutzumschlag, 353 Seiten ISBN 978-3-86356-331-8, \u20ac[D]24,50 Der im rum\u00e4nischen Banat geborene Autor B\u00e9la B\u00fcchl blickt in humoristischer Weise auf pr\u00e4gende Stationen in seinem &hellip; <a class=\"more-link\" href=\"https:\/\/wp.pop-verlag.com\/?p=5668\">Weiterlesen <span class=\"meta-nav\">&rarr;<\/span><\/a><\/p>\n","protected":false},"author":2,"featured_media":0,"comment_status":"closed","ping_status":"closed","sticky":false,"template":"","format":"standard","meta":{"_jetpack_memberships_contains_paid_content":false,"footnotes":""},"categories":[248,21,9],"tags":[],"class_list":["post-5668","post","type-post","status-publish","format-standard","hentry","category-e-erscheinungsjahr-2021","category-deutsch-rumaenische-literatur","category-pop-epik"],"jetpack_sharing_enabled":true,"jetpack_featured_media_url":"","_links":{"self":[{"href":"https:\/\/wp.pop-verlag.com\/index.php?rest_route=\/wp\/v2\/posts\/5668","targetHints":{"allow":["GET"]}}],"collection":[{"href":"https:\/\/wp.pop-verlag.com\/index.php?rest_route=\/wp\/v2\/posts"}],"about":[{"href":"https:\/\/wp.pop-verlag.com\/index.php?rest_route=\/wp\/v2\/types\/post"}],"author":[{"embeddable":true,"href":"https:\/\/wp.pop-verlag.com\/index.php?rest_route=\/wp\/v2\/users\/2"}],"replies":[{"embeddable":true,"href":"https:\/\/wp.pop-verlag.com\/index.php?rest_route=%2Fwp%2Fv2%2Fcomments&post=5668"}],"version-history":[{"count":4,"href":"https:\/\/wp.pop-verlag.com\/index.php?rest_route=\/wp\/v2\/posts\/5668\/revisions"}],"predecessor-version":[{"id":5677,"href":"https:\/\/wp.pop-verlag.com\/index.php?rest_route=\/wp\/v2\/posts\/5668\/revisions\/5677"}],"wp:attachment":[{"href":"https:\/\/wp.pop-verlag.com\/index.php?rest_route=%2Fwp%2Fv2%2Fmedia&parent=5668"}],"wp:term":[{"taxonomy":"category","embeddable":true,"href":"https:\/\/wp.pop-verlag.com\/index.php?rest_route=%2Fwp%2Fv2%2Fcategories&post=5668"},{"taxonomy":"post_tag","embeddable":true,"href":"https:\/\/wp.pop-verlag.com\/index.php?rest_route=%2Fwp%2Fv2%2Ftags&post=5668"}],"curies":[{"name":"wp","href":"https:\/\/api.w.org\/{rel}","templated":true}]}}