{"id":5611,"date":"2021-02-14T10:58:09","date_gmt":"2021-02-14T10:58:09","guid":{"rendered":"https:\/\/wp.pop-verlag.com\/?p=5611"},"modified":"2022-03-21T08:07:53","modified_gmt":"2022-03-21T08:07:53","slug":"anton-sterbling-die-versunkene-republik","status":"publish","type":"post","link":"https:\/\/wp.pop-verlag.com\/?p=5611","title":{"rendered":"Anton Sterbling: Die versunkene Republik"},"content":{"rendered":"<div class=\"entry-content cf\">\n<p><strong><a href=\"https:\/\/wp.pop-verlag.com\/?3d-flip-book=978-3-86356-303-5_bub\" target=\"_blank\" rel=\"noopener\"><img loading=\"lazy\" decoding=\"async\" class=\"alignleft wp-image-5613 size-medium\" src=\"https:\/\/wp.pop-verlag.com\/wp-content\/uploads\/2021\/02\/978-3-86356-321-9-A_BuB-191x300.jpg\" alt=\"\" width=\"191\" height=\"300\" srcset=\"https:\/\/wp.pop-verlag.com\/wp-content\/uploads\/2021\/02\/978-3-86356-321-9-A_BuB-191x300.jpg 191w, https:\/\/wp.pop-verlag.com\/wp-content\/uploads\/2021\/02\/978-3-86356-321-9-A_BuB-768x1206.jpg 768w, https:\/\/wp.pop-verlag.com\/wp-content\/uploads\/2021\/02\/978-3-86356-321-9-A_BuB-652x1024.jpg 652w, https:\/\/wp.pop-verlag.com\/wp-content\/uploads\/2021\/02\/978-3-86356-321-9-A_BuB.jpg 1654w\" sizes=\"auto, (max-width: 191px) 100vw, 191px\" \/><\/a><img loading=\"lazy\" decoding=\"async\" class=\"alignleft wp-image-5615 size-medium\" src=\"https:\/\/wp.pop-verlag.com\/wp-content\/uploads\/2021\/02\/978-3-86356-321-9_B-205x300.jpg\" alt=\"\" width=\"205\" height=\"300\" srcset=\"https:\/\/wp.pop-verlag.com\/wp-content\/uploads\/2021\/02\/978-3-86356-321-9_B-205x300.jpg 205w, https:\/\/wp.pop-verlag.com\/wp-content\/uploads\/2021\/02\/978-3-86356-321-9_B-768x1124.jpg 768w, https:\/\/wp.pop-verlag.com\/wp-content\/uploads\/2021\/02\/978-3-86356-321-9_B-700x1024.jpg 700w, https:\/\/wp.pop-verlag.com\/wp-content\/uploads\/2021\/02\/978-3-86356-321-9_B.jpg 1654w\" sizes=\"auto, (max-width: 205px) 100vw, 205px\" \/><a href=\"http:\/\/wp.pop-verlag.com\/?page_id=2593\">Anton Sterbling<\/a>:\u00a0<a href=\"https:\/\/wp.pop-verlag.com\/?p=5611\">Die versunkene Republik<\/a><\/strong><br \/>\nErz\u00e4hlungen. Reihe: EPIK, Bd. 119. ISBN 978-3-86356-321-9, Pop Verlag, Ludwigsburg 2021, 280 Seiten. \u20ac[D]18,50.<\/p>\n<p>Die acht Erz\u00e4hlungen sind \u00fcber einige Motive und einzelne Gestalten lose miteinander wie auch hintergr\u00fcndig mit bestimmten Erz\u00e4hlstr\u00e4ngen des ersten Bandes \u201eKlimadelirium und andere furchtbare Erz\u00e4hlungen\u201c verbunden, wie der aufmerksame Leser erkennen wird. Sie handeln vom gescheiterten Gr\u00fcndungsversuch einer \u00bbBanater Republik\u00ab nach dem Ersten Weltkrieg, erz\u00e4hlt hundert Jahre sp\u00e4ter von einem Stadtschreiber in einem Kirchturm; von einem vormals wohlhabenden serbischen Kaufmann, der in der B\u0103r\u0103ganverschleppung vermutlich aus Habgier und Rache ermordet wurde; vom sechzehnj\u00e4hrigen Sohn eines Ersten Parteisekret\u00e4rs, der in einem Kurort in den Westkarpaten Selbstmord beging sowie dem weiteren erstaunlichen Lebens- und Karriereverlauf seines Vaters; von der Kindheit, Jugend und dem weiteren Lebensweg eines Banater Schwaben, der nicht mit seiner Familie aussiedeln wollte, sondern bei einer Armeemannschaft Fu\u00dfball spielte und Unteroffizier wurde; von einem Studenten der Geschichtswissenschaft, dem sein besonderes Interesse an der Geschichte der Zwischenkriegszeit und des Zweiten Weltkriegs zum Verh\u00e4ngnis wurde und der daher aus Rum\u00e4nien floh sowie von dessen merkw\u00fcrdigen, in diese Geschichte verwickelten rum\u00e4nischen Verwandten; von einem vom Milit\u00e4rdienst entlassenen jungen Deutschen, der, nicht ganz unverschuldet, auf Grund verh\u00e4ngnisvoller und verwirrender Umst\u00e4nde in den sp\u00e4ten Jahren der Ceau\u015fescu-Diktatur, ins Gef\u00e4ngnis kam; von einem rum\u00e4nischen Schriftsteller, den die Gespenster und langen Schatten der Vergangenheit bis ins Exil verfolgten; und schlie\u00dflich von einem habilitierten Historiker, der mit seiner milit\u00e4rgeschichtlichen Spezialisierung in eine berufliche Sackgasse geriet, der aber sp\u00e4ter einen anderen Karriereweg findet, der ihn in seine alte Heimat in S\u00fcdosteuropa zur\u00fcck f\u00fchrt.<\/p>\n<p><a href=\"http:\/\/www.pop-verlag-shop.com\/Anton-Sterbling-Die-versunkene-Republik\"><img loading=\"lazy\" decoding=\"async\" class=\"alignleft wp-image-5574 size-full\" src=\"https:\/\/wp.pop-verlag.com\/wp-content\/uploads\/2020\/12\/in-den-Warenkorb.jpg\" alt=\"\" width=\"163\" height=\"32\" \/><\/a><\/p>\n<p>&nbsp;<\/p>\n<p>Lieferbare Titel von<a href=\"http:\/\/wp.pop-verlag.com\/?page_id=2593\"><strong>\u00a0Anton Sterbling<\/strong><\/a>:<\/p>\n<ul>\n<li><strong><a href=\"http:\/\/wp.pop-verlag.com\/?p=470\">\u201eGrenzg\u00e4nge, Heimat, Wanderungen<\/a><\/strong>\u201c . Narrative \u00fcber das zerbrochene. Sinnmuster der Vergangenheit. ISBN 978-3-86356-054-6, 170 Seiten, \u20ac[D]14,80<\/li>\n<li><strong>Horst Samson<\/strong> <strong>&amp; <a href=\"http:\/\/wp.pop-verlag.com\/?page_id=2593\">Anton Sterbling<\/a><\/strong> (Hrsg.):<a href=\"http:\/\/wp.pop-verlag.com\/?p=2670\"><strong> \u201eDie Sprache, die auf das Nichts folgt, die kennen wir nicht. S\u00e4tze und Texte f\u00fcr Richard Wagner.\u201c<\/strong> <\/a>Mit Grafiken und Malereien von Walter Andreas Kirchner. Fragmentarium Reihe. 320 Seiten,\u00a0ISBN: 978-3-86356-174-1,\u00a0 \u20ac[D] 23,00<\/li>\n<li><strong>\u00dcber deutsche Dichter, Schriftsteller und Intellektuelle aus Rum\u00e4nien. <\/strong>Autorenportraits, Essays und Rezensionen.<a href=\"https:\/\/wp.pop-verlag.com\/?p=2670\">Richard Wagner<\/a>, Herta M\u00fcller, Paul Schuster, <a href=\"https:\/\/wp.pop-verlag.com\/?page_id=742\">Johann Lippet<\/a>, <a href=\"https:\/\/wp.pop-verlag.com\/?page_id=964\">Hellmut Seiler<\/a>, <a href=\"https:\/\/wp.pop-verlag.com\/?page_id=734\">Horst Samson<\/a>, Ilse Hehn,\u00a0Werner Kremm.Pop Universitas, Bd. 14, ISBN 978-3-86356-251-9, 216 Seiten, \u20ac[D]16,50<\/li>\n<li><strong><a href=\"https:\/\/wp.pop-verlag.com\/?p=4566\">Entr\u00fcckung in den Kopfstand<\/a><\/strong>. Gedichte und Texte 1968 bis 2019. Lyrikreihe Bd. 141; ISBN 978-3-86356-283-0; 141 Seiten, \u20ac[D]15,00<\/li>\n<li><strong><a href=\"https:\/\/wp.pop-verlag.com\/?p=5187\">Klimadelirium und andere furchtbare Erz\u00e4hlungen<\/a><\/strong>. Reihe Epik Bd. 113; ISBN: 978-3-86356-303-5; 244 Seiten, \u20ac[D]16,90<\/li>\n<li><strong>Ende einer Pandemie und weitere Erz\u00e4hlungen<\/strong>. Kartoniert mit Schutzumschlag (bedruckt).\u00a0 Reihe Epik Bd. 131; ISBN: 978-3-86356-357-8; 183 Seiten, \u20ac[D]16,50<\/li>\n<\/ul>\n<\/div>\n","protected":false},"excerpt":{"rendered":"<p>Anton Sterbling:\u00a0Die versunkene Republik Erz\u00e4hlungen. Reihe: EPIK, Bd. 119. ISBN 978-3-86356-321-9, Pop Verlag, Ludwigsburg 2021, 280 Seiten. \u20ac[D]18,50. Die acht Erz\u00e4hlungen sind \u00fcber einige Motive und einzelne Gestalten lose miteinander wie auch hintergr\u00fcndig mit bestimmten Erz\u00e4hlstr\u00e4ngen des ersten Bandes \u201eKlimadelirium &hellip; <a class=\"more-link\" href=\"https:\/\/wp.pop-verlag.com\/?p=5611\">Weiterlesen <span class=\"meta-nav\">&rarr;<\/span><\/a><\/p>\n","protected":false},"author":2,"featured_media":0,"comment_status":"closed","ping_status":"closed","sticky":false,"template":"","format":"standard","meta":{"_jetpack_memberships_contains_paid_content":false,"footnotes":""},"categories":[248,21,20,23,9],"tags":[349,352,350,354,348,239,353,360,361,346,355,347,244,351,245,358,345,359,357,356],"class_list":["post-5611","post","type-post","status-publish","format-standard","hentry","category-e-erscheinungsjahr-2021","category-deutsch-rumaenische-literatur","category-deutsche-literatur","category-ost-suedosteuropaeische-literatur","category-pop-epik","tag-aktionsgruppe-banat","tag-banater-republik","tag-banater-schwaben","tag-baraganverschleppung","tag-berner-zeitung","tag-ceausescu","tag-deportation","tag-exil","tag-gefaengnis","tag-herta-mueller","tag-militaerdienst","tag-osteuropa","tag-rumaenien","tag-rumaeniendeutsche-literatur","tag-securitate","tag-suedosteuropa","tag-timisoara","tag-vergangenheit","tag-zweiten-weltkrieg","tag-zwischenkriegszeit"],"jetpack_sharing_enabled":true,"jetpack_featured_media_url":"","_links":{"self":[{"href":"https:\/\/wp.pop-verlag.com\/index.php?rest_route=\/wp\/v2\/posts\/5611","targetHints":{"allow":["GET"]}}],"collection":[{"href":"https:\/\/wp.pop-verlag.com\/index.php?rest_route=\/wp\/v2\/posts"}],"about":[{"href":"https:\/\/wp.pop-verlag.com\/index.php?rest_route=\/wp\/v2\/types\/post"}],"author":[{"embeddable":true,"href":"https:\/\/wp.pop-verlag.com\/index.php?rest_route=\/wp\/v2\/users\/2"}],"replies":[{"embeddable":true,"href":"https:\/\/wp.pop-verlag.com\/index.php?rest_route=%2Fwp%2Fv2%2Fcomments&post=5611"}],"version-history":[{"count":8,"href":"https:\/\/wp.pop-verlag.com\/index.php?rest_route=\/wp\/v2\/posts\/5611\/revisions"}],"predecessor-version":[{"id":6166,"href":"https:\/\/wp.pop-verlag.com\/index.php?rest_route=\/wp\/v2\/posts\/5611\/revisions\/6166"}],"wp:attachment":[{"href":"https:\/\/wp.pop-verlag.com\/index.php?rest_route=%2Fwp%2Fv2%2Fmedia&parent=5611"}],"wp:term":[{"taxonomy":"category","embeddable":true,"href":"https:\/\/wp.pop-verlag.com\/index.php?rest_route=%2Fwp%2Fv2%2Fcategories&post=5611"},{"taxonomy":"post_tag","embeddable":true,"href":"https:\/\/wp.pop-verlag.com\/index.php?rest_route=%2Fwp%2Fv2%2Ftags&post=5611"}],"curies":[{"name":"wp","href":"https:\/\/api.w.org\/{rel}","templated":true}]}}