{"id":558,"date":"2015-09-01T07:24:03","date_gmt":"2015-09-01T07:24:03","guid":{"rendered":"http:\/\/wp.pop-verlag.com\/?p=558"},"modified":"2015-09-01T07:30:36","modified_gmt":"2015-09-01T07:30:36","slug":"rezension-bosko-tomasecic-risse","status":"publish","type":"post","link":"https:\/\/wp.pop-verlag.com\/?p=558","title":{"rendered":"Rezension Bo\u0161ko Toma\u0161evi\u0107: &#8222;Risse&#8220;"},"content":{"rendered":"<p><a href=\"http:\/\/wp.pop-verlag.com\/wp-content\/uploads\/2015\/04\/boskotomasevic_risse.jpg\"><img loading=\"lazy\" decoding=\"async\" class=\"alignnone size-medium wp-image-98\" src=\"http:\/\/wp.pop-verlag.com\/wp-content\/uploads\/2015\/04\/boskotomasevic_risse-208x300.jpg\" alt=\"boskotomasevic_risse\" width=\"208\" height=\"300\" \/><br \/>\n<\/a><strong>Gedichtband mit Zeitmaschine und Wittgenstein<\/strong><br \/>\nBo\u0161co Toma\u0161evi\u0107s Himmel hat Risse<\/p>\n<p><strong>Christine Kappe<\/strong><br \/>\nver\u00f6ffentlicht auf <strong><a href=\"http:\/\/www.fixpoetry.com\/feuilleton\/kritiken\/bosko-tomasevic\/risse\" target=\"_blank\">fixpoetry<\/a><\/strong><\/p>\n<hr \/>\n<p>Bo\u0161co Toma\u0161evi\u0107 &#8222;Risse&#8220;, Pop Verlag 2015, ISBN 978-3-86356-099-7, 15,50 Euro<\/p>\n","protected":false},"excerpt":{"rendered":"<p>Gedichtband mit Zeitmaschine und Wittgenstein Bo\u0161co Toma\u0161evi\u0107s Himmel hat Risse Christine Kappe ver\u00f6ffentlicht auf fixpoetry Bo\u0161co Toma\u0161evi\u0107 &#8222;Risse&#8220;, Pop Verlag 2015, ISBN 978-3-86356-099-7, 15,50 Euro &hellip; <a class=\"more-link\" href=\"https:\/\/wp.pop-verlag.com\/?p=558\">Weiterlesen <span class=\"meta-nav\">&rarr;<\/span><\/a><\/p>\n","protected":false},"author":1,"featured_media":0,"comment_status":"closed","ping_status":"closed","sticky":false,"template":"","format":"standard","meta":{"_jetpack_memberships_contains_paid_content":false,"footnotes":""},"categories":[2,12],"tags":[199,48],"class_list":["post-558","post","type-post","status-publish","format-standard","hentry","category-rezensionen","category-rezensionen-lyrik","tag-bosco-tomasevic","tag-risse"],"jetpack_sharing_enabled":true,"jetpack_featured_media_url":"","_links":{"self":[{"href":"https:\/\/wp.pop-verlag.com\/index.php?rest_route=\/wp\/v2\/posts\/558","targetHints":{"allow":["GET"]}}],"collection":[{"href":"https:\/\/wp.pop-verlag.com\/index.php?rest_route=\/wp\/v2\/posts"}],"about":[{"href":"https:\/\/wp.pop-verlag.com\/index.php?rest_route=\/wp\/v2\/types\/post"}],"author":[{"embeddable":true,"href":"https:\/\/wp.pop-verlag.com\/index.php?rest_route=\/wp\/v2\/users\/1"}],"replies":[{"embeddable":true,"href":"https:\/\/wp.pop-verlag.com\/index.php?rest_route=%2Fwp%2Fv2%2Fcomments&post=558"}],"version-history":[{"count":3,"href":"https:\/\/wp.pop-verlag.com\/index.php?rest_route=\/wp\/v2\/posts\/558\/revisions"}],"predecessor-version":[{"id":561,"href":"https:\/\/wp.pop-verlag.com\/index.php?rest_route=\/wp\/v2\/posts\/558\/revisions\/561"}],"wp:attachment":[{"href":"https:\/\/wp.pop-verlag.com\/index.php?rest_route=%2Fwp%2Fv2%2Fmedia&parent=558"}],"wp:term":[{"taxonomy":"category","embeddable":true,"href":"https:\/\/wp.pop-verlag.com\/index.php?rest_route=%2Fwp%2Fv2%2Fcategories&post=558"},{"taxonomy":"post_tag","embeddable":true,"href":"https:\/\/wp.pop-verlag.com\/index.php?rest_route=%2Fwp%2Fv2%2Ftags&post=558"}],"curies":[{"name":"wp","href":"https:\/\/api.w.org\/{rel}","templated":true}]}}