{"id":5498,"date":"2020-11-14T07:18:05","date_gmt":"2020-11-14T07:18:05","guid":{"rendered":"https:\/\/wp.pop-verlag.com\/?p=5498"},"modified":"2020-11-17T04:15:00","modified_gmt":"2020-11-17T04:15:00","slug":"theo-breuer-nicht-weniger-nicht-mehr-gedichte","status":"publish","type":"post","link":"https:\/\/wp.pop-verlag.com\/?p=5498","title":{"rendered":"Theo Breuer: nicht weniger nicht mehr. \u203aGedichte\u2039"},"content":{"rendered":"<p><img loading=\"lazy\" decoding=\"async\" class=\"alignleft size-medium wp-image-5499\" src=\"https:\/\/wp.pop-verlag.com\/wp-content\/uploads\/2020\/11\/978-3-86356-317-2_A_BuB-191x300.jpg\" alt=\"\" width=\"191\" height=\"300\" srcset=\"https:\/\/wp.pop-verlag.com\/wp-content\/uploads\/2020\/11\/978-3-86356-317-2_A_BuB-191x300.jpg 191w, https:\/\/wp.pop-verlag.com\/wp-content\/uploads\/2020\/11\/978-3-86356-317-2_A_BuB-768x1206.jpg 768w, https:\/\/wp.pop-verlag.com\/wp-content\/uploads\/2020\/11\/978-3-86356-317-2_A_BuB-652x1024.jpg 652w, https:\/\/wp.pop-verlag.com\/wp-content\/uploads\/2020\/11\/978-3-86356-317-2_A_BuB.jpg 1654w\" sizes=\"auto, (max-width: 191px) 100vw, 191px\" \/>\u00a0<strong><a href=\"http:\/\/wp.pop-verlag.com\/?page_id=1087\">Theo Breuer<\/a><\/strong>: <a href=\"https:\/\/wp.pop-verlag.com\/?p=5498\"><strong>nicht weniger nicht mehr. \u203aGedichte\u2039<\/strong><\/a><\/p>\n<p>Reihe Lyrik Bd. 151, 133 Seiten, ISBN 978-3-86356-317-2, \u20ac[D]14,50<\/p>\n<p><em>Wir wollen weniger erhoben, \/ Und flei\u00dfiger gelesen sein<\/em>, lesen wir in einem bekannten Vierzeiler Gotthold Ephraim Lessings. Kann man \u201eflei\u00dfiger lesen\u201c, als Theo Breuer es bekannterma\u00dfen sein Leben lang tut? Und kann man kreativer, lebendiger die Rezeption literarischer Texte f\u00fcr die Produktion ebensolcher nutzen, Leseimpression origineller in Schreibexpression verwandeln, als Theo Breuer es \u2013 eindringlicher denn je \u2013 im neuen Gedichtbuch <strong>nicht weniger nicht mehr<\/strong> handhabt, in dem es auf 133 Seiten <em>suchstaben<\/em> und W\u00f6rter und Verse auf Breuers unnachahmliche Weise <em>regnet <\/em>(prasselt \u2026) und in dessen Gedichten die Buchstaben vom ersten bis zum vierten Kapitel atmen, hopsen, perlen, sprudeln, dass es <em>seine Art<\/em> hat.<\/p>\n<p>Furios und mitrei\u00dfend \u2013 um je ein Beispiel aus den vier Kapiteln mit hier (sehr) kurzen, dort (sehr) langen Gedichten zu benennen \u2013 die Gedichte <em>es war<\/em>, <em>nicht die bohne<\/em>,<em> und lesen<\/em> oder <em>zeit der schl\u00fcsse<\/em>, in dessen sieben Versen soviel Welt, soviel Para- und Gegenwelt steckt, dass es einem Frevel gleichk\u00e4me, einzelne Aspekte einem Kommentar zu unterwerfen. Manches, das an der Oberfl\u00e4che wie reines Spiel mit W\u00f6rtern wirken mag, wird, n\u00e4her betrachtet, zum <em>glutigen<\/em> Ernst. Ja, Kurt Schwitters hat es bis zum bitteren Ende vorgemacht: <em>Wir spielen, bis uns der Tod abholt<\/em>. Aber was, bitte, ist denn das f\u00fcr ein \u201aSpiel\u2018, in dem einem immer wieder das Lachen im Halse stecken bleibt \u2013 wenn etwa im <em>wortversuch<\/em> : <em>ein mord \/ den \/ andren \/ gibt<\/em>?!<\/p>\n<p>Neben dem Reim (mit dessen \u201aunerh\u00f6rten\u2018 M\u00f6glichkeiten wortw\u00e4hrend \u201agespielt\u2018 wird) ist das Paragramm fester Bestandteil in Breuer Wortwerkzeugkasten. Welch enorme Erweiterung wird hier m\u00f6glich durch den Austausch eines Buchstabens: Zun\u00e4chst wird der Leser \u2013 naturgem\u00e4\u00df \u2013 bei \u201aglutig\u2018 an das Ursprungswort \u201ablutig\u2018 denken, um reflexiv und \u201amutig\u2018 weitere Paragramme zu bilden und so \u2013 dank eines einzigen Buchstabens \u2013 in ungeahnte Worttr\u00e4ume vorzuschwingen.<\/p>\n<p>Die Gedichte des ersten Kapitels \u2013 eine siebenteilige, essayistisch angehauchte Lyriksequenz \u2013 sind Werk und Wirken Paul Celans gewidmet, dessen hundertstem Geburtstag und f\u00fcnfzigstem Todestag wir 2020 gedenken: <em>morgens moosgr\u00fcn m\u00fc\u00dfig zwischen maar moor mayr\u00f6cker \/ liegt der stein der leisen <\/em>setzt das Gedicht <em>da :<\/em> ein, das den Leser \u2013 ausgehend von pers\u00f6nlich erlebter <em>wlan<\/em>-Gegenwart \u2013 im <em>schneewahn<\/em> zur\u00fcck in unheilvolle Zeiten katapultiert, deren Grauen Celan so unmittelbar erfuhr.<\/p>\n<p>Genug des \u201eErhebens\u201c. Auch Theo Breuers Gedichtbuch <em>nicht weniger nicht mehr<\/em> will : <em>flei\u00dfiger gelesen sein<\/em> \u2026<\/p>\n<p>Lieferbare Titel von <strong><a href=\"http:\/\/wp.pop-verlag.com\/?page_id=1087\">Theo Breuer<\/a><\/strong>:<\/p>\n<ul>\n<li><a href=\"https:\/\/wp.pop-verlag.com\/?p=233\"><strong>Das gewonnene Alphabet<\/strong><\/a>. Gedichte. 122 Seiten. Reihe Lyrik Bd. 54. ISBN 978-3-86356-039-3. <strong>2012<\/strong>. \u20ac[D]12,00.<\/li>\n<li><strong><a href=\"http:\/\/wp.pop-verlag.com\/?p=2366\">Zischender Zustand. Mayr\u00f6cker Time<\/a><\/strong>. Reihe Lesezeichen Bd. 1. ISBN 978-3-86356-152-9. 200 Seiten. <strong>2017<\/strong>. \u20ac[D]16,90.<\/li>\n<li><strong><a href=\"https:\/\/wp.pop-verlag.com\/?p=4048\">Scherben saufen.\u00a0<\/a><\/strong> 171 Seiten. Reihe Lyrik Bd. 129. ISBN 978-3-86356-265-6. <strong>2019<\/strong>. \u20ac[D]15,90.<\/li>\n<li><strong><a href=\"https:\/\/wp.pop-verlag.com\/?p=4436\">Winterbienen im Urftland.<\/a><a href=\"https:\/\/wp.pop-verlag.com\/?p=4436\"> Empfundene \/ erfundene Welten in Norbert Scheuers Gedichten und Geschichten<\/a><\/strong>. 128 Seiten. Reihe Lesezeichen Bd. 5. ISBN 978-3-86356-277-9. <strong>2019<\/strong>. \u20ac[D]12,80.<\/li>\n<\/ul>\n<ul>\n<li><a href=\"https:\/\/wp.pop-verlag.com\/?p=5498\"><strong>nicht weniger nicht mehr. <\/strong>\u203aGedichte\u2039<\/a>. <strong><a href=\"https:\/\/wp.pop-verlag.com\/?p=5498\">\u00a0<\/a><\/strong>Reihe Lyrik Bd. 151, 133 Seiten, ISBN 978-3-86356-317-2. <strong>2021<\/strong> \u20ac[D]14,50.<\/li>\n<\/ul>\n<p><em>Herausgabe <\/em><\/p>\n<p>Matrix <em>\u00a0<\/em><\/p>\n<ul>\n<li><strong>Matrix 28<em>. <\/em>Atmendes Alphabet f\u00fcr <a href=\"https:\/\/www.edition-matrix.com\/matrix-22012-28-%e2%80%a2-atmendes-alphabet-fuer-friederike-mayroecker\/\">Friederike Mayr\u00f6cker<\/a><\/strong>. 294 Seiten. <strong>2012<\/strong>. ISSN 1861-8006. \u20ac[D]10,00.<\/li>\n<li><strong><a href=\"https:\/\/www.edition-matrix.com\/matrix-42012-30-%e2%80%a2-jeder-auf-seine-art-fuer-hans-bender\/\">Matrix 29. Jeder auf seine Art f\u00fcr Hans Bender<\/a><\/strong>. 200 Seiten. <strong>2012<\/strong>. ISSN 1861-8006. \u20ac[D]10,00.<\/li>\n<li><strong><a href=\"https:\/\/www.edition-matrix.com\/matrix-februar-2014-axel-kutsch\/\">Matrix 36. Axel Kutsch spannt Versnetze \u00fcbers Wortland<\/a><\/strong>. 242 Seiten. <strong>2014<\/strong>. ISSN 1861-8006. \u20ac[D]10,00.<\/li>\n<li><strong>Matrix 58<em>.<\/em> Zwanzig Tage \u2013 zwanzig Romane\u00a0: Ein Buchspiel<\/strong><strong>. <\/strong>228 Seiten. <strong>2019<\/strong>. ISSN 1861-8006. \u20ac[D]15,00.<\/li>\n<\/ul>\n<p>Einzeltitel<\/p>\n<ul>\n<li><strong><a href=\"https:\/\/wp.pop-verlag.com\/?p=4064\">Hinter die dunkle T\u00fcr<\/a><\/strong>. Vierzeiler 2013 \u2013 2015.\u00a0 Vorwort und <em>Gespr\u00e4ch mit Hans Bender<\/em> von Theo Breuer. 137 Seiten. Lyrik Bd. 125. ISBN 978-3-86356-257-1. <strong>2019<\/strong>. \u20ac[D]14,90.\u00a0<em><br \/>\n<\/em><\/li>\n<\/ul>\n<p><em>\u00dcbertragung<\/em><em>\u00a0<\/em><\/p>\n<ul>\n<li><strong><a href=\"https:\/\/wp.pop-verlag.com\/?p=4410\">Admiel Kosman:\u00a0 Aus dem Zwischen des Hohelied<\/a>s<\/strong>. Ausgew\u00e4hlte Gedichte.\u00a0Aus dem Hebr\u00e4ischen \u00fcbertragen von Edith Lutz in Zusammenarbeit mit Theo Breuer und Udi Levy. Mit Vor- und Nachwort herausgegeben von Edith Lutz. 116 Seiten. Lyrik Bd. 132. <strong>2019<\/strong>. ISBN 978-3-86356-271-7. \u20ac[D]12,80.<\/li>\n<\/ul>\n<p>&nbsp;<\/p>\n","protected":false},"excerpt":{"rendered":"<p>\u00a0Theo Breuer: nicht weniger nicht mehr. \u203aGedichte\u2039 Reihe Lyrik Bd. 151, 133 Seiten, ISBN 978-3-86356-317-2, \u20ac[D]14,50 Wir wollen weniger erhoben, \/ Und flei\u00dfiger gelesen sein, lesen wir in einem bekannten Vierzeiler Gotthold Ephraim Lessings. Kann man \u201eflei\u00dfiger lesen\u201c, als Theo &hellip; <a class=\"more-link\" href=\"https:\/\/wp.pop-verlag.com\/?p=5498\">Weiterlesen <span class=\"meta-nav\">&rarr;<\/span><\/a><\/p>\n","protected":false},"author":2,"featured_media":0,"comment_status":"closed","ping_status":"closed","sticky":false,"template":"","format":"standard","meta":{"_jetpack_memberships_contains_paid_content":false,"footnotes":""},"categories":[248,20,8],"tags":[266,309,330,319,294,265,279,282,321,255,324,308,273,318,157,320,293,297,315,269,317,250,259,329,256,267,311,298,291,251,268,287,331,307,264,34,27,276,275,327,301,283,270,314,254,253,316,257,277,306,300,310,290,299,252,288,304,285,249,284,280,296,295,271,292,322,286,272,281,260,313,305,323,263,326,289,303,302,278,262,274,312,328,258,261,325],"class_list":["post-5498","post","type-post","status-publish","format-standard","hentry","category-e-erscheinungsjahr-2021","category-deutsche-literatur","category-pop-lyrik","tag-admiel-kosman","tag-andreas-noga","tag-anglistik","tag-anthologie","tag-artemis-winkler","tag-aus-dem-hinterland","tag-axel-kutsch","tag-bensch","tag-black-box","tag-buch","tag-buervenich","tag-christoph-leisten","tag-corvinus-presse","tag-das-froehliche-wohnzimmer","tag-dato-barbakadse","tag-der-blaue-schmetterling","tag-deutsche-verlags-anstalt","tag-die-horen","tag-edition-art-science","tag-edition-bauwagen","tag-edition-faust","tag-edition-ye","tag-eifel","tag-england","tag-ernst-jandl","tag-essay","tag-faltblatt","tag-freibord","tag-freudenalphabet","tag-friederike-mayroecker","tag-gedicht","tag-gemaeldegedicht","tag-germanistik","tag-guillermo-deisler","tag-hans-bender","tag-harald-groehler","tag-horst-samson","tag-kastanie","tag-kiesel","tag-koeln","tag-konzepte","tag-kraus","tag-kuenstlerbuch","tag-kunstschachtel","tag-lektuere","tag-lesen","tag-lilienfeld-verlag","tag-lyrik","tag-lyrikkalender","tag-mail-art","tag-manuskripte","tag-maximilian-zander","tag-mittendrin","tag-muschelhaufen","tag-norbert-scheuer","tag-ohne-punkt-und-komma","tag-ostragehege","tag-paragramm","tag-paul-celan","tag-peer-quer","tag-poesie-agenda","tag-poet","tag-poetenladen","tag-pop-verlag","tag-reclam","tag-redfoxpress","tag-reim","tag-richard-berengarten","tag-rolf-dieter-brinkmann","tag-scherben-saufen","tag-schreibwerkstatt","tag-signum","tag-silver-horse-edition","tag-sistig","tag-steinfeld","tag-stillstand-in-der-arena","tag-traian-pop","tag-triedere","tag-versnetze","tag-winterbienen-im-urftland","tag-wolkenstein-verlag","tag-wortrakete","tag-wuppertal","tag-zeitgenoessische-lyrik","tag-zischender-zustand","tag-zuelpich"],"jetpack_sharing_enabled":true,"jetpack_featured_media_url":"","_links":{"self":[{"href":"https:\/\/wp.pop-verlag.com\/index.php?rest_route=\/wp\/v2\/posts\/5498","targetHints":{"allow":["GET"]}}],"collection":[{"href":"https:\/\/wp.pop-verlag.com\/index.php?rest_route=\/wp\/v2\/posts"}],"about":[{"href":"https:\/\/wp.pop-verlag.com\/index.php?rest_route=\/wp\/v2\/types\/post"}],"author":[{"embeddable":true,"href":"https:\/\/wp.pop-verlag.com\/index.php?rest_route=\/wp\/v2\/users\/2"}],"replies":[{"embeddable":true,"href":"https:\/\/wp.pop-verlag.com\/index.php?rest_route=%2Fwp%2Fv2%2Fcomments&post=5498"}],"version-history":[{"count":6,"href":"https:\/\/wp.pop-verlag.com\/index.php?rest_route=\/wp\/v2\/posts\/5498\/revisions"}],"predecessor-version":[{"id":5501,"href":"https:\/\/wp.pop-verlag.com\/index.php?rest_route=\/wp\/v2\/posts\/5498\/revisions\/5501"}],"wp:attachment":[{"href":"https:\/\/wp.pop-verlag.com\/index.php?rest_route=%2Fwp%2Fv2%2Fmedia&parent=5498"}],"wp:term":[{"taxonomy":"category","embeddable":true,"href":"https:\/\/wp.pop-verlag.com\/index.php?rest_route=%2Fwp%2Fv2%2Fcategories&post=5498"},{"taxonomy":"post_tag","embeddable":true,"href":"https:\/\/wp.pop-verlag.com\/index.php?rest_route=%2Fwp%2Fv2%2Ftags&post=5498"}],"curies":[{"name":"wp","href":"https:\/\/api.w.org\/{rel}","templated":true}]}}